{"id":17553,"date":"2013-11-21T23:04:53","date_gmt":"2013-11-22T05:04:53","guid":{"rendered":"http:\/\/www.eloriente.net\/home\/?p=17553"},"modified":"2013-11-22T11:45:14","modified_gmt":"2013-11-22T17:45:14","slug":"museo-de-arte-contemporaneo-de-oaxaca-anuncia-posible-cierre","status":"publish","type":"post","link":"http:\/\/www.eloriente.net\/home\/2013\/11\/21\/museo-de-arte-contemporaneo-de-oaxaca-anuncia-posible-cierre\/","title":{"rendered":"Museo de Arte Contempor\u00e1neo de Oaxaca anuncia posible cierre; Gobierno reacciona, entrega subsidio"},"content":{"rendered":"<p><strong>eloriente.net<\/strong><\/p>\n<p><strong>Actualizaci\u00f3n 21 de noviembre<\/strong><\/p>\n<p>La oficina de difusi\u00f3n del Museo de Arte Contempor\u00e1neo de Oaxaca (MACO) distribuy\u00f3 una nueva misiva en seguimiento de la publicada el d\u00eda 20 en ELORIENTE.NET:<\/p>\n<p><strong><a href=\"http:\/\/www.eloriente.net\/home\/wp-content\/uploads\/2013\/11\/Maco-2.jpg\"><img loading=\"lazy\" decoding=\"async\" class=\"alignnone size-full wp-image-17588 aligncenter\" title=\"Maco 2\" src=\"http:\/\/www.eloriente.net\/home\/wp-content\/uploads\/2013\/11\/Maco-2.jpg\" alt=\"\" width=\"402\" height=\"543\" srcset=\"http:\/\/www.eloriente.net\/home\/wp-content\/uploads\/2013\/11\/Maco-2.jpg 402w, http:\/\/www.eloriente.net\/home\/wp-content\/uploads\/2013\/11\/Maco-2-222x300.jpg 222w\" sizes=\"(max-width: 402px) 100vw, 402px\" \/><\/a>eloriente.net<\/strong><\/p>\n<p><strong>20 de noviembre de 2013<\/strong><\/p>\n<p>Esta tarde, a trav\u00e9s de la oficina de difusi\u00f3n del Museo de Arte Contempor\u00e1neo de Oaxaca (MACO), la instituci\u00f3n ha convocado a una rueda de prensa a las 17 horas \u00aben relaci\u00f3n a la posibilidad de cerrar el museo\u00bb.<\/p>\n<p>La convocatoria est\u00e1 acompa\u00f1ada de una carta en la cual se explican a grandes trazos las razones por las cuales se pone sobre la mesa la posibilidad del cierre de este emblem\u00e1tico centro cultural de Oaxaca.<a href=\"http:\/\/www.eloriente.net\/home\/wp-content\/uploads\/2013\/11\/CARTA-MACO-CIERRE-ELORIENTE.NET_.jpg\"><img loading=\"lazy\" decoding=\"async\" class=\"wp-image-17554 aligncenter\" title=\"CARTA MACO CIERRE ELORIENTE.NET\" src=\"http:\/\/www.eloriente.net\/home\/wp-content\/uploads\/2013\/11\/CARTA-MACO-CIERRE-ELORIENTE.NET_-791x1024.jpg\" alt=\"\" width=\"546\" height=\"707\" srcset=\"http:\/\/www.eloriente.net\/home\/wp-content\/uploads\/2013\/11\/CARTA-MACO-CIERRE-ELORIENTE.NET_-791x1024.jpg 791w, http:\/\/www.eloriente.net\/home\/wp-content\/uploads\/2013\/11\/CARTA-MACO-CIERRE-ELORIENTE.NET_-231x300.jpg 231w, http:\/\/www.eloriente.net\/home\/wp-content\/uploads\/2013\/11\/CARTA-MACO-CIERRE-ELORIENTE.NET_-1024x1325.jpg 1024w, http:\/\/www.eloriente.net\/home\/wp-content\/uploads\/2013\/11\/CARTA-MACO-CIERRE-ELORIENTE.NET_.jpg 1275w\" sizes=\"(max-width: 546px) 100vw, 546px\" \/><\/a><\/p>\n<p><strong>Informaci\u00f3n Oficial del 20 de Noviembre de 2013:<\/strong><\/p>\n<p><strong>El subsidio estatal ser\u00e1 destinado para la conclusi\u00f3n de proyectos culturales y sufragar los d\u00e9ficits ocasionados por el calendario de exposiciones presentadas en el MACO, a lo largo de 2013.<\/strong><\/p>\n<p>El Gobierno del Estado, a trav\u00e9s de la Secretar\u00eda de las Culturas y Artes de Oaxaca (SECULTA), entreg\u00f3 este mi\u00e9rcoles una bolsa del orden de 2 millones de pesos al Museo de Arte Contempor\u00e1neo de Oaxaca (MACO), derivado de las participaciones estatales que por ley le corresponde a este importante organismo cultural.<\/p>\n<p>El titular de la SECULTA, Francisco Mart\u00ednez Neri, indic\u00f3 que los recursos fueron entregados a la mesa directiva de la Asociaci\u00f3n Amigos del Museo, cuyo presupuesto corresponde a la asignaci\u00f3n anual que la administraci\u00f3n del Gobernador Gabino Cu\u00e9 Monteagudo destina para sufragar las actividades administrativas y muse\u00edsticas del MACO.<\/p>\n<p>El funcionario estatal indic\u00f3 que luego de gestionar y dialogar con funcionarios de la Secretar\u00eda de Finanzas para entregar este subsidio, se acord\u00f3 realizar el pago de las participaciones estatales del periodo septiembre-diciembre al Museo de Arte Contempor\u00e1neo de Oaxaca.<\/p>\n<p>Mart\u00ednez Neri destac\u00f3 que esta entrega permitir\u00e1 la conclusi\u00f3n de proyectos y exposiciones que el MACO tiene previstos en lo que resta del presente a\u00f1o.<\/p>\n<p>En tanto, la directora del organismo cultural, Cecilia Ming\u00fcer, indic\u00f3 con este recurso podr\u00e1n sufragar adem\u00e1s los d\u00e9ficits ocasionados por el atraso en el pago de exposiciones presentadas en el MACO, a lo largo de 2013.<\/p>\n<p><strong>Oaxaca de Ju\u00e1rez, 20 de noviembre de 2013\u00a0<\/strong><\/p>\n<p>&nbsp;<\/p>\n<p><strong>Anteriores:<\/strong><\/p>\n<div id=\"post-17520\">\n<p><a title=\"Permalink to Suiza desembolsa 1,5 millones de francos para recuperar un dibujo de Van Gogh\" href=\"http:\/\/www.eloriente.net\/home\/2013\/11\/18\/suiza-desembolsa-15-millones-de-francos-para-recuperar-un-dibujo-de-van-gogh\/\" rel=\"bookmark\">Suiza desembolsa 1,5 millones de francos para recuperar un dibujo de Van Gogh<\/a><\/p>\n<p><a href=\"http:\/\/www.eloriente.net\/home\/2013\/11\/18\/suiza-desembolsa-15-millones-de-francos-para-recuperar-un-dibujo-de-van-gogh\/\" rel=\"bookmark\"><img decoding=\"async\" title=\"Suiza desembolsa 1,5 millones de francos para recuperar un dibujo de Van Gogh\" src=\"http:\/\/www.eloriente.net\/home\/wp-content\/themes\/city-desk\/timthumb.php?src=http%3A%2F%2Fwww.eloriente.net%2Fhome%2Fwp-content%2Fuploads%2F2013%2F11%2FDibujo-Van-Gogh-n22.jpg&amp;q=90&amp;w=160&amp;h=106&amp;zc=1\" alt=\"Suiza desembolsa 1,5 millones de francos para recuperar un dibujo de Van Gogh\" \/><\/a>eloriente.net\/Agencia de Noticias de Canal 22 18 de noviembre de 2013 GINEBRA, Suiza, (N22\/AFP) .-\u00a0Suiza tuvo que desembolsar cerca de 1,5 millones de francos suizos (1,2 millones de euros) en gastos de abogados en Estados Unidos para recuperar un dibujo de Vincent Van Gogh que hab\u00eda recibido de regalo, inform\u00f3 el viernes el diario Tages [&#8230;]<\/p>\n<p>November 18, 2013<\/p>\n<\/div>\n<div id=\"post-16467\">\n<p><a title=\"Permalink to Solidaridad en Centros de Acopio de v\u00edveres en Oaxaca\" href=\"http:\/\/www.eloriente.net\/home\/2013\/09\/17\/solidaridad-en-centros-de-acopio-de-viveres-en-oaxaca\/\" rel=\"bookmark\">Solidaridad en Centros de Acopio de v\u00edveres en Oaxaca<\/a><\/p>\n<p><a href=\"http:\/\/www.eloriente.net\/home\/2013\/09\/17\/solidaridad-en-centros-de-acopio-de-viveres-en-oaxaca\/\" rel=\"bookmark\"><img decoding=\"async\" title=\"Solidaridad en Centros de Acopio de v\u00edveres en Oaxaca\" src=\"http:\/\/www.eloriente.net\/home\/wp-content\/themes\/city-desk\/timthumb.php?src=http%3A%2F%2Fwww.eloriente.net%2Fhome%2Fwp-content%2Fuploads%2F2013%2F09%2F170913-smn.png&amp;q=90&amp;w=160&amp;h=106&amp;zc=1\" alt=\"Solidaridad en Centros de Acopio de v\u00edveres en Oaxaca\" \/><\/a>eloriente.net 18 de septiembre de 2013 Adicionalmente a los Centros de Acopio que abajo se mencionan, el DIF estatal tambi\u00e9n est\u00e1 recibiendo v\u00edveres: \u00a0 CENTROS DE ACOPIO: Gral. Vicente Guerrero 114 Col. Miguel Alem\u00e1n y Ju\u00e1rez 914 Col. Centro ( a un costado gasolinera DIF) 8:00 am a 5:00 pm. \u2014 DIF Oaxaca (@DIF_Oaxaca) September [&#8230;]<\/p>\n<p>September 17, 2013<\/p>\n<\/div>\n<p><a title=\"Permalink to Gabriel Macotela impartir\u00e1 taller en CaSa\" href=\"http:\/\/www.eloriente.net\/home\/2013\/08\/28\/gabriel-macotela-impartira-taller-en-casa\/\" rel=\"bookmark\">Gabriel Macotela impartir\u00e1 taller en CaSa<\/a><\/p>\n<p><a href=\"http:\/\/www.eloriente.net\/home\/2013\/08\/28\/gabriel-macotela-impartira-taller-en-casa\/\" rel=\"bookmark\"><img decoding=\"async\" title=\"Gabriel Macotela impartir\u00e1 taller en CaSa\" src=\"http:\/\/www.eloriente.net\/home\/wp-content\/themes\/city-desk\/timthumb.php?src=http%3A%2F%2Fwww.eloriente.net%2Fhome%2Fwp-content%2Fuploads%2F2013%2F08%2F%40GabrielMacotela.jpg&amp;q=90&amp;w=160&amp;h=106&amp;zc=1\" alt=\"Gabriel Macotela impartir\u00e1 taller en CaSa\" \/><\/a><\/p>\n<p>todooaxacaradio.com\/ CaSa 27 de agosto del 2013 El Centro de las Artes de San Agust\u00edn anunci\u00f3 y est\u00e1 convocando a participar en el Taller de Pintura y Experimentaci\u00f3n impartido por el maestro Gabriel Macotela. En este taller se ense\u00f1ar\u00e1n distintas t\u00e9cnicas dentro de la pintura y se experimentar\u00e1 con distintos materiales para incluirlos dentro del [&#8230;]<\/p>\n<p>August 28, 2013<\/p>\n\n\t\t\t  <div \n\t\t\t  \tclass = \"fb-comments\" \n\t\t\t  \tdata-href = \"http:\/\/www.eloriente.net\/home\/2013\/11\/21\/museo-de-arte-contemporaneo-de-oaxaca-anuncia-posible-cierre\/\"\n\t\t\t  \tdata-numposts = \"10\"\n\t\t\t\tdata-colorscheme = \"dark\"\n\t\t\t\tdata-order-by = \"social\"\n\t\t\t\tdata-mobile=true>\n\t\t\t  <\/div>\n\t\t  <style>\n\t\t\t.fb_iframe_widget_fluid_desktop iframe {\n\t\t\t    width: 100% !important;\n\t\t\t}\n\t\t  <\/style>\n\t\t  ","protected":false},"excerpt":{"rendered":"<p>eloriente.net Actualizaci\u00f3n 21 de noviembre La oficina de difusi\u00f3n del Museo de Arte Contempor\u00e1neo de Oaxaca (MACO) distribuy\u00f3 una nueva misiva en seguimiento de la publicada el d\u00eda 20 en ELORIENTE.NET: eloriente.net 20 de noviembre de 2013 Esta tarde, a trav\u00e9s de la oficina de difusi\u00f3n del Museo de Arte Contempor\u00e1neo de Oaxaca (MACO), la [&hellip;]<\/p>\n","protected":false},"author":1,"featured_media":17554,"comment_status":"open","ping_status":"open","sticky":false,"template":"","format":"standard","meta":{"_jetpack_memberships_contains_paid_content":false,"footnotes":""},"categories":[29,18,32,10,31],"tags":[],"class_list":["post-17553","post","type-post","status-publish","format-standard","has-post-thumbnail","hentry","category-capital","category-educacion-y-cultura","category-entradas","category-lo-mas-reciente","category-principal"],"jetpack_featured_media_url":"http:\/\/www.eloriente.net\/home\/wp-content\/uploads\/2013\/11\/CARTA-MACO-CIERRE-ELORIENTE.NET_.jpg","jetpack_sharing_enabled":true,"_links":{"self":[{"href":"http:\/\/www.eloriente.net\/home\/wp-json\/wp\/v2\/posts\/17553"}],"collection":[{"href":"http:\/\/www.eloriente.net\/home\/wp-json\/wp\/v2\/posts"}],"about":[{"href":"http:\/\/www.eloriente.net\/home\/wp-json\/wp\/v2\/types\/post"}],"author":[{"embeddable":true,"href":"http:\/\/www.eloriente.net\/home\/wp-json\/wp\/v2\/users\/1"}],"replies":[{"embeddable":true,"href":"http:\/\/www.eloriente.net\/home\/wp-json\/wp\/v2\/comments?post=17553"}],"version-history":[{"count":4,"href":"http:\/\/www.eloriente.net\/home\/wp-json\/wp\/v2\/posts\/17553\/revisions"}],"predecessor-version":[{"id":17559,"href":"http:\/\/www.eloriente.net\/home\/wp-json\/wp\/v2\/posts\/17553\/revisions\/17559"}],"wp:featuredmedia":[{"embeddable":true,"href":"http:\/\/www.eloriente.net\/home\/wp-json\/wp\/v2\/media\/17554"}],"wp:attachment":[{"href":"http:\/\/www.eloriente.net\/home\/wp-json\/wp\/v2\/media?parent=17553"}],"wp:term":[{"taxonomy":"category","embeddable":true,"href":"http:\/\/www.eloriente.net\/home\/wp-json\/wp\/v2\/categories?post=17553"},{"taxonomy":"post_tag","embeddable":true,"href":"http:\/\/www.eloriente.net\/home\/wp-json\/wp\/v2\/tags?post=17553"}],"curies":[{"name":"wp","href":"https:\/\/api.w.org\/{rel}","templated":true}]}}