{"id":17592,"date":"2013-11-22T12:25:39","date_gmt":"2013-11-22T18:25:39","guid":{"rendered":"http:\/\/www.eloriente.net\/home\/?p=17592"},"modified":"2013-11-22T12:25:39","modified_gmt":"2013-11-22T18:25:39","slug":"maco-en-riesgo-ejemplo-de-lo-indebido","status":"publish","type":"post","link":"http:\/\/www.eloriente.net\/home\/2013\/11\/22\/maco-en-riesgo-ejemplo-de-lo-indebido\/","title":{"rendered":"MACO en riesgo: ejemplo de lo indebido"},"content":{"rendered":"<p>eloriente.net<\/p>\n<p>22 de noviembre de 2013<\/p>\n<p style=\"text-align: right\">Por: <a href=\"http:\/\/almargenoaxaca.wordpress.com\/author\/almargenoaxaca\/\" target=\"_blank\">Adri\u00e1n Ortiz Romero<\/a><\/p>\n<p><strong>+ MACO en riesgo: ejemplo de lo indebido<\/strong><\/p>\n<p><strong>+ \u00bfPor qu\u00e9 Cultura, est\u00e1 como el arrimado?<\/strong><\/p>\n<p>Ayer Amigos del MACO emitieron un comunicado en el que anunciaban el posible cierre de dicho Museo, ante la falta de apoyo e inter\u00e9s por parte de la Secretar\u00eda de Cultura y Artes del Gobierno del Estado. Esto constituye un fuerte choque entre las fantas\u00edas de que Oaxaca es, o puede ser, una capital nacional o mundial de la cultura, con la realidad que indica que el sistema cultural del Estado tiene un grave problema de indolencia y desorientaci\u00f3n que lleva a poner en riesgo espacios culturales invaluables como el MACO.<\/p>\n<p>En efecto, el Museo de Arte Contempor\u00e1neo de Oaxaca funciona a trav\u00e9s de las aportaciones del sector p\u00fablico estatal y federal, de las contribuciones que realizan particulares para su sostenimiento, y de su propia actividad como tienda y como museo. Ayer, a trav\u00e9s de las redes sociales, los Amigos del MACO anunciaron el posible cierre del museo \u201cante la indiferencia del Gobierno del Estado\u201d. En el comunicado, Amigos del MACO se\u00f1alaba que el Museo cumpl\u00eda once meses sin subsidio y que por esa raz\u00f3n su situaci\u00f3n financiera era ya insostenible.<\/p>\n<p>\u201cHemos agotado \u2013dec\u00eda el comunicado- todos los caminos institucionales sin m\u00e1s resultado que el inter\u00e9s del aparato gubernamental por el museo (\u2026) en este momento el MACO tiene un d\u00e9ficit que no le permite hacer frente a sus compromisos\u201d. A pesar de esa situaci\u00f3n, a\u00f1ad\u00edan, el MACO ha cubierto de manera responsable sus compromisos, que incluyen 25 exposiciones temporales, 28 actividades paralelas, as\u00ed como el pago al d\u00eda de salarios, prestaciones y obligaciones fiscales.<\/p>\n<p>A la par del comunicado, Amigos del MACO invitaban a una conferencia de prensa convocada ayer por la tarde. Seg\u00fan afirm\u00f3 la directora del Museo, Cecilia Mig\u00fcer en el propio encuentro con los medios informativos media hora antes del momento en el que estaba programada la conferencia de prensa, y como para evitar hablar del problema, \u201cla Secretar\u00eda de Cultura entreg\u00f3 dos millones de pesos que hab\u00edan estado gestionando sin respuesta\u201d.<\/p>\n<p>Seg\u00fan informaba ayer mismo por la tarde la Agencia Quadrat\u00edn, que dirige nuestra compa\u00f1era Guadalupe Thomas, la Directora del MACO a\u00f1adi\u00f3 que el Museo ha cumplido con sus obligaciones, pero que hay un d\u00e9ficit que no puede cubrirse para su operaci\u00f3n. Refiri\u00f3 que a mitad del a\u00f1o se tuvo un acercamiento con el gobernador Gabino Cu\u00e9 y se aprob\u00f3 la ampliaci\u00f3n del subsidio, sin embargo, \u201chasta hace media hora no hab\u00edamos recibido nada, no ten\u00edamos ninguna respuesta favorable a este problema\u201d. Incluso dijo que el reci\u00e9n nombrado secretario de Cultura, Francisco Mart\u00ednez Neri, les hizo llegar los recursos por dos millones de pesos bajo la premisa de que \u201ccon esto pagamos nuestras deudas\u201d.<\/p>\n<p>Ante este escenario, devastador, debemos preguntarnos: \u00bfas\u00ed aborda el Titular de Seculta un asunto que encierra no s\u00f3lo el pago de una \u201cdeuda\u201d, sino la existencia de un problema mayor que pasa por la desatenci\u00f3n a los espacios culturales promovidos por particulares o por \u00e1mbitos de gobierno distintos al estatal, y por una p\u00e9sima planeaci\u00f3n cultural que provoca que hasta los espacios m\u00e1s importantes corran el riesgo de desaparecer ante la falta de presupuesto?<\/p>\n<p>SISTEMA CULTURAL, ABANDONADO<\/p>\n<p>En primer t\u00e9rmino, todos \u2013y el Estado y sus funcionarios, en particular- debemos considerar que el acceso a los bienes y servicios culturales constituye un derecho fundamental establecido por la Constituci\u00f3n local y federal, y por diversos Tratados Internacionales firmados por M\u00e9xico.<\/p>\n<p>En segundo plano, debemos considerar que en Oaxaca existe una Ley de Desarrollo Cultural que establece, entre los deberes de la dependencia estatal encargada del ramo cultural, la coordinaci\u00f3n, organizaci\u00f3n y supervisi\u00f3n del funcionamiento de museos, teatros y dem\u00e1s espacios culturales, independientemente de los que est\u00e9n directamente sectorizados a ella o que pertenezcan a la administraci\u00f3n p\u00fablica estatal (Art\u00edculo 6, fracci\u00f3n XIV de la ley citada).<\/p>\n<p>Y si hiciera falta alguna raz\u00f3n m\u00e1s, tendr\u00edamos que acudir a las cuestiones morales, \u00e9ticas y hasta pol\u00edticas que exigen que el Estado tome participaci\u00f3n en la existencia de todo tipo de espacios culturales (p\u00fablicos o privados), y que no s\u00f3lo vigile su actuaci\u00f3n sino que se involucre de forma directa en su permanencia y mejoramiento permanente. Si el acceso a la cultura es un derecho humano, entonces existe un deber correlativo (e ineludible) del Estado para garantizar que ese derecho se cumpla cabalmente, o que cuando menos no se viole con la privaci\u00f3n de dichos espacios. M\u00e1s a\u00fan, como en el caso del MACO, cuando el propio gobierno se ha comprometido expresamente a contribuir con el sostenimiento de un espacio cultural en concreto.<\/p>\n<p>Frente a todo esto, la realidad es que ninguno de esos deberes se cumple y que por eso el MACO, y muchos otros espacios, est\u00e1n o pueden estar en riesgo de cerrar sus puertas. Justificaciones pr\u00e1cticas pueden darse muchas: que el financiamiento estatal se detuvo ante la falta de nombramiento de un Titular en Seculta; que hubo lentitud en la ministraci\u00f3n de esos recursos desde la Federaci\u00f3n; que la burocracia estatal impidi\u00f3 que el tr\u00e1mite fluyera en los tiempos establecidos; o que, como lo dijo ayer Mart\u00ednez Neri, simplemente alguien hubiera decidido demora en el pago de una \u201cdeuda\u201d. Sin embargo, si el dinero les fue transferido en unas horas, significa que la gesti\u00f3n s\u00ed pod\u00eda hacerse pero que lo que se necesitaba era presi\u00f3n para que todo fluyera.<\/p>\n<p>Al margen de todo eso, lo cierto es que con cualquiera de esas explicaciones, lo que queda claro es que de todos modos el Estado sigue viendo a la cultura como una arrimada entre todas sus obligaciones, a la cual puede jinetear, relegar y hasta ningunear, porque esta no forma parte de las prioridades pol\u00edticas del gobierno.<\/p>\n<p>SOLUCI\u00d3N A MEDIAS<\/p>\n<p>Qu\u00e9 lamentable que con eso s\u00f3lo se solucione una parte del problema. La Directora del MACO fue enf\u00e1tica al establecer el estado financiero del Museo y los riesgos de no atender integralmente este problema presupuestal. Cecilia Ming\u00fcer dijo: \u201cpara la continuidad de operaciones, ser\u00e1 necesario que se revise el presupuesto para el 2014, de lo contrario, el Museo con 22 a\u00f1os de trabajo en Oaxaca, se cerrar\u00eda\u201d. \u00bfDejar\u00e1n Seculta y Mart\u00ednez Neri que se cierre? \u00bfSe justificar\u00e1n diciendo que esta fue una treta para conseguir m\u00e1s presupuesto (y rob\u00e1rselo)? \u00bfO le seguir\u00e1n aplicando a este problema las largas de siempre, hasta que vuelva a haber otra amenaza de cierre? \u00bfSe atrever\u00e1n a intentar cualquiera de las posibilidades anteriores?<\/p>\n<p><a href=\"http:\/\/www.eloriente.net\/home\/wp-content\/uploads\/2013\/11\/Atribuci\u00f3n-Algunos-derechos-reservados-por-Urban-Girl-Maco.jpg\"><img loading=\"lazy\" decoding=\"async\" class=\"alignnone size-medium wp-image-17593\" src=\"http:\/\/www.eloriente.net\/home\/wp-content\/uploads\/2013\/11\/Atribuci\u00f3n-Algunos-derechos-reservados-por-Urban-Girl-Maco-300x225.jpg\" alt=\"\" width=\"300\" height=\"225\" srcset=\"http:\/\/www.eloriente.net\/home\/wp-content\/uploads\/2013\/11\/Atribuci\u00f3n-Algunos-derechos-reservados-por-Urban-Girl-Maco-300x225.jpg 300w, http:\/\/www.eloriente.net\/home\/wp-content\/uploads\/2013\/11\/Atribuci\u00f3n-Algunos-derechos-reservados-por-Urban-Girl-Maco.jpg 1024w\" sizes=\"(max-width: 300px) 100vw, 300px\" \/><\/a><\/p>\n<p>Foto:\u00a0<a href=\"http:\/\/creativecommons.org\/licenses\/by\/2.0\/\"><img decoding=\"async\" src=\"http:\/\/l.yimg.com\/g\/images\/cc_icon_attribution_small.gif\" alt=\"Atribuci\u00f3n\" border=\"0\" \/><\/a>\u00a0<a title=\"Attribution License\" href=\"http:\/\/creativecommons.org\/licenses\/by\/2.0\/\">Algunos derechos reservados<\/a>\u00a0por\u00a0<a href=\"http:\/\/www.flickr.com\/photos\/21696848@N00\/\">Urban Girl<\/a><\/p>\n<p>&nbsp;<\/p>\n<p style=\"text-align: right\"><strong>Anteriores:<\/strong><\/p>\n<p><a title=\"Permalink to Museo de Arte Contempor\u00e1neo de Oaxaca anuncia posible cierre; Gobierno reacciona, entrega subsidio\" href=\"http:\/\/www.eloriente.net\/home\/2013\/11\/21\/museo-de-arte-contemporaneo-de-oaxaca-anuncia-posible-cierre\/\" rel=\"bookmark\">Museo de Arte Contempor\u00e1neo de Oaxaca anuncia posible cierre; Gobierno reacciona, entrega subsidio<\/a><\/p>\n<p><a href=\"http:\/\/www.eloriente.net\/home\/2013\/11\/21\/museo-de-arte-contemporaneo-de-oaxaca-anuncia-posible-cierre\/\" rel=\"bookmark\"><img decoding=\"async\" src=\"http:\/\/www.eloriente.net\/home\/wp-content\/themes\/city-desk\/timthumb.php?src=http%3A%2F%2Fwww.eloriente.net%2Fhome%2Fwp-content%2Fuploads%2F2013%2F11%2FCARTA-MACO-CIERRE-ELORIENTE.NET_.jpg&amp;q=90&amp;w=160&amp;h=106&amp;zc=1\" alt=\"Museo de Arte Contempor\u00e1neo de Oaxaca anuncia posible cierre; Gobierno reacciona, entrega subsidio\" \/><\/a><\/p>\n<p>eloriente.net Actualizaci\u00f3n 21 de noviembre La oficina de difusi\u00f3n del Museo de Arte Contempor\u00e1neo de Oaxaca (MACO) distribuy\u00f3 una nueva misiva en seguimiento de la publicada el d\u00eda 20 en ELORIENTE.NET: eloriente.net 20 de noviembre de 2013 Esta tarde, a trav\u00e9s de la oficina de difusi\u00f3n del Museo de Arte Contempor\u00e1neo de Oaxaca (MACO), la [&#8230;]<\/p>\n<p>November 21, 2013<\/p>\n<div>\n<p><a title=\"Permalink to Suiza desembolsa 1,5 millones de francos para recuperar un dibujo de Van Gogh\" href=\"http:\/\/www.eloriente.net\/home\/2013\/11\/18\/suiza-desembolsa-15-millones-de-francos-para-recuperar-un-dibujo-de-van-gogh\/\" rel=\"bookmark\">Suiza desembolsa 1,5 millones de francos para recuperar un dibujo de Van Gogh<\/a><\/p>\n<p><a href=\"http:\/\/www.eloriente.net\/home\/2013\/11\/18\/suiza-desembolsa-15-millones-de-francos-para-recuperar-un-dibujo-de-van-gogh\/\" rel=\"bookmark\"><img decoding=\"async\" src=\"http:\/\/www.eloriente.net\/home\/wp-content\/themes\/city-desk\/timthumb.php?src=http%3A%2F%2Fwww.eloriente.net%2Fhome%2Fwp-content%2Fuploads%2F2013%2F11%2FDibujo-Van-Gogh-n22.jpg&amp;q=90&amp;w=160&amp;h=106&amp;zc=1\" alt=\"Suiza desembolsa 1,5 millones de francos para recuperar un dibujo de Van Gogh\" \/><\/a>eloriente.net\/Agencia de Noticias de Canal 22 18 de noviembre de 2013 GINEBRA, Suiza, (N22\/AFP) .-\u00a0Suiza tuvo que desembolsar cerca de 1,5 millones de francos suizos (1,2 millones de euros) en gastos de abogados en Estados Unidos para recuperar un dibujo de Vincent Van Gogh que hab\u00eda recibido de regalo, inform\u00f3 el viernes el diario Tages [&#8230;]<\/p>\n<p>November 18, 2013<\/p>\n<\/div>\n<div>\n<p><a title=\"Permalink to Solidaridad en Centros de Acopio de v\u00edveres en Oaxaca\" href=\"http:\/\/www.eloriente.net\/home\/2013\/09\/17\/solidaridad-en-centros-de-acopio-de-viveres-en-oaxaca\/\" rel=\"bookmark\">Solidaridad en Centros de Acopio de v\u00edveres en Oaxaca<\/a><\/p>\n<p><a href=\"http:\/\/www.eloriente.net\/home\/2013\/09\/17\/solidaridad-en-centros-de-acopio-de-viveres-en-oaxaca\/\" rel=\"bookmark\"><img decoding=\"async\" src=\"http:\/\/www.eloriente.net\/home\/wp-content\/themes\/city-desk\/timthumb.php?src=http%3A%2F%2Fwww.eloriente.net%2Fhome%2Fwp-content%2Fuploads%2F2013%2F09%2F170913-smn.png&amp;q=90&amp;w=160&amp;h=106&amp;zc=1\" alt=\"Solidaridad en Centros de Acopio de v\u00edveres en Oaxaca\" \/><\/a>eloriente.net 18 de septiembre de 2013 Adicionalmente a los Centros de Acopio que abajo se mencionan, el DIF estatal tambi\u00e9n est\u00e1 recibiendo v\u00edveres: \u00a0 CENTROS DE ACOPIO: Gral. Vicente Guerrero 114 Col. Miguel Alem\u00e1n y Ju\u00e1rez 914 Col. Centro ( a un costado gasolinera DIF) 8:00 am a 5:00 pm. \u2014 DIF Oaxaca (@DIF_Oaxaca) September [&#8230;]<\/p>\n<p>September 17, 2013<\/p>\n<\/div>\n<div>\n<p><a title=\"Permalink to Gabriel Macotela impartir\u00e1 taller en CaSa\" href=\"http:\/\/www.eloriente.net\/home\/2013\/08\/28\/gabriel-macotela-impartira-taller-en-casa\/\" rel=\"bookmark\">Gabriel Macotela impartir\u00e1 taller en CaSa<\/a><\/p>\n<p><a href=\"http:\/\/www.eloriente.net\/home\/2013\/08\/28\/gabriel-macotela-impartira-taller-en-casa\/\" rel=\"bookmark\"><img decoding=\"async\" src=\"http:\/\/www.eloriente.net\/home\/wp-content\/themes\/city-desk\/timthumb.php?src=http%3A%2F%2Fwww.eloriente.net%2Fhome%2Fwp-content%2Fuploads%2F2013%2F08%2F%40GabrielMacotela.jpg&amp;q=90&amp;w=160&amp;h=106&amp;zc=1\" alt=\"Gabriel Macotela impartir\u00e1 taller en CaSa\" \/><\/a>todooaxacaradio.com\/ CaSa 27 de agosto del 2013 El Centro de las Artes de San Agust\u00edn anunci\u00f3 y est\u00e1 convocando a participar en el Taller de Pintura y Experimentaci\u00f3n impartido por el maestro Gabriel Macotela. En este taller se ense\u00f1ar\u00e1n distintas t\u00e9cnicas dentro de la pintura y se experimentar\u00e1 con distintos materiales para incluirlos dentro del [&#8230;]<\/p>\n<p>August 28, 2013<\/p>\n<\/div>\n\n\t\t\t  <div \n\t\t\t  \tclass = \"fb-comments\" \n\t\t\t  \tdata-href = \"http:\/\/www.eloriente.net\/home\/2013\/11\/22\/maco-en-riesgo-ejemplo-de-lo-indebido\/\"\n\t\t\t  \tdata-numposts = \"10\"\n\t\t\t\tdata-colorscheme = \"dark\"\n\t\t\t\tdata-order-by = \"social\"\n\t\t\t\tdata-mobile=true>\n\t\t\t  <\/div>\n\t\t  <style>\n\t\t\t.fb_iframe_widget_fluid_desktop iframe {\n\t\t\t    width: 100% !important;\n\t\t\t}\n\t\t  <\/style>\n\t\t  ","protected":false},"excerpt":{"rendered":"<p>eloriente.net 22 de noviembre de 2013 Por: Adri\u00e1n Ortiz Romero + MACO en riesgo: ejemplo de lo indebido + \u00bfPor qu\u00e9 Cultura, est\u00e1 como el arrimado? Ayer Amigos del MACO emitieron un comunicado en el que anunciaban el posible cierre de dicho Museo, ante la falta de apoyo e inter\u00e9s por parte de la Secretar\u00eda [&hellip;]<\/p>\n","protected":false},"author":2,"featured_media":17593,"comment_status":"open","ping_status":"open","sticky":false,"template":"","format":"standard","meta":{"_jetpack_memberships_contains_paid_content":false,"footnotes":""},"categories":[38,11,18,32,10],"tags":[],"class_list":["post-17592","post","type-post","status-publish","format-standard","has-post-thumbnail","hentry","category-adrian-ortiz-romero","category-colaboradores","category-educacion-y-cultura","category-entradas","category-lo-mas-reciente"],"jetpack_featured_media_url":"http:\/\/www.eloriente.net\/home\/wp-content\/uploads\/2013\/11\/Atribuci\u00f3n-Algunos-derechos-reservados-por-Urban-Girl-Maco.jpg","jetpack_sharing_enabled":true,"_links":{"self":[{"href":"http:\/\/www.eloriente.net\/home\/wp-json\/wp\/v2\/posts\/17592"}],"collection":[{"href":"http:\/\/www.eloriente.net\/home\/wp-json\/wp\/v2\/posts"}],"about":[{"href":"http:\/\/www.eloriente.net\/home\/wp-json\/wp\/v2\/types\/post"}],"author":[{"embeddable":true,"href":"http:\/\/www.eloriente.net\/home\/wp-json\/wp\/v2\/users\/2"}],"replies":[{"embeddable":true,"href":"http:\/\/www.eloriente.net\/home\/wp-json\/wp\/v2\/comments?post=17592"}],"version-history":[{"count":2,"href":"http:\/\/www.eloriente.net\/home\/wp-json\/wp\/v2\/posts\/17592\/revisions"}],"predecessor-version":[{"id":17595,"href":"http:\/\/www.eloriente.net\/home\/wp-json\/wp\/v2\/posts\/17592\/revisions\/17595"}],"wp:featuredmedia":[{"embeddable":true,"href":"http:\/\/www.eloriente.net\/home\/wp-json\/wp\/v2\/media\/17593"}],"wp:attachment":[{"href":"http:\/\/www.eloriente.net\/home\/wp-json\/wp\/v2\/media?parent=17592"}],"wp:term":[{"taxonomy":"category","embeddable":true,"href":"http:\/\/www.eloriente.net\/home\/wp-json\/wp\/v2\/categories?post=17592"},{"taxonomy":"post_tag","embeddable":true,"href":"http:\/\/www.eloriente.net\/home\/wp-json\/wp\/v2\/tags?post=17592"}],"curies":[{"name":"wp","href":"https:\/\/api.w.org\/{rel}","templated":true}]}}