{"id":17596,"date":"2013-11-22T17:40:13","date_gmt":"2013-11-22T23:40:13","guid":{"rendered":"http:\/\/www.eloriente.net\/home\/?p=17596"},"modified":"2013-11-22T17:40:13","modified_gmt":"2013-11-22T23:40:13","slug":"oaxaca-es-el-estado-mas-comprometido-con-la-procuracion-de-justicia-felix-cardenas","status":"publish","type":"post","link":"http:\/\/www.eloriente.net\/home\/2013\/11\/22\/oaxaca-es-el-estado-mas-comprometido-con-la-procuracion-de-justicia-felix-cardenas\/","title":{"rendered":"Oaxaca es el estado m\u00e1s comprometido con la procuraci\u00f3n de justicia: F\u00e9lix C\u00e1rdenas"},"content":{"rendered":"<p>eloriente.net\/TSJEO<\/p>\n<p>22 de noviembre de 2013<\/p>\n<p>Se re\u00fanen en el Poder Judicial especialistas de diferentes pa\u00edses de Am\u00e9rica Latina con servidores p\u00fablicos que aplican el Sistema acusatorio Adversarial<\/p>\n<p>Expertos en juicios orales\u00a0de Argentina, Colombia, Chile, Estados Unidos, Venezuela y M\u00e9xico compartieron experiencias con funcionarios del Sistema Penal en la entidad como parte del \u00a0Encuentro de Operadores del Sistema Acusatorio Adversarial con Especialistas Extranjeros sobre Diversos T\u00f3picos al Sistema Acusatorio Oral Penal, realizado en la sede del Poder Judicial.<\/p>\n<p>Doctores y maestros del Derecho con amplia trayectoria en el tema, respondieron a las inquietudes surgidas entre los magistrados, jueces, agentes del Ministerio P\u00fablico y Defensores P\u00fablicos que actualmente brindan sus servicios a la poblaci\u00f3n \u00a0bajo los principios del nuevo modelo de justicia; as\u00ed como de estudiantes de la licenciatura en Derecho.<\/p>\n<p>Durante el encuentro, se llev\u00f3 a cabo una revisi\u00f3n y an\u00e1lisis de la actuaci\u00f3n de los funcionarios que imparten y administran justicia desde las diversas instituciones, como son la Procuradur\u00eda General de Justicia, la Procuradur\u00eda para la Defensa del Ind\u00edgena y Grupos Vulnerables y el Poder Judicial, en las diferentes regiones del estado en que ya opera el Sistema de Justicia Penal y en aquellas donde pr\u00f3ximamente se pondr\u00e1 en marcha.<\/p>\n<p>Asimismo, se tocaron temas referentes a impugnaciones, principios de casaci\u00f3n y contradicci\u00f3n, falso juicio de convicci\u00f3n, indagatorias a testigos hostiles, contrainterrogatorios, el papel de la v\u00edctima en el proceso penal, la actuaci\u00f3n del agente del Ministerio P\u00fablico, la figura de la prueba anticipada y condenas, entre otros.<\/p>\n<p>Como invitados especiales, acudieron los doctores: Ana Clara Manassero, de la Universidad Nacional del Rosario, Argentina; Umberto Montiglio, de la Universidad de Chile; Alejandro Decastro, de la Universidad de Medell\u00edn, Colombia; Carlos Roberto Sol\u00f3rzano, de la Universidad de Santo Tom\u00e1s de Aquino, Bogot\u00e1; Samuel Delgado, de la Universidad Georgetown, en Washington D.C; Jos\u00e9 Luis Vegas Roche, de la Universidad Santa Mar\u00eda, Venezuela, y el maestro Rodolfo F\u00e9lix C\u00e1rdenas, de la Escuela Libre de Derecho, en M\u00e9xico.<\/p>\n<p align=\"center\"><strong>RECONOCIMIENTO A LA LABOR EN OAXACA<\/strong><\/p>\n<p>Al hablar sobre el desempe\u00f1o de los servidores p\u00fablicos en el proceso penal, el especialista mexicano, Rodolfo F\u00e9lix C\u00e1rdenas, quien ha analizado el desarrollo del Sistema Acusatorio Adversarial en diversas entidades, hizo un extensivo reconocimiento a la labor de los funcionarios judiciales locales, pues asegur\u00f3, \u201cel estado del pa\u00eds que mejor opera el sistema y que ha demostrado mayor compromiso con la procuraci\u00f3n de justicia, sin duda, es Oaxaca\u201d.<\/p>\n<p>En la entidad, el Nuevo Sistema de Justicia Penal, funciona en las regiones de la Mixteca, Istmo de Tehuantepec, Costa y Cuenca del Papaloapan. En 2014 entrar\u00e1 en vigor en los Valles Centrales.<\/p>\n<p><a href=\"http:\/\/www.eloriente.net\/home\/wp-content\/uploads\/2013\/11\/Encuentro-operadores-02.jpg\"><img loading=\"lazy\" decoding=\"async\" class=\"alignnone size-medium wp-image-17597\" title=\"Encuentro operadores 02\" src=\"http:\/\/www.eloriente.net\/home\/wp-content\/uploads\/2013\/11\/Encuentro-operadores-02-300x168.jpg\" alt=\"\" width=\"300\" height=\"168\" srcset=\"http:\/\/www.eloriente.net\/home\/wp-content\/uploads\/2013\/11\/Encuentro-operadores-02-300x168.jpg 300w, http:\/\/www.eloriente.net\/home\/wp-content\/uploads\/2013\/11\/Encuentro-operadores-02.jpg 1024w\" sizes=\"(max-width: 300px) 100vw, 300px\" \/><\/a><\/p>\n<p>Foto: TSJEO<\/p>\n<p style=\"text-align: right;\"><strong>Anteriores:<\/strong><\/p>\n<p><a title=\"Permalink to Ense\u00f1anza de Juicios Orales para medios en Puerto Escondido\" href=\"http:\/\/www.eloriente.net\/home\/2013\/10\/21\/ensenanza-de-juicios-orales-para-medios-en-pto-escondido\/\" rel=\"bookmark\">Ense\u00f1anza de Juicios Orales para medios en Puerto Escondido<\/a><\/p>\n<p><a href=\"http:\/\/www.eloriente.net\/home\/2013\/10\/21\/ensenanza-de-juicios-orales-para-medios-en-pto-escondido\/\" rel=\"bookmark\"><img decoding=\"async\" title=\"Ense\u00f1anza de Juicios Orales para medios en Puerto Escondido\" src=\"http:\/\/www.eloriente.net\/home\/wp-content\/themes\/city-desk\/timthumb.php?src=http%3A%2F%2Fwww.eloriente.net%2Fhome%2Fwp-content%2Fuploads%2F2013%2F10%2Ffotocursoperiodistas-TSJEO.jpg&amp;q=90&amp;w=160&amp;h=106&amp;zc=1\" alt=\"Ense\u00f1anza de Juicios Orales para medios en Puerto Escondido\" \/><\/a><\/p>\n<p>eloriente.net\/TSJEO 21 de octubre de 2013 \u201cLos medios de comunicaci\u00f3n son las formas m\u00e1s directas de llegar a la sociedad, pero tienen que hacerlo con \u00e9tica, responsabilidad y con estricto apego a los derechos humanos\u201d, afirmo, V\u00edctor Jorge Luis Velasco Castellanos, Juez de Tribunal de Juicio Oral\u00a0 de Puerto Escondido, durante una charla que sostuvo [&#8230;]<\/p>\n<p>October 21, 2013<\/p>\n<div id=\"post-17014\">\n<p><a title=\"Permalink to A prop\u00f3sito de Reforma Fiscal: \u00bfQu\u00e9 es el balance estructural?: CIDE\" href=\"http:\/\/www.eloriente.net\/home\/2013\/10\/19\/a-proposito-de-reforma-fiscal-que-es-el-balance-estructural-cide\/\" rel=\"bookmark\">A prop\u00f3sito de Reforma Fiscal: \u00bfQu\u00e9 es el balance estructural?: CIDE<\/a><\/p>\n<p><a href=\"http:\/\/www.eloriente.net\/home\/2013\/10\/19\/a-proposito-de-reforma-fiscal-que-es-el-balance-estructural-cide\/\" rel=\"bookmark\"><img decoding=\"async\" title=\"A prop\u00f3sito de Reforma Fiscal: \u00bfQu\u00e9 es el balance estructural?: CIDE\" src=\"http:\/\/www.eloriente.net\/home\/wp-content\/themes\/city-desk\/timthumb.php?src=http%3A%2F%2Fwww.eloriente.net%2Fhome%2Fwp-content%2Fuploads%2F2013%2F10%2FInvestigador-CIDE.png&amp;q=90&amp;w=160&amp;h=106&amp;zc=1\" alt=\"A prop\u00f3sito de Reforma Fiscal: \u00bfQu\u00e9 es el balance estructural?: CIDE\" \/><\/a>eloriente.net\/CIDE 19 de octubre de 2013 El Centro de Investigaci\u00f3n y Docencia Econ\u00f3mica produce estos videos de orientaci\u00f3n que por su sencillez y adecuada planeaci\u00f3n resultan muy \u00fatiles para entender los tiempos que vivimos. En este caso, Alejandro Villag\u00f3mez explica \u201cbrevemente el concepto de una regla fiscal de balance estructural. \u00c9ste es un instrumento de [&#8230;]<\/p>\n<p>October 19, 2013<\/p>\n<\/div>\n<div id=\"post-16996\">\n<p><a title=\"Permalink to Ricardo Adair: El derecho a decidir\" href=\"http:\/\/www.eloriente.net\/home\/2013\/10\/17\/ricardo-adair-el-derecho-a-decidir\/\" rel=\"bookmark\">Ricardo Adair: El derecho a decidir<\/a><\/p>\n<p>eloriente.net 17 de octubre de 2013 El d\u00eda de ayer fue hist\u00f3rico para todas las personas con discapacidad en M\u00e9xico, la Primera Sala de la Suprema Corte de Justicia de la Naci\u00f3n (SCJN) sent\u00f3 un precedente al reconocer que las personas con discapacidad intelectual gozan de derechos como cualquier otra persona, esto a ra\u00edz de [&#8230;]<\/p>\n<p>October 17, 2013<\/p>\n<\/div>\n\n\t\t\t  <div \n\t\t\t  \tclass = \"fb-comments\" \n\t\t\t  \tdata-href = \"http:\/\/www.eloriente.net\/home\/2013\/11\/22\/oaxaca-es-el-estado-mas-comprometido-con-la-procuracion-de-justicia-felix-cardenas\/\"\n\t\t\t  \tdata-numposts = \"10\"\n\t\t\t\tdata-colorscheme = \"dark\"\n\t\t\t\tdata-order-by = \"social\"\n\t\t\t\tdata-mobile=true>\n\t\t\t  <\/div>\n\t\t  <style>\n\t\t\t.fb_iframe_widget_fluid_desktop iframe {\n\t\t\t    width: 100% !important;\n\t\t\t}\n\t\t  <\/style>\n\t\t  ","protected":false},"excerpt":{"rendered":"<p>eloriente.net\/TSJEO 22 de noviembre de 2013 Se re\u00fanen en el Poder Judicial especialistas de diferentes pa\u00edses de Am\u00e9rica Latina con servidores p\u00fablicos que aplican el Sistema acusatorio Adversarial Expertos en juicios orales\u00a0de Argentina, Colombia, Chile, Estados Unidos, Venezuela y M\u00e9xico compartieron experiencias con funcionarios del Sistema Penal en la entidad como parte del \u00a0Encuentro de [&hellip;]<\/p>\n","protected":false},"author":1,"featured_media":17597,"comment_status":"open","ping_status":"open","sticky":false,"template":"","format":"standard","meta":{"_jetpack_memberships_contains_paid_content":false,"footnotes":""},"categories":[22,32,10],"tags":[],"class_list":["post-17596","post","type-post","status-publish","format-standard","has-post-thumbnail","hentry","category-derechos-humanos","category-entradas","category-lo-mas-reciente"],"jetpack_featured_media_url":"http:\/\/www.eloriente.net\/home\/wp-content\/uploads\/2013\/11\/Encuentro-operadores-02.jpg","jetpack_sharing_enabled":true,"_links":{"self":[{"href":"http:\/\/www.eloriente.net\/home\/wp-json\/wp\/v2\/posts\/17596"}],"collection":[{"href":"http:\/\/www.eloriente.net\/home\/wp-json\/wp\/v2\/posts"}],"about":[{"href":"http:\/\/www.eloriente.net\/home\/wp-json\/wp\/v2\/types\/post"}],"author":[{"embeddable":true,"href":"http:\/\/www.eloriente.net\/home\/wp-json\/wp\/v2\/users\/1"}],"replies":[{"embeddable":true,"href":"http:\/\/www.eloriente.net\/home\/wp-json\/wp\/v2\/comments?post=17596"}],"version-history":[{"count":2,"href":"http:\/\/www.eloriente.net\/home\/wp-json\/wp\/v2\/posts\/17596\/revisions"}],"predecessor-version":[{"id":17599,"href":"http:\/\/www.eloriente.net\/home\/wp-json\/wp\/v2\/posts\/17596\/revisions\/17599"}],"wp:featuredmedia":[{"embeddable":true,"href":"http:\/\/www.eloriente.net\/home\/wp-json\/wp\/v2\/media\/17597"}],"wp:attachment":[{"href":"http:\/\/www.eloriente.net\/home\/wp-json\/wp\/v2\/media?parent=17596"}],"wp:term":[{"taxonomy":"category","embeddable":true,"href":"http:\/\/www.eloriente.net\/home\/wp-json\/wp\/v2\/categories?post=17596"},{"taxonomy":"post_tag","embeddable":true,"href":"http:\/\/www.eloriente.net\/home\/wp-json\/wp\/v2\/tags?post=17596"}],"curies":[{"name":"wp","href":"https:\/\/api.w.org\/{rel}","templated":true}]}}