{"id":17666,"date":"2013-11-26T00:24:14","date_gmt":"2013-11-26T06:24:14","guid":{"rendered":"http:\/\/www.eloriente.net\/home\/?p=17666"},"modified":"2013-11-26T00:26:50","modified_gmt":"2013-11-26T06:26:50","slug":"oaxaca-evalua-a-su-gobierno-mitofsky-pri-y-prd-empatarian-si-hoy-fueran-las-elecciones","status":"publish","type":"post","link":"http:\/\/www.eloriente.net\/home\/2013\/11\/26\/oaxaca-evalua-a-su-gobierno-mitofsky-pri-y-prd-empatarian-si-hoy-fueran-las-elecciones\/","title":{"rendered":"Oaxaca eval\u00faa a su gobierno: Mitofsky; PRI y PRD empatar\u00edan si hoy fueran las elecciones"},"content":{"rendered":"<p>eloriente.net\/<a href=\"http:\/\/consulta.mx\/web\/\" target=\"_blank\">Consulta MITOFSKY<\/a><\/p>\n<p>25 de noviembre de 2013<\/p>\n<p>Fechado en octubre de 2013, la importante firma consultora Consulta Mitofsky public\u00f3 un estudio denominado \u00abOaxaca eval\u00faa su gobierno\u00bb, sustentado en una muestra de 430 ciudadanos del estado, con un margen de error de +\/-4 puntos porcentuales.<\/p>\n<p>Dicho estudio est\u00e1 disponible p\u00fablicamente, en su resumen ejecutivo, por lo cual lo enlazamos para los lectores de ELORIENTE.NET y destacamos algunas conclusiones de inter\u00e9s.<\/p>\n<p>En ese sentido, los comentarios de la consultora giran entorno al hecho fundamental de que \u00abEn 2010 Oaxaca entr\u00f3 al escenario nacional al ser uno de los estados donde la alianza PAN-PRD con su candidato Gabino Cu\u00e9 Monteagudo venci\u00f3 en las elecciones al PRI\u00bb, por lo cual, hace un corte de caja de la opini\u00f3n en el estado a poco m\u00e1s de tres a\u00f1os de aquella votaci\u00f3n.<\/p>\n<p>\u00abSon evidentes las diferentes visiones del ciudadano en el pa\u00eds y las del habitante de Oaxaca; en el estado se es m\u00e1s sensible a la pobreza (21% vs. 10%) y a la situaci\u00f3n del campo (5% vs. 1%); en cambio priorizan en menor medida la inseguridad (18% vs 28%) y la corrupci\u00f3n (2% vs 5%)\u00bb, concluye el estudio.<\/p>\n<p>Llama la atenci\u00f3n sin duda las respuestas que dan las personas encuestadas, a la pregunta: \u00bfEst\u00e1 usted de acuerdo o en desacuerdo con la manera en que ha gobernado el actual gobernador? 54% mencion\u00f3 estar de acuerdo; 40.6% en desacuerdo; y 5.4% respondi\u00f3 que no sabe o no contest\u00f3.<\/p>\n<p>De la misma forma, en cuanto a preferencias electorales y con la pregunta: Si hoy fueran las elecciones para elegir al pr\u00f3ximo diputado federal, \u00bfpor cu\u00e1l partido votar\u00eda usted?, las personas consultadas respondieron: 27.6% por el Partido de la Revoluci\u00f3n Democr\u00e1tica (PRD); 27.2% por el Partido Revolucionario Institucional; 10.4% por el Partido Acci\u00f3n Nacional; y 5.6% por otro partido. Llama la atenci\u00f3n en este caso, que 29.2% de la personas no declar\u00f3 preferencia.<\/p>\n<p>A continuaci\u00f3n el enlace correspondiente:<\/p>\n<p><a title=\"Oaxaca eval\u00faa a su gobierno\" href=\"http:\/\/consulta.mx\/web\/images\/evgobierno\/2013\/OAX_EVGOBoct.pdf\" target=\"_blank\">DESCARGAR ESTUDIO\u00a0<\/a><\/p>\n<p>&nbsp;<\/p>\n<p><a href=\"http:\/\/www.eloriente.net\/home\/wp-content\/uploads\/2012\/07\/Foto-contando-boletas-1.jpg\"><img loading=\"lazy\" decoding=\"async\" class=\"alignnone size-medium wp-image-418\" title=\"Foto-contando-boletas-\" src=\"http:\/\/www.eloriente.net\/home\/wp-content\/uploads\/2012\/07\/Foto-contando-boletas-1-300x229.jpg\" alt=\"\" width=\"300\" height=\"229\" srcset=\"http:\/\/www.eloriente.net\/home\/wp-content\/uploads\/2012\/07\/Foto-contando-boletas-1-300x229.jpg 300w, http:\/\/www.eloriente.net\/home\/wp-content\/uploads\/2012\/07\/Foto-contando-boletas-1-1024x784.jpg 1024w, http:\/\/www.eloriente.net\/home\/wp-content\/uploads\/2012\/07\/Foto-contando-boletas-1.jpg 1200w\" sizes=\"(max-width: 300px) 100vw, 300px\" \/><\/a><\/p>\n<p>Contando boletas: Foto: ELORIENTE.NET<\/p>\n<p><strong>Entradas relacionadas:<\/strong><\/p>\n<p><a title=\"Permalink to Semana de Visitas a Estaciones de Polic\u00eda; nuevo reporte del Observatorio Ciudadano\" href=\"http:\/\/www.eloriente.net\/home\/2013\/11\/21\/semana-de-visitas-a-estaciones-de-policia-nuevo-reporte-del-observatorio-ciudadano\/\" rel=\"bookmark\">Semana de Visitas a Estaciones de Polic\u00eda; nuevo reporte del Observatorio Ciudadano<\/a><\/p>\n<p><a href=\"http:\/\/www.eloriente.net\/home\/2013\/11\/21\/semana-de-visitas-a-estaciones-de-policia-nuevo-reporte-del-observatorio-ciudadano\/\" rel=\"bookmark\"><img decoding=\"async\" title=\"Semana de Visitas a Estaciones de Polic\u00eda; nuevo reporte del Observatorio Ciudadano\" src=\"http:\/\/www.eloriente.net\/home\/wp-content\/themes\/city-desk\/timthumb.php?src=http%3A%2F%2Fwww.eloriente.net%2Fhome%2Fwp-content%2Fuploads%2F2013%2F11%2FImagen-8.png&amp;q=90&amp;w=160&amp;h=106&amp;zc=1\" alt=\"Semana de Visitas a Estaciones de Polic\u00eda; nuevo reporte del Observatorio Ciudadano\" \/><\/a><\/p>\n<p>eloriente.net 20 de noviembre de 2013 Oaxaca, Oax. (21 de octubre de 2013).- El Observatorio Ciudadano para la Evaluaci\u00f3n de Pol\u00edticas de Prevenci\u00f3n contra la Violencia y la Delincuencia en el estado de Oaxaca, puso a disposici\u00f3n de la ciudadan\u00eda un nuevo reporte mensual, en el cual aborda la \u201cSemana de Visitas a Estaciones de [&#8230;]<\/p>\n<p>November 21, 2013<\/p>\n<div id=\"post-17497\">\n<p><a title=\"Permalink to Reformas estructurales versus organizaciones civiles: Sa\u00fal Fuentes\" href=\"http:\/\/www.eloriente.net\/home\/2013\/11\/16\/reformas-estructurales-versus-organizaciones-civiles-saul-fuentes\/\" rel=\"bookmark\">Reformas estructurales versus organizaciones civiles: Sa\u00fal Fuentes<\/a><\/p>\n<p><a href=\"http:\/\/www.eloriente.net\/home\/2013\/11\/16\/reformas-estructurales-versus-organizaciones-civiles-saul-fuentes\/\" rel=\"bookmark\"><img decoding=\"async\" title=\"Reformas estructurales versus organizaciones civiles: Sa\u00fal Fuentes\" src=\"http:\/\/www.eloriente.net\/home\/wp-content\/themes\/city-desk\/timthumb.php?src=http%3A%2F%2Fwww.eloriente.net%2Fhome%2Fwp-content%2Fuploads%2F2013%2F11%2FAtribuci%C3%B3n-Algunos-derechos-reservados-por-gerzo.gallardo-Escenarios-sillas-vac%C3%ADas.jpg&amp;q=90&amp;w=160&amp;h=106&amp;zc=1\" alt=\"Reformas estructurales versus organizaciones civiles: Sa\u00fal Fuentes\" \/><\/a><\/p>\n<p>eloriente.net\/HUBOAXACA 16 de noviembre de 2013 Por: Sa\u00fal Fuentes Olivares* Dice el refr\u00e1n que si el r\u00edo suena es porque agua lleva. Y parece que s\u00ed, cuando de las reformas propuestas en materia hacendaria y de la Ley Federal para la Prevenci\u00f3n e Identificaci\u00f3n de Operaciones con Recursos de Procedencia Il\u00edcita (Ley antilavado)\u00a0se trata, acerca [&#8230;]<\/p>\n<p>November 16, 2013<\/p>\n<\/div>\n<div id=\"post-17488\">\n<p><a title=\"Permalink to Detr\u00e1s de las nubes se esconden miles de soles que iluminar\u00e1n Oaxaca: Gabino Cu\u00e9\" href=\"http:\/\/www.eloriente.net\/home\/2013\/11\/15\/17488\/\" rel=\"bookmark\">Detr\u00e1s de las nubes se esconden miles de soles que iluminar\u00e1n Oaxaca: Gabino Cu\u00e9<\/a><\/p>\n<p><a href=\"http:\/\/www.eloriente.net\/home\/2013\/11\/15\/17488\/\" rel=\"bookmark\"><img decoding=\"async\" title=\"Detr\u00e1s de las nubes se esconden miles de soles que iluminar\u00e1n Oaxaca: Gabino Cu\u00e9\" src=\"http:\/\/www.eloriente.net\/home\/wp-content\/themes\/city-desk\/timthumb.php?src=http%3A%2F%2Fwww.eloriente.net%2Fhome%2Fwp-content%2Fuploads%2F2013%2F11%2FAtribuci%C3%B3n-Algunos-derechos-reservados-por-uLe-%40-Dortmund-oaxaca.jpg&amp;q=90&amp;w=160&amp;h=106&amp;zc=1\" alt=\"Detr\u00e1s de las nubes se esconden miles de soles que iluminar\u00e1n Oaxaca: Gabino Cu\u00e9\" \/><\/a><\/p>\n<p>eloriente.net 15 de noviembre de 2013 eloriente.net (Oaxaca, M\u00e9xico, a 15 de noviembre de 2013).- \u201cDetr\u00e1s de las nubes se esconden miles de soles que iluminar\u00e1n a Oaxaca en su devenir de grandeza\u201d, afirm\u00f3 el Gobernador de Oaxaca en la sede del Poder Legislativo local en el municipio de San Raymundo Jalpan, al presentar su [&#8230;]<\/p>\n<p>November 15, 2013<\/p>\n<\/div>\n<div><\/div>\n\n\t\t\t  <div \n\t\t\t  \tclass = \"fb-comments\" \n\t\t\t  \tdata-href = \"http:\/\/www.eloriente.net\/home\/2013\/11\/26\/oaxaca-evalua-a-su-gobierno-mitofsky-pri-y-prd-empatarian-si-hoy-fueran-las-elecciones\/\"\n\t\t\t  \tdata-numposts = \"10\"\n\t\t\t\tdata-colorscheme = \"dark\"\n\t\t\t\tdata-order-by = \"social\"\n\t\t\t\tdata-mobile=true>\n\t\t\t  <\/div>\n\t\t  <style>\n\t\t\t.fb_iframe_widget_fluid_desktop iframe {\n\t\t\t    width: 100% !important;\n\t\t\t}\n\t\t  <\/style>\n\t\t  ","protected":false},"excerpt":{"rendered":"<p>eloriente.net\/Consulta MITOFSKY 25 de noviembre de 2013 Fechado en octubre de 2013, la importante firma consultora Consulta Mitofsky public\u00f3 un estudio denominado \u00abOaxaca eval\u00faa su gobierno\u00bb, sustentado en una muestra de 430 ciudadanos del estado, con un margen de error de +\/-4 puntos porcentuales. Dicho estudio est\u00e1 disponible p\u00fablicamente, en su resumen ejecutivo, por lo [&hellip;]<\/p>\n","protected":false},"author":26,"featured_media":418,"comment_status":"open","ping_status":"open","sticky":false,"template":"","format":"standard","meta":{"_jetpack_memberships_contains_paid_content":false,"footnotes":""},"categories":[32,13,63,23,21],"tags":[],"class_list":["post-17666","post","type-post","status-publish","format-standard","has-post-thumbnail","hentry","category-entradas","category-especiales","category-estados","category-municipios","category-politica-y-gobierno"],"jetpack_featured_media_url":"http:\/\/www.eloriente.net\/home\/wp-content\/uploads\/2012\/07\/Foto-contando-boletas-1.jpg","jetpack_sharing_enabled":true,"_links":{"self":[{"href":"http:\/\/www.eloriente.net\/home\/wp-json\/wp\/v2\/posts\/17666"}],"collection":[{"href":"http:\/\/www.eloriente.net\/home\/wp-json\/wp\/v2\/posts"}],"about":[{"href":"http:\/\/www.eloriente.net\/home\/wp-json\/wp\/v2\/types\/post"}],"author":[{"embeddable":true,"href":"http:\/\/www.eloriente.net\/home\/wp-json\/wp\/v2\/users\/26"}],"replies":[{"embeddable":true,"href":"http:\/\/www.eloriente.net\/home\/wp-json\/wp\/v2\/comments?post=17666"}],"version-history":[{"count":8,"href":"http:\/\/www.eloriente.net\/home\/wp-json\/wp\/v2\/posts\/17666\/revisions"}],"predecessor-version":[{"id":17681,"href":"http:\/\/www.eloriente.net\/home\/wp-json\/wp\/v2\/posts\/17666\/revisions\/17681"}],"wp:featuredmedia":[{"embeddable":true,"href":"http:\/\/www.eloriente.net\/home\/wp-json\/wp\/v2\/media\/418"}],"wp:attachment":[{"href":"http:\/\/www.eloriente.net\/home\/wp-json\/wp\/v2\/media?parent=17666"}],"wp:term":[{"taxonomy":"category","embeddable":true,"href":"http:\/\/www.eloriente.net\/home\/wp-json\/wp\/v2\/categories?post=17666"},{"taxonomy":"post_tag","embeddable":true,"href":"http:\/\/www.eloriente.net\/home\/wp-json\/wp\/v2\/tags?post=17666"}],"curies":[{"name":"wp","href":"https:\/\/api.w.org\/{rel}","templated":true}]}}