{"id":17735,"date":"2013-11-27T20:19:15","date_gmt":"2013-11-28T02:19:15","guid":{"rendered":"http:\/\/www.eloriente.net\/home\/?p=17735"},"modified":"2013-11-27T20:19:15","modified_gmt":"2013-11-28T02:19:15","slug":"camara-de-diputados-aprueba-reformas-en-transparencia-ifai-es-autonomo","status":"publish","type":"post","link":"http:\/\/www.eloriente.net\/home\/2013\/11\/27\/camara-de-diputados-aprueba-reformas-en-transparencia-ifai-es-autonomo\/","title":{"rendered":"C\u00e1mara de Diputados aprueba reformas en Transparencia; IFAI es aut\u00f3nomo"},"content":{"rendered":"<p>eloriente.net<\/p>\n<p>27 de noviembre de 2013<\/p>\n<p>La C\u00e1mara de Diputados aprob\u00f3 ayer martes la reforma a las disposiciones constitucionales en materia de Transparencia, con 424 votos a favor, 16 en contra y cuatro abstenciones, lo cual se dota de autonom\u00eda al Instituto Federal de Acceso a la Informaci\u00f3n y Protecci\u00f3n de Datos (IFAI).<\/p>\n<p>Luego de diversas modificaciones efectuadas por los diputados federales, el IFAI obtuvo la categor\u00eda de \u00f3rgano aut\u00f3nomo constitucional, lo que garantizar\u00e1 a los mexicanos el derecho al acceso a la informaci\u00f3n, brindar seguridad sobre la protecci\u00f3n de datos personales y la transparencia, por lo que cualquier autoridad deber\u00e1 mantener p\u00fablica su informaci\u00f3n, entidades, poderes Ejecutivo, Legislativo y Judicial, organismos aut\u00f3nomos, partidos pol\u00edticos, fideicomisos, personas f\u00edsicas, morales y sindicatos.<\/p>\n<p>El IFAI estar\u00e1 facultado a actuar como segunda instancia ante el incumplimiento de los institutos de los estados para asegurar el derecho a la informaci\u00f3n, la cual solo podr\u00eda ser reservada temporalmente por razones de inter\u00e9s p\u00fablico o de seguridad nacional.<\/p>\n<p>\u201cLos legisladores coincidimos en que nuestra obligaci\u00f3n fundamental es construir un Estado democr\u00e1tico y transparente; con pleno y cabal ejercicio en la rendici\u00f3n de cuentas, ambas acciones y pr\u00e1cticas constituyen una responsabilidad de todos los entes del Estado en sus diversos \u00f3rdenes de gobierno\u201d, subray\u00f3\u00a0 el diputado Julio C\u00e9sar Moreno Rivera (PRD), presidente de la Comisi\u00f3n de Puntos Constitucionales.<\/p>\n<p>Por su parte, Laura Ximena Martel Cant\u00fa, diputada del PVEM, reconoci\u00f3 que el derecho a la informaci\u00f3n en s\u00ed mismo no garantiza un rendimiento de cuentas objetivo, veraz y oportuno, sino que debe complementarse con un organismo aut\u00f3nomo, con capacidad t\u00e9cnica para evaluar los procesos y resultados, fortalecido, dotado de autonom\u00eda constitucional, y sobre todo, que goce de la confianza y el aval de la sociedad.<\/p>\n<p>El dictamen aprobado ata\u00f1e a los art\u00edculos 6o, fracci\u00f3n VIII, p\u00e1rrafos primero, octavo y d\u00e9cimo; 73, fracci\u00f3n XXIX T; 105, fracci\u00f3n I, inciso l); 116, fracci\u00f3n VIII; 122, Base Primera, fracci\u00f3n V, inciso \u00f1) y, el tercero transitorio, modificados por la C\u00e1mara de Senadores. Finalmente, la minuta fue remitida a los Congresos de los estados para su tr\u00e1mite constitucional correspondiente.<\/p>\n<p>&nbsp;<\/p>\n<p><a href=\"http:\/\/www.eloriente.net\/home\/wp-content\/uploads\/2013\/11\/1024px-Mexico_Chamber_of_Deputies_backdrop.jpg\"><img loading=\"lazy\" decoding=\"async\" class=\"alignnone size-medium wp-image-17736\" title=\"1024px-Mexico_Chamber_of_Deputies_backdrop\" src=\"http:\/\/www.eloriente.net\/home\/wp-content\/uploads\/2013\/11\/1024px-Mexico_Chamber_of_Deputies_backdrop-300x199.jpg\" alt=\"\" width=\"300\" height=\"199\" srcset=\"http:\/\/www.eloriente.net\/home\/wp-content\/uploads\/2013\/11\/1024px-Mexico_Chamber_of_Deputies_backdrop-300x199.jpg 300w, http:\/\/www.eloriente.net\/home\/wp-content\/uploads\/2013\/11\/1024px-Mexico_Chamber_of_Deputies_backdrop.jpg 1024w\" sizes=\"(max-width: 300px) 100vw, 300px\" \/><\/a><\/p>\n<p>C\u00e1mara de Diputados. Foto: Wikimedia<\/p>\n<p>&nbsp;<\/p>\n<p><strong>Entradas relacionadas:<\/strong><\/p>\n<p><a title=\"Permalink to Enrique Pe\u00f1a Nieto presenta Estrategia Digital Nacional. Descarga aqu\u00ed estrategia \u00edntegra.\" href=\"http:\/\/www.eloriente.net\/home\/2013\/11\/26\/enrique-pena-nieto-presenta-estrategia-digital-nacional-descarga-aqui-estrategia-integra\/\" rel=\"bookmark\">Enrique Pe\u00f1a Nieto presenta Estrategia Digital Nacional. Descarga aqu\u00ed estrategia \u00edntegra.<\/a><\/p>\n<p><a href=\"http:\/\/www.eloriente.net\/home\/2013\/11\/26\/enrique-pena-nieto-presenta-estrategia-digital-nacional-descarga-aqui-estrategia-integra\/\" rel=\"bookmark\"><img decoding=\"async\" title=\"Enrique Pe\u00f1a Nieto presenta Estrategia Digital Nacional. Descarga aqu\u00ed estrategia \u00edntegra.\" src=\"http:\/\/www.eloriente.net\/home\/wp-content\/themes\/city-desk\/timthumb.php?src=http%3A%2F%2Fwww.eloriente.net%2Fhome%2Fwp-content%2Fuploads%2F2013%2F11%2FMEXDigital.png&amp;q=90&amp;w=160&amp;h=106&amp;zc=1\" alt=\"Enrique Pe\u00f1a Nieto presenta Estrategia Digital Nacional. Descarga aqu\u00ed estrategia \u00edntegra.\" \/><\/a><\/p>\n<p>eloriente.net 26 de noviembre de 2013 El presidente de la Rep\u00fablica, Enrique Pe\u00f1a Nieto, present\u00f3 el d\u00eda de ayer la Estrategia Digital Nacional, un proyecto que promueve el acceso y uso de las tecnolog\u00edas de informaci\u00f3n y comunicaci\u00f3n con la finalidad de crear un impacto econ\u00f3mico, social y pol\u00edtico que beneficie a la calidad de [&#8230;]<\/p>\n<p>November 26, 2013<\/p>\n<div id=\"post-17434\"><\/div>\n<div id=\"post-17407\">\n<p><a title=\"Permalink to IFAI pide cuentas a los productores de \u201cPresunto culpable\u201d\" href=\"http:\/\/www.eloriente.net\/home\/2013\/11\/10\/ifai-pide-cuentas-a-los-productores-de-presunto-culpable\/\" rel=\"bookmark\">IFAI pide cuentas a los productores de \u201cPresunto culpable\u201d<\/a><\/p>\n<p><a href=\"http:\/\/www.eloriente.net\/home\/2013\/11\/10\/ifai-pide-cuentas-a-los-productores-de-presunto-culpable\/\" rel=\"bookmark\"><img decoding=\"async\" title=\"IFAI pide cuentas a los productores de \u201cPresunto culpable\u201d\" src=\"http:\/\/www.eloriente.net\/home\/wp-content\/themes\/city-desk\/timthumb.php?src=http%3A%2F%2Fwww.eloriente.net%2Fhome%2Fwp-content%2Fuploads%2F2013%2F11%2FPresunto-culpable-n22.jpg&amp;q=90&amp;w=160&amp;h=106&amp;zc=1\" alt=\"IFAI pide cuentas a los productores de \u201cPresunto culpable\u201d\" \/><\/a><\/p>\n<p>eloriente.net\/Agencia de Noticias de Canal 22 8 de noviembre de 2013 CIUDAD DE M\u00c9XICO, M\u00e9xico, (N22\/Redacci\u00f3n).-\u00a0El Instituto Mexicano de Cinematograf\u00eda (Imcine) deber\u00e1 buscar y dar a conocer el monto recaudado por la exhibici\u00f3n en el extranjero de la pel\u00edcula \u201cPresunto Culpable\u201d, as\u00ed como indicar los pa\u00edses en los que la cinta fue presentada. El Pleno [&#8230;]<\/p>\n<p>November 10, 2013<\/p>\n<\/div>\n<div id=\"post-17395\">\n<p><a title=\"Permalink to En el mundo, el fracking; aqu\u00ed ni una reforma\" href=\"http:\/\/www.eloriente.net\/home\/2013\/11\/09\/en-el-mundo-el-fracking-aqui-ni-una-reforma\/\" rel=\"bookmark\">En el mundo, el fracking; aqu\u00ed ni una reforma<\/a><\/p>\n<p><a href=\"http:\/\/www.eloriente.net\/home\/2013\/11\/09\/en-el-mundo-el-fracking-aqui-ni-una-reforma\/\" rel=\"bookmark\"><img decoding=\"async\" title=\"En el mundo, el fracking; aqu\u00ed ni una reforma\" src=\"http:\/\/www.eloriente.net\/home\/wp-content\/themes\/city-desk\/timthumb.php?src=http%3A%2F%2Fwww.eloriente.net%2Fhome%2Fwp-content%2Fuploads%2F2013%2F09%2FBandera-M%C3%A9xico-httpcreativecommons.orglicensesby-sa2.0.jpg&amp;q=90&amp;w=160&amp;h=106&amp;zc=1\" alt=\"En el mundo, el fracking; aqu\u00ed ni una reforma\" \/><\/a><\/p>\n<p>eloriente.net 9 de noviembre de 2013 Por: Adri\u00e1n Ortiz Romero + En el mundo, el fracking; aqu\u00ed ni una reforma + M\u00e9xico, tras una reforma que ya debi\u00f3 ocurrir Una vez que termine la discusi\u00f3n sobre el Presupuesto de Egresos para 2014, en M\u00e9xico vendr\u00e1n dos temas que son decisivos para la vida p\u00fablica, pero [&#8230;]<\/p>\n<p>November 9, 2013<\/p>\n<\/div>\n\n\t\t\t  <div \n\t\t\t  \tclass = \"fb-comments\" \n\t\t\t  \tdata-href = \"http:\/\/www.eloriente.net\/home\/2013\/11\/27\/camara-de-diputados-aprueba-reformas-en-transparencia-ifai-es-autonomo\/\"\n\t\t\t  \tdata-numposts = \"10\"\n\t\t\t\tdata-colorscheme = \"dark\"\n\t\t\t\tdata-order-by = \"social\"\n\t\t\t\tdata-mobile=true>\n\t\t\t  <\/div>\n\t\t  <style>\n\t\t\t.fb_iframe_widget_fluid_desktop iframe {\n\t\t\t    width: 100% !important;\n\t\t\t}\n\t\t  <\/style>\n\t\t  ","protected":false},"excerpt":{"rendered":"<p>eloriente.net 27 de noviembre de 2013 La C\u00e1mara de Diputados aprob\u00f3 ayer martes la reforma a las disposiciones constitucionales en materia de Transparencia, con 424 votos a favor, 16 en contra y cuatro abstenciones, lo cual se dota de autonom\u00eda al Instituto Federal de Acceso a la Informaci\u00f3n y Protecci\u00f3n de Datos (IFAI). Luego de [&hellip;]<\/p>\n","protected":false},"author":26,"featured_media":17736,"comment_status":"open","ping_status":"open","sticky":false,"template":"","format":"standard","meta":{"_jetpack_memberships_contains_paid_content":false,"footnotes":""},"categories":[22,32,10,24,21],"tags":[],"class_list":["post-17735","post","type-post","status-publish","format-standard","has-post-thumbnail","hentry","category-derechos-humanos","category-entradas","category-lo-mas-reciente","category-mexico-y-el-mundo","category-politica-y-gobierno"],"jetpack_featured_media_url":"http:\/\/www.eloriente.net\/home\/wp-content\/uploads\/2013\/11\/1024px-Mexico_Chamber_of_Deputies_backdrop.jpg","jetpack_sharing_enabled":true,"_links":{"self":[{"href":"http:\/\/www.eloriente.net\/home\/wp-json\/wp\/v2\/posts\/17735"}],"collection":[{"href":"http:\/\/www.eloriente.net\/home\/wp-json\/wp\/v2\/posts"}],"about":[{"href":"http:\/\/www.eloriente.net\/home\/wp-json\/wp\/v2\/types\/post"}],"author":[{"embeddable":true,"href":"http:\/\/www.eloriente.net\/home\/wp-json\/wp\/v2\/users\/26"}],"replies":[{"embeddable":true,"href":"http:\/\/www.eloriente.net\/home\/wp-json\/wp\/v2\/comments?post=17735"}],"version-history":[{"count":6,"href":"http:\/\/www.eloriente.net\/home\/wp-json\/wp\/v2\/posts\/17735\/revisions"}],"predecessor-version":[{"id":17744,"href":"http:\/\/www.eloriente.net\/home\/wp-json\/wp\/v2\/posts\/17735\/revisions\/17744"}],"wp:featuredmedia":[{"embeddable":true,"href":"http:\/\/www.eloriente.net\/home\/wp-json\/wp\/v2\/media\/17736"}],"wp:attachment":[{"href":"http:\/\/www.eloriente.net\/home\/wp-json\/wp\/v2\/media?parent=17735"}],"wp:term":[{"taxonomy":"category","embeddable":true,"href":"http:\/\/www.eloriente.net\/home\/wp-json\/wp\/v2\/categories?post=17735"},{"taxonomy":"post_tag","embeddable":true,"href":"http:\/\/www.eloriente.net\/home\/wp-json\/wp\/v2\/tags?post=17735"}],"curies":[{"name":"wp","href":"https:\/\/api.w.org\/{rel}","templated":true}]}}