{"id":17745,"date":"2013-11-28T10:13:09","date_gmt":"2013-11-28T16:13:09","guid":{"rendered":"http:\/\/www.eloriente.net\/home\/?p=17745"},"modified":"2013-11-28T10:13:09","modified_gmt":"2013-11-28T16:13:09","slug":"participacion-infantil-en-ejercicio-de-formacion-ciudadana","status":"publish","type":"post","link":"http:\/\/www.eloriente.net\/home\/2013\/11\/28\/participacion-infantil-en-ejercicio-de-formacion-ciudadana\/","title":{"rendered":"Participaci\u00f3n infantil en ejercicio de formaci\u00f3n ciudadana"},"content":{"rendered":"<p>eloriente.net\/IFE Oaxaca<\/p>\n<p>28 de noviembre de 2013<\/p>\n<p>DURANTE LA CONVENCI\u00d3N DISTRITAL PARA ELEGIR A INTEGRANTES DEL 9\u00b0 PARLAMENTO INFANTIL, ROBERTO HEYCHER CARDIEL SOTO, DELEGADO DEL IFE, SE\u00d1AL\u00d3 QUE HOY LA NI\u00d1EZ REFLEXIONA SOBRE TEMAS SUSTANTIVOS DE NUESTRA DEMOCRACIA.<\/p>\n<p>\u00abTres retos a superar tenemos las y los mexicanos en el camino del fortalecimiento de la democracia constitucional actual de nuestro pa\u00eds: m\u00e1s transparencia, mayor participaci\u00f3n y menos corrupci\u00f3n\u00bb, as\u00ed dijo Roberto Heycher Cardiel Soto, delegado estatal del IFE en Oaxaca, durante la Convenci\u00f3n Distrital en la que fue electa como legisladora infantil por el Distrito 08, de Oaxaca de Ju\u00e1rez, la ni\u00f1a Georgina Mart\u00ednez Gracida English, quien forma parte ya del 9\u00b0 Parlamento de las Ni\u00f1as y Ni\u00f1os de M\u00e9xico 2013.<\/p>\n<p>En su mensaje, dirigido a los participantes de la convenci\u00f3n, padres de familia, profesores y funcionarios estatales y federales, Cardiel Soto indic\u00f3 que las ni\u00f1as y los ni\u00f1os que participan en este ejercicio de formaci\u00f3n ciudadana, organizado por el Congreso de la Uni\u00f3n, el IFE y diversas dependencias gubernamentales, no s\u00f3lo est\u00e1n aprendiendo procesos relativos a la votaci\u00f3n y a las elecciones, sino que est\u00e1n reflexionando en\u00a0 temas sustantivos como lo es nuestra democracia.<\/p>\n<p>Indic\u00f3 que son los ni\u00f1os quienes mejor pueden mostrarnos c\u00f3mo debe ser la transparencia y la rendici\u00f3n de cuentas, que es uno de los grandes retos que tenemos como pa\u00eds en el fortalecimiento de nuestra democracia. Un segundo reto es extender la participaci\u00f3n ciudadana m\u00e1s all\u00e1 de las urnas para involucrarnos en las problem\u00e1ticas sociales y aportar soluciones en beneficio de la comunidad en la cual vivimos.<\/p>\n<p>Asimismo, se\u00f1al\u00f3 que la corrupci\u00f3n es otro desaf\u00edo, la cual no solamente nos cuesta dinero sino que pone en riesgo nuestro futuro y nuestra viabilidad como sociedad, porque la corrupci\u00f3n, en parte, impide que las democracias no produzcan prosperidad para las y los ciudadanos, ese, recalc\u00f3, es el principal reto de las democracias modernas: transformar los mecanismos de participaci\u00f3n en prosperidad. Todos estos temas ser\u00e1n los que las ni\u00f1as y ni\u00f1os del Parlamento Infantil expondr\u00e1n en la m\u00e1xima tribuna del pa\u00eds, indic\u00f3.<\/p>\n<p>En presencia del diputado federal por el Distrito 08, Hugo Jarqu\u00edn, el delegado del IFE agradeci\u00f3 el apoyo de instancias de Gobierno del Estado para realizar esta actividad, as\u00ed como de organismos como la Defensor\u00eda de los Derechos Humanos de los Pueblos de Oaxaca, cuya sede fue el foro en el que se llev\u00f3 a cabo la Convenci\u00f3n del Distrito 08, donde participaron tres ni\u00f1as y cinco ni\u00f1os cuyo anhelo era ser parte del 9\u00b0 Parlamento Infantil.<\/p>\n<p>El profesional electoral celebr\u00f3 el inter\u00e9s de 169 ni\u00f1as y ni\u00f1os de entre 10 y 12 a\u00f1os de edad que cursan el quinto a\u00f1o de primaria registrados en este ejercicio, 108 provenientes de escuelas del Consejo Nacional de Fomento Educativo (CONAFE), 32 de escuelas primarias p\u00fablicas, 24 de primarias privadas y cinco de primarias ind\u00edgenas.<\/p>\n<p>La legisladora infantil por el Distrito 08, Georgina Mart\u00ednez Gracida English, del Colegio Lomas Verdes, obtuvo de manos del vocal ejecutivo de la Junta Distrital 08, Salvador Alvarado V\u00e1squez, la constancia de mayor\u00eda al obtener 11 votos a favor con el tema Derecho a la Educaci\u00f3n, mientras que el ni\u00f1o Jos\u00e9 Miguel Guzm\u00e1n Hern\u00e1ndez, representante del Colegio Motolin\u00eda de Antequera, con 8 votos a favor obtuvo la diputaci\u00f3n suplente, luego de disertar el tema Derecho a la No Discriminaci\u00f3n.<\/p>\n<p>Las convenciones distritales se realizaron de forma simult\u00e1nea en los 11 distritos electorales de Oaxaca para elegir al mismo n\u00famero de legisladores infantiles que acudir\u00e1n al Congreso de la Uni\u00f3n del 23 de febrero al 1 de marzo del 2014 para participar en la novena edici\u00f3n del Parlamento de las Ni\u00f1as y Ni\u00f1os de M\u00e9xico.<\/p>\n<p>&nbsp;<\/p>\n<p><a href=\"http:\/\/www.eloriente.net\/home\/wp-content\/uploads\/2013\/11\/FOTO-3.jpg\"><img loading=\"lazy\" decoding=\"async\" class=\"alignnone size-medium wp-image-17746\" title=\"SONY DSC\" src=\"http:\/\/www.eloriente.net\/home\/wp-content\/uploads\/2013\/11\/FOTO-3-300x167.jpg\" alt=\"\" width=\"300\" height=\"167\" srcset=\"http:\/\/www.eloriente.net\/home\/wp-content\/uploads\/2013\/11\/FOTO-3-300x167.jpg 300w, http:\/\/www.eloriente.net\/home\/wp-content\/uploads\/2013\/11\/FOTO-3.jpg 800w\" sizes=\"(max-width: 300px) 100vw, 300px\" \/><\/a><\/p>\n<p>A trav\u00e9s del voto secreto ni\u00f1as y ni\u00f1os de Oaxaca eligieron a los 11 diputados infantiles que participar\u00e1n en el 9\u00b0 Parlamento de las Ni\u00f1as y Ni\u00f1os de M\u00e9xico 2013.<\/p>\n<p>Foto: IFE Oaxaca<\/p>\n<p>&nbsp;<\/p>\n<p><strong>Entradas relacionadas:<\/strong><\/p>\n<p><a title=\"Permalink to Enrique Pe\u00f1a Nieto presenta Estrategia Digital Nacional. Descarga aqu\u00ed estrategia \u00edntegra.\" href=\"http:\/\/www.eloriente.net\/home\/2013\/11\/26\/enrique-pena-nieto-presenta-estrategia-digital-nacional-descarga-aqui-estrategia-integra\/\" rel=\"bookmark\">Enrique Pe\u00f1a Nieto presenta Estrategia Digital Nacional. Descarga aqu\u00ed estrategia \u00edntegra.<\/a><\/p>\n<p><a href=\"http:\/\/www.eloriente.net\/home\/2013\/11\/26\/enrique-pena-nieto-presenta-estrategia-digital-nacional-descarga-aqui-estrategia-integra\/\" rel=\"bookmark\"><img decoding=\"async\" title=\"Enrique Pe\u00f1a Nieto presenta Estrategia Digital Nacional. Descarga aqu\u00ed estrategia \u00edntegra.\" src=\"http:\/\/www.eloriente.net\/home\/wp-content\/themes\/city-desk\/timthumb.php?src=http%3A%2F%2Fwww.eloriente.net%2Fhome%2Fwp-content%2Fuploads%2F2013%2F11%2FMEXDigital.png&amp;q=90&amp;w=160&amp;h=106&amp;zc=1\" alt=\"Enrique Pe\u00f1a Nieto presenta Estrategia Digital Nacional. Descarga aqu\u00ed estrategia \u00edntegra.\" \/><\/a><\/p>\n<p>eloriente.net 26 de noviembre de 2013 El presidente de la Rep\u00fablica, Enrique Pe\u00f1a Nieto, present\u00f3 el d\u00eda de ayer la Estrategia Digital Nacional, un proyecto que promueve el acceso y uso de las tecnolog\u00edas de informaci\u00f3n y comunicaci\u00f3n con la finalidad de crear un impacto econ\u00f3mico, social y pol\u00edtico que beneficie a la calidad de [&#8230;]<\/p>\n<p>November 26, 2013<\/p>\n<div id=\"post-17666\">\n<p><a title=\"Permalink to Oaxaca eval\u00faa a su gobierno: Mitofsky; PRI y PRD empatar\u00edan si hoy fueran las elecciones\" href=\"http:\/\/www.eloriente.net\/home\/2013\/11\/26\/oaxaca-evalua-a-su-gobierno-mitofsky-pri-y-prd-empatarian-si-hoy-fueran-las-elecciones\/\" rel=\"bookmark\">Oaxaca eval\u00faa a su gobierno: Mitofsky; PRI y PRD empatar\u00edan si hoy fueran las elecciones<\/a><\/p>\n<p><a href=\"http:\/\/www.eloriente.net\/home\/2013\/11\/26\/oaxaca-evalua-a-su-gobierno-mitofsky-pri-y-prd-empatarian-si-hoy-fueran-las-elecciones\/\" rel=\"bookmark\"><img decoding=\"async\" title=\"Oaxaca eval\u00faa a su gobierno: Mitofsky; PRI y PRD empatar\u00edan si hoy fueran las elecciones\" src=\"http:\/\/www.eloriente.net\/home\/wp-content\/themes\/city-desk\/timthumb.php?src=http%3A%2F%2Fwww.eloriente.net%2Fhome%2Fwp-content%2Fuploads%2F2012%2F07%2FFoto-contando-boletas-1.jpg&amp;q=90&amp;w=160&amp;h=106&amp;zc=1\" alt=\"Oaxaca eval\u00faa a su gobierno: Mitofsky; PRI y PRD empatar\u00edan si hoy fueran las elecciones\" \/><\/a><\/p>\n<p>eloriente.net\/Consulta MITOFSKY 25 de noviembre de 2013 Fechado en octubre de 2013, la importante firma consultora Consulta Mitofsky public\u00f3 un estudio denominado \u201cOaxaca eval\u00faa su gobierno\u201d, sustentado en una muestra de 430 ciudadanos del estado, con un margen de error de +\/-4 puntos porcentuales. Dicho estudio est\u00e1 disponible p\u00fablicamente, en su resumen ejecutivo, por lo [&#8230;]<\/p>\n<p>November 26, 2013<\/p>\n<\/div>\n<div id=\"post-17645\">\n<p><a title=\"Permalink to Prevalace la presunci\u00f3n de inocencia en el nuevo Sistema Acusatorio Adversarial\" href=\"http:\/\/www.eloriente.net\/home\/2013\/11\/25\/prevalace-la-presuncion-de-inocencia-en-el-nuevo-sistema-acusatorio-adversarial\/\" rel=\"bookmark\">Prevalace la presunci\u00f3n de inocencia en el nuevo Sistema Acusatorio Adversarial<\/a><\/p>\n<p><a href=\"http:\/\/www.eloriente.net\/home\/2013\/11\/25\/prevalace-la-presuncion-de-inocencia-en-el-nuevo-sistema-acusatorio-adversarial\/\" rel=\"bookmark\"><img decoding=\"async\" title=\"Prevalace la presunci\u00f3n de inocencia en el nuevo Sistema Acusatorio Adversarial\" src=\"http:\/\/www.eloriente.net\/home\/wp-content\/themes\/city-desk\/timthumb.php?src=http%3A%2F%2Fwww.eloriente.net%2Fhome%2Fwp-content%2Fuploads%2F2013%2F11%2FSe-informa-a-los-ciudadanos-sobre-el-Sistema-Acusatorio-Adversarial.jpg&amp;q=90&amp;w=160&amp;h=106&amp;zc=1\" alt=\"Prevalace la presunci\u00f3n de inocencia en el nuevo Sistema Acusatorio Adversarial\" \/><\/a><\/p>\n<p>eloriente.net\/NSJP 25 de noviembre de 2013 La implementaci\u00f3n del Sistema Acusatorio Adversarial busca brindar certeza jur\u00eddica en el marco de la legalidad. En los \u00faltimos a\u00f1os M\u00e9xico ha sufrido diversas transformaciones en el \u00e1mbito jur\u00eddico, la m\u00e1s importante el 18 de junio de 2008, con la Reforma Constitucional al Sistema Jur\u00eddico Mexicano, la cual adopta [&#8230;]<\/p>\n<p>November 25, 2013<\/p>\n<\/div>\n\n\t\t\t  <div \n\t\t\t  \tclass = \"fb-comments\" \n\t\t\t  \tdata-href = \"http:\/\/www.eloriente.net\/home\/2013\/11\/28\/participacion-infantil-en-ejercicio-de-formacion-ciudadana\/\"\n\t\t\t  \tdata-numposts = \"10\"\n\t\t\t\tdata-colorscheme = \"dark\"\n\t\t\t\tdata-order-by = \"social\"\n\t\t\t\tdata-mobile=true>\n\t\t\t  <\/div>\n\t\t  <style>\n\t\t\t.fb_iframe_widget_fluid_desktop iframe {\n\t\t\t    width: 100% !important;\n\t\t\t}\n\t\t  <\/style>\n\t\t  ","protected":false},"excerpt":{"rendered":"<p>eloriente.net\/IFE Oaxaca 28 de noviembre de 2013 DURANTE LA CONVENCI\u00d3N DISTRITAL PARA ELEGIR A INTEGRANTES DEL 9\u00b0 PARLAMENTO INFANTIL, ROBERTO HEYCHER CARDIEL SOTO, DELEGADO DEL IFE, SE\u00d1AL\u00d3 QUE HOY LA NI\u00d1EZ REFLEXIONA SOBRE TEMAS SUSTANTIVOS DE NUESTRA DEMOCRACIA. \u00abTres retos a superar tenemos las y los mexicanos en el camino del fortalecimiento de la democracia [&hellip;]<\/p>\n","protected":false},"author":26,"featured_media":17746,"comment_status":"open","ping_status":"open","sticky":false,"template":"","format":"standard","meta":{"_jetpack_memberships_contains_paid_content":false,"footnotes":""},"categories":[22,18,10,21],"tags":[],"class_list":["post-17745","post","type-post","status-publish","format-standard","has-post-thumbnail","hentry","category-derechos-humanos","category-educacion-y-cultura","category-lo-mas-reciente","category-politica-y-gobierno"],"jetpack_featured_media_url":"http:\/\/www.eloriente.net\/home\/wp-content\/uploads\/2013\/11\/FOTO-3.jpg","jetpack_sharing_enabled":true,"_links":{"self":[{"href":"http:\/\/www.eloriente.net\/home\/wp-json\/wp\/v2\/posts\/17745"}],"collection":[{"href":"http:\/\/www.eloriente.net\/home\/wp-json\/wp\/v2\/posts"}],"about":[{"href":"http:\/\/www.eloriente.net\/home\/wp-json\/wp\/v2\/types\/post"}],"author":[{"embeddable":true,"href":"http:\/\/www.eloriente.net\/home\/wp-json\/wp\/v2\/users\/26"}],"replies":[{"embeddable":true,"href":"http:\/\/www.eloriente.net\/home\/wp-json\/wp\/v2\/comments?post=17745"}],"version-history":[{"count":4,"href":"http:\/\/www.eloriente.net\/home\/wp-json\/wp\/v2\/posts\/17745\/revisions"}],"predecessor-version":[{"id":17750,"href":"http:\/\/www.eloriente.net\/home\/wp-json\/wp\/v2\/posts\/17745\/revisions\/17750"}],"wp:featuredmedia":[{"embeddable":true,"href":"http:\/\/www.eloriente.net\/home\/wp-json\/wp\/v2\/media\/17746"}],"wp:attachment":[{"href":"http:\/\/www.eloriente.net\/home\/wp-json\/wp\/v2\/media?parent=17745"}],"wp:term":[{"taxonomy":"category","embeddable":true,"href":"http:\/\/www.eloriente.net\/home\/wp-json\/wp\/v2\/categories?post=17745"},{"taxonomy":"post_tag","embeddable":true,"href":"http:\/\/www.eloriente.net\/home\/wp-json\/wp\/v2\/tags?post=17745"}],"curies":[{"name":"wp","href":"https:\/\/api.w.org\/{rel}","templated":true}]}}