{"id":17793,"date":"2013-11-28T14:03:35","date_gmt":"2013-11-28T20:03:35","guid":{"rendered":"http:\/\/www.eloriente.net\/home\/?p=17793"},"modified":"2013-11-28T14:03:35","modified_gmt":"2013-11-28T20:03:35","slug":"en-vivo-coloquio-veracruzano-de-otono-2013","status":"publish","type":"post","link":"http:\/\/www.eloriente.net\/home\/2013\/11\/28\/en-vivo-coloquio-veracruzano-de-otono-2013\/","title":{"rendered":"En Vivo: Coloquio Veracruzano de Oto\u00f1o 2013"},"content":{"rendered":"<p>eloriente.net<\/p>\n<p>28 de noviembre de 2013<\/p>\n<p>El Coloquio Veracruzano de Oto\u00f1o es un foro internacional organizado por la Universidad Veracruzana (UV) y la Secretar\u00eda de Educaci\u00f3n de Veracruz (SEV) que revisa anualmente los temas m\u00e1s apremiantes para el pa\u00eds.\u00a0Convoca a los especialistas m\u00e1s destacados y tiene sede en la Unidad de Servicios Bibliotecarios e Informaci\u00f3n (USBI) de la UV.<\/p>\n<p>Su edici\u00f3n 2013 recibi\u00f3 el nombre \u00abLos Desaf\u00edos del Deporte en M\u00e9xico\u00bb, en la cual se invit\u00f3 al medallista panamericano Ivar Sisniega, las figuras del b\u00e9isbol Luis Mer\u00e9 y Ram\u00f3n Hern\u00e1ndez, el ex basquetbolista Arturo Guerrero y otras destacadas figuras, quienes compartir\u00e1n sus experiencias y puntos de vista sobre el tema los d\u00edas 28 y 29 de noviembre.<\/p>\n<p>&nbsp;<\/p>\n<p><a href=\"http:\/\/www.eloriente.net\/home\/wp-content\/uploads\/2013\/11\/Coloquio-Veracruzano.jpg\"><img loading=\"lazy\" decoding=\"async\" class=\"alignnone size-medium wp-image-17794\" title=\"Coloquio Veracruzano\" src=\"http:\/\/www.eloriente.net\/home\/wp-content\/uploads\/2013\/11\/Coloquio-Veracruzano-300x197.jpg\" alt=\"\" width=\"300\" height=\"197\" srcset=\"http:\/\/www.eloriente.net\/home\/wp-content\/uploads\/2013\/11\/Coloquio-Veracruzano-300x197.jpg 300w, http:\/\/www.eloriente.net\/home\/wp-content\/uploads\/2013\/11\/Coloquio-Veracruzano.jpg 787w\" sizes=\"(max-width: 300px) 100vw, 300px\" \/><\/a><\/p>\n<p>&nbsp;<\/p>\n<p>Eloriente.net pone a tu alcance este evento:<\/p>\n<p><a href=\"http:\/\/www.uv.mx\/television\/transmision\/\" target=\"_blank\">TRANSMISI\u00d3N EN VIVO<\/a><\/p>\n<p><a href=\"http:\/\/www.uv.mx\/secretariaacademica\/general\/coloquio-veracruzano-de-otono\/\" target=\"_blank\">PROGRAMA<\/a><\/p>\n<p>S\u00edgue el evento a trav\u00e9s de las redes sociales:<\/p>\n<p><a href=\"https:\/\/www.facebook.com\/pages\/Coloquio-Veracruzano-de-Oto%C3%B1o\/217414968327367\" target=\"_blank\">FACEBOOK<\/a><\/p>\n<p><a href=\"https:\/\/twitter.com\/Coloquio_Ver\" target=\"_blank\">TWITTER<\/a><\/p>\n<p>&nbsp;<\/p>\n<p><strong>Entradas relacionadas:<\/strong><\/p>\n<p><a title=\"Permalink to Erica Woda imparte cl\u00ednicas de soccer en la LED-UABJO\" href=\"http:\/\/www.eloriente.net\/home\/2013\/11\/25\/erica-woda-imparte-clinicas-de-soccer-en-la-led-uabjo\/\" rel=\"bookmark\">Erica Woda imparte cl\u00ednicas de soccer en la LED-UABJO<\/a><\/p>\n<p><a href=\"http:\/\/www.eloriente.net\/home\/2013\/11\/25\/erica-woda-imparte-clinicas-de-soccer-en-la-led-uabjo\/\" rel=\"bookmark\"><img decoding=\"async\" title=\"Erica Woda imparte cl\u00ednicas de soccer en la LED-UABJO\" src=\"http:\/\/www.eloriente.net\/home\/wp-content\/themes\/city-desk\/timthumb.php?src=http%3A%2F%2Fwww.eloriente.net%2Fhome%2Fwp-content%2Fuploads%2F2013%2F11%2FErica-Woda.jpg&amp;q=90&amp;w=160&amp;h=106&amp;zc=1\" alt=\"Erica Woda imparte cl\u00ednicas de soccer en la LED-UABJO\" \/><\/a><\/p>\n<p>eloriente.net\/UABJO 25 de noviembre de 2013 La Licenciatura en Entrenamiento Deportivo (LED) de la Universidad Aut\u00f3noma \u201cBenito Ju\u00e1rez\u201d de Oaxaca (UABJO) en coordinaci\u00f3n con el Municipio y la Embajada de Estados Unidos en Oaxaca bajo la premisa \u201cel empoderamiento de la mujer y las ni\u00f1as a trav\u00e9s del deporte\u201d, llevaron a cabo un curso-taller impartido [&#8230;]<\/p>\n<p>November 25, 2013<\/p>\n<p><a title=\"Permalink to Cr\u00f3nicas Beisboleras: Factores considerados por scouts\" href=\"http:\/\/www.eloriente.net\/home\/2013\/11\/17\/cronicas-beisboleras-factores-considerados-por-scouts\/\" rel=\"bookmark\">Cr\u00f3nicas Beisboleras: Factores considerados por scouts<\/a><\/p>\n<p><a href=\"http:\/\/www.eloriente.net\/home\/2013\/11\/17\/cronicas-beisboleras-factores-considerados-por-scouts\/\" rel=\"bookmark\"><img decoding=\"async\" title=\"Cr\u00f3nicas Beisboleras: Factores considerados por scouts\" src=\"http:\/\/www.eloriente.net\/home\/wp-content\/themes\/city-desk\/timthumb.php?src=http%3A%2F%2Fwww.eloriente.net%2Fhome%2Fwp-content%2Fuploads%2F2013%2F06%2FAlgunos-derechos-reservados-por-Gamma-Man-beisbol-.jpg&amp;q=90&amp;w=160&amp;h=106&amp;zc=1\" alt=\"Cr\u00f3nicas Beisboleras: Factores considerados por scouts\" \/><\/a><\/p>\n<p>eloriente.net 17 de noviembre de 2013 La Pregunta \u00bfSabe usted quien fue el mejor lanzador mexicano en Grandes Ligas durante la temporada 2013 que acaba de terminar? La respuesta al final de la columna. Factores considerados por scouts Los equipos profesionales de b\u00e9isbol tienen todo un equipo de visores que viajan por las ciudades donde [&#8230;]<\/p>\n<p>November 17, 2013<\/p>\n<p><a title=\"Permalink to Cr\u00f3nicas Beisboleras: Campeones bateadores de Grandes Ligas\" href=\"http:\/\/www.eloriente.net\/home\/2013\/11\/10\/cronicas-beisboleras-campeones-bateadores-de-grandes-ligas\/\" rel=\"bookmark\">Cr\u00f3nicas Beisboleras: Campeones bateadores de Grandes Ligas<\/a><\/p>\n<p><a href=\"http:\/\/www.eloriente.net\/home\/2013\/11\/10\/cronicas-beisboleras-campeones-bateadores-de-grandes-ligas\/\" rel=\"bookmark\"><img decoding=\"async\" title=\"Cr\u00f3nicas Beisboleras: Campeones bateadores de Grandes Ligas\" src=\"http:\/\/www.eloriente.net\/home\/wp-content\/themes\/city-desk\/timthumb.php?src=http%3A%2F%2Fwww.eloriente.net%2Fhome%2Fwp-content%2Fuploads%2F2013%2F11%2FAtribuci%C3%B3n-Algunos-derechos-reservados-por-Dave-Hogg-Ty-Cobb.jpg&amp;q=90&amp;w=160&amp;h=106&amp;zc=1\" alt=\"Cr\u00f3nicas Beisboleras: Campeones bateadores de Grandes Ligas\" \/><\/a><\/p>\n<p>eloriente.net 9 de noviembre de 2013 Por: Jaime Palau Ranz La Pregunta. \u00bfSabe Usted quien es el \u00fanico pelotero mexicano que ha ganado un t\u00edtulo de bateo en Grandes Ligas y cuando lo hizo? La respuesta al final de la columna. Campeones Bateadores. En la historia de las Ligas Mayores ha habido grandes bateadores, con [&#8230;]<\/p>\n<p>November 10, 2013<\/p>\n\n\t\t\t  <div \n\t\t\t  \tclass = \"fb-comments\" \n\t\t\t  \tdata-href = \"http:\/\/www.eloriente.net\/home\/2013\/11\/28\/en-vivo-coloquio-veracruzano-de-otono-2013\/\"\n\t\t\t  \tdata-numposts = \"10\"\n\t\t\t\tdata-colorscheme = \"dark\"\n\t\t\t\tdata-order-by = \"social\"\n\t\t\t\tdata-mobile=true>\n\t\t\t  <\/div>\n\t\t  <style>\n\t\t\t.fb_iframe_widget_fluid_desktop iframe {\n\t\t\t    width: 100% !important;\n\t\t\t}\n\t\t  <\/style>\n\t\t  ","protected":false},"excerpt":{"rendered":"<p>eloriente.net 28 de noviembre de 2013 El Coloquio Veracruzano de Oto\u00f1o es un foro internacional organizado por la Universidad Veracruzana (UV) y la Secretar\u00eda de Educaci\u00f3n de Veracruz (SEV) que revisa anualmente los temas m\u00e1s apremiantes para el pa\u00eds.\u00a0Convoca a los especialistas m\u00e1s destacados y tiene sede en la Unidad de Servicios Bibliotecarios e Informaci\u00f3n [&hellip;]<\/p>\n","protected":false},"author":26,"featured_media":17794,"comment_status":"open","ping_status":"open","sticky":false,"template":"","format":"standard","meta":{"_jetpack_memberships_contains_paid_content":false,"footnotes":""},"categories":[15,18,63,10,84],"tags":[],"class_list":["post-17793","post","type-post","status-publish","format-standard","has-post-thumbnail","hentry","category-deportes","category-educacion-y-cultura","category-estados","category-lo-mas-reciente","category-universidades"],"jetpack_featured_media_url":"http:\/\/www.eloriente.net\/home\/wp-content\/uploads\/2013\/11\/Coloquio-Veracruzano.jpg","jetpack_sharing_enabled":true,"_links":{"self":[{"href":"http:\/\/www.eloriente.net\/home\/wp-json\/wp\/v2\/posts\/17793"}],"collection":[{"href":"http:\/\/www.eloriente.net\/home\/wp-json\/wp\/v2\/posts"}],"about":[{"href":"http:\/\/www.eloriente.net\/home\/wp-json\/wp\/v2\/types\/post"}],"author":[{"embeddable":true,"href":"http:\/\/www.eloriente.net\/home\/wp-json\/wp\/v2\/users\/26"}],"replies":[{"embeddable":true,"href":"http:\/\/www.eloriente.net\/home\/wp-json\/wp\/v2\/comments?post=17793"}],"version-history":[{"count":10,"href":"http:\/\/www.eloriente.net\/home\/wp-json\/wp\/v2\/posts\/17793\/revisions"}],"predecessor-version":[{"id":17804,"href":"http:\/\/www.eloriente.net\/home\/wp-json\/wp\/v2\/posts\/17793\/revisions\/17804"}],"wp:featuredmedia":[{"embeddable":true,"href":"http:\/\/www.eloriente.net\/home\/wp-json\/wp\/v2\/media\/17794"}],"wp:attachment":[{"href":"http:\/\/www.eloriente.net\/home\/wp-json\/wp\/v2\/media?parent=17793"}],"wp:term":[{"taxonomy":"category","embeddable":true,"href":"http:\/\/www.eloriente.net\/home\/wp-json\/wp\/v2\/categories?post=17793"},{"taxonomy":"post_tag","embeddable":true,"href":"http:\/\/www.eloriente.net\/home\/wp-json\/wp\/v2\/tags?post=17793"}],"curies":[{"name":"wp","href":"https:\/\/api.w.org\/{rel}","templated":true}]}}