{"id":17828,"date":"2013-11-29T12:35:12","date_gmt":"2013-11-29T18:35:12","guid":{"rendered":"http:\/\/www.eloriente.net\/home\/?p=17828"},"modified":"2013-11-29T12:35:12","modified_gmt":"2013-11-29T18:35:12","slug":"accesibilidad-aerea-para-personas-con-discapacidad","status":"publish","type":"post","link":"http:\/\/www.eloriente.net\/home\/2013\/11\/29\/accesibilidad-aerea-para-personas-con-discapacidad\/","title":{"rendered":"Accesibilidad a\u00e9rea para personas con discapacidad"},"content":{"rendered":"<p>eloriente.net<\/p>\n<p>29 de noviembre de 2013<\/p>\n<p style=\"text-align: right\">Por: <a href=\"http:\/\/www.eloriente.net\/home\/category\/colaboradores\/alejandra-silva-soriano\/\" target=\"_blank\">Alejandra Silva Soriano<\/a><\/p>\n<p>Hace unos d\u00edas, la Secretar\u00eda de Comunicaciones y Transportes (SCT) emiti\u00f3 una circular obligatoria que busca garantizar la accesibilidad a servicios a\u00e9reos a personas con discapacidad, derivado del seguimiento de un procedimiento del Consejo Nacional para Prevenir la Discriminaci\u00f3n (CONAPRED).<\/p>\n<p>En esta circular publicada en el Diario Oficial de la Federaci\u00f3n, se obliga a todos los concesionarios y permisionarios de servicio al p\u00fablico de transporte a\u00e9reo a adoptar las medidas pertinentes para asegurar el acceso de las personas con discapacidad y\/o movilidad reducida, en igualdad de condiciones con las dem\u00e1s al entorno f\u00edsico, el transporte, la informaci\u00f3n, las comunicaciones, y a otros servicios e instalaciones abiertos al p\u00fablico, tanto en zonas urbanas como rurales.<\/p>\n<p>Es important\u00edsimo se\u00f1alar que por primera vez en el pa\u00eds, se obligan a las aerol\u00edneas a garantizar la igualdad de derechos hacia las personas con discapacidad con lo que se contribuye a que M\u00e9xico avance en la construcci\u00f3n de una sociedad incluyente y accesible para todos.<\/p>\n<p>A grandes rasgos, los lineamientos a los que hace referencia dicha circular deber\u00e1n aplicarse en la venta de boletos y documentaci\u00f3n, atenci\u00f3n en el aeropuerto, asistencia e informaci\u00f3n durante el viaje, animales de servicios, facilidades del aeronave e infraestructura aeroportuaria, servicios o acomodos especiales dentro de la misma, as\u00ed como las reglas de cumplimiento, levantamiento de quejas y sanciones.<\/p>\n<p>Esta circular se public\u00f3 en respuesta a los reiterados casos de discriminaci\u00f3n que se presentan en el sistema aeroportuario, es por ello que en la publicaci\u00f3n tambi\u00e9n se incluye el formato queja que podr\u00e1 presentarse ante Aeron\u00e1utica Civil, CONAPRED, la Procuradur\u00eda Federal del Consumidor (Profeco) y la Comisi\u00f3n Nacional de los Derechos Humanos (CNDH)., en caso de violaciones a derechos humanos de personas con discapacidad en ese \u00e1mbito.<\/p>\n<p>Me alegra ver los pasos que se est\u00e1n dando en el pa\u00eds en materia de respeto a derechos humanos de personas con discapacidad. Sin duda, cada una de las acciones como la que acab\u00e9 de narrarles, nos acerca m\u00e1s a la sociedad incluyente\u00a0 en la que queremos vivir.<\/p>\n<p>Que tengan una bonita semana, Dios nos bendiga mucho.<\/p>\n<p><a href=\"http:\/\/www.eloriente.net\/home\/wp-content\/uploads\/2013\/11\/Aeropuerto-Algunos-derechos-reservados-por-in-pulverem-reverteris-.jpg\"><img loading=\"lazy\" decoding=\"async\" class=\"alignnone size-medium wp-image-17829\" src=\"http:\/\/www.eloriente.net\/home\/wp-content\/uploads\/2013\/11\/Aeropuerto-Algunos-derechos-reservados-por-in-pulverem-reverteris--300x225.jpg\" alt=\"\" width=\"300\" height=\"225\" srcset=\"http:\/\/www.eloriente.net\/home\/wp-content\/uploads\/2013\/11\/Aeropuerto-Algunos-derechos-reservados-por-in-pulverem-reverteris--300x225.jpg 300w, http:\/\/www.eloriente.net\/home\/wp-content\/uploads\/2013\/11\/Aeropuerto-Algunos-derechos-reservados-por-in-pulverem-reverteris-.jpg 1024w\" sizes=\"(max-width: 300px) 100vw, 300px\" \/><\/a><\/p>\n<dl>\n<dt><\/dt>\n<dd><a href=\"http:\/\/creativecommons.org\/licenses\/by-sa\/2.0\/\"><img decoding=\"async\" src=\"http:\/\/l.yimg.com\/g\/images\/cc_icon_attribution_small.gif\" alt=\"Atribuci\u00f3n\" border=\"0\" \/><img decoding=\"async\" src=\"http:\/\/l.yimg.com\/g\/images\/cc_icon_sharealike_small.gif\" alt=\"Compartir bajo la misma licencia\" border=\"0\" \/><\/a> <a title=\"Attribution-ShareAlike License\" href=\"http:\/\/creativecommons.org\/licenses\/by-sa\/2.0\/\">Algunos derechos reservados<\/a> por <a href=\"http:\/\/www.flickr.com\/photos\/aepedraza\/\">in pulverem reverteris<\/a><\/dd>\n<\/dl>\n<p>&nbsp;<\/p>\n<p><strong>Entradas Anteriores:<\/strong><\/p>\n<div>\n<p><a title=\"Permalink to Inicia Operativo de Verano para Seguridad Integral de Turistas 2013\" href=\"http:\/\/www.eloriente.net\/home\/2013\/07\/09\/inicia-operativo-de-verano-para-seguridad-integral-de-turistas-2013\/\" rel=\"bookmark\">Inicia Operativo de Verano para Seguridad Integral de Turistas 2013<\/a><\/p>\n<p><a href=\"http:\/\/www.eloriente.net\/home\/2013\/07\/09\/inicia-operativo-de-verano-para-seguridad-integral-de-turistas-2013\/\" rel=\"bookmark\"><img decoding=\"async\" src=\"http:\/\/www.eloriente.net\/home\/wp-content\/themes\/city-desk\/timthumb.php?src=http%3A%2F%2Fwww.eloriente.net%2Fhome%2Fwp-content%2Fuploads%2F2013%2F07%2FSECTUR-operativo-de-verano.jpg&amp;q=90&amp;w=160&amp;h=106&amp;zc=1\" alt=\"Inicia Operativo de Verano para Seguridad Integral de Turistas 2013\" \/><\/a>eloriente.net\/ SECTUR 9 de julio de 2013 Estar\u00e1 vigente del 8 de julio al 18 de agosto, con el prop\u00f3sito de garantizar la tranquilidad de los paseantes Se llevar\u00e1 a cabo en carreteras, casetas, aeropuertos, centrales de autobuses, puntos fronterizos y destinos tur\u00edsticos Participan 12 dependencias federales, 19 organismos paraestatales, la Cruz Roja y el [&#8230;]<\/p>\n<p>July 9, 2013<\/p>\n<\/div>\n<div>\n<p><a title=\"Permalink to Morir en el asfalto\" href=\"http:\/\/www.eloriente.net\/home\/2013\/06\/28\/morir-en-el-asfalto\/\" rel=\"bookmark\">Morir en el asfalto<\/a><\/p>\n<p>Por: Miguel Carbonell \u00bfQu\u00e9 pasar\u00eda si en una determinada semana se cayera un enorme avi\u00f3n comercial con 450 pasajeros abordo en cualquier punto de la geograf\u00eda mexicana? Lo m\u00e1s probable es que hubiera una gran esc\u00e1ndalo y una completa cobertura period\u00edstica. Los responsables tendr\u00edan que dar muchas explicaciones, las compa\u00f1\u00edas de seguros enfrentar\u00edan cuantiosos desembolsos, [&#8230;]<\/p>\n<p>June 28, 2013<\/p>\n<\/div>\n<p><a title=\"Permalink to Las \u201cLadies\u201d y el Twitter que queremos\" href=\"http:\/\/www.eloriente.net\/home\/2013\/06\/03\/las-ladies-y-el-twitter-que-queremos\/\" rel=\"bookmark\">Las \u201cLadies\u201d y el Twitter que queremos<\/a><\/p>\n<p><a href=\"http:\/\/www.eloriente.net\/home\/2013\/06\/03\/las-ladies-y-el-twitter-que-queremos\/\" rel=\"bookmark\"><img decoding=\"async\" src=\"http:\/\/www.eloriente.net\/home\/wp-content\/themes\/city-desk\/timthumb.php?src=http%3A%2F%2Fwww.eloriente.net%2Fhome%2Fwp-content%2Fuploads%2F2013%2F06%2FLuz-Mar%C3%ADa-Beristain.png&amp;q=90&amp;w=160&amp;h=106&amp;zc=1\" alt=\"Las \u201cLadies\u201d y el Twitter que queremos\" \/><\/a><\/p>\n<p>Por: Adri\u00e1n Ortiz Romero + Redes sociales: son un cambio de \u00e9poca Las redes sociales implican un cambio de \u00e9poca en la historia de la humanidad, y por tanto este conjunto de herramientas de comunicaci\u00f3n no pueden continuar la carrera desbocada que llevan hasta el momento. En M\u00e9xico hemos visto c\u00f3mo las \u201cladies\u201d y los [&#8230;]<\/p>\n<p>June 3, 2013<\/p>\n\n\t\t\t  <div \n\t\t\t  \tclass = \"fb-comments\" \n\t\t\t  \tdata-href = \"http:\/\/www.eloriente.net\/home\/2013\/11\/29\/accesibilidad-aerea-para-personas-con-discapacidad\/\"\n\t\t\t  \tdata-numposts = \"10\"\n\t\t\t\tdata-colorscheme = \"dark\"\n\t\t\t\tdata-order-by = \"social\"\n\t\t\t\tdata-mobile=true>\n\t\t\t  <\/div>\n\t\t  <style>\n\t\t\t.fb_iframe_widget_fluid_desktop iframe {\n\t\t\t    width: 100% !important;\n\t\t\t}\n\t\t  <\/style>\n\t\t  ","protected":false},"excerpt":{"rendered":"<p>eloriente.net 29 de noviembre de 2013 Por: Alejandra Silva Soriano Hace unos d\u00edas, la Secretar\u00eda de Comunicaciones y Transportes (SCT) emiti\u00f3 una circular obligatoria que busca garantizar la accesibilidad a servicios a\u00e9reos a personas con discapacidad, derivado del seguimiento de un procedimiento del Consejo Nacional para Prevenir la Discriminaci\u00f3n (CONAPRED). En esta circular publicada en [&hellip;]<\/p>\n","protected":false},"author":20,"featured_media":17829,"comment_status":"open","ping_status":"open","sticky":false,"template":"","format":"standard","meta":{"_jetpack_memberships_contains_paid_content":false,"footnotes":""},"categories":[72,11,22,32,10,31,30],"tags":[],"class_list":["post-17828","post","type-post","status-publish","format-standard","has-post-thumbnail","hentry","category-alejandra-silva-soriano","category-colaboradores","category-derechos-humanos","category-entradas","category-lo-mas-reciente","category-principal","category-salud"],"jetpack_featured_media_url":"http:\/\/www.eloriente.net\/home\/wp-content\/uploads\/2013\/11\/Aeropuerto-Algunos-derechos-reservados-por-in-pulverem-reverteris-.jpg","jetpack_sharing_enabled":true,"_links":{"self":[{"href":"http:\/\/www.eloriente.net\/home\/wp-json\/wp\/v2\/posts\/17828"}],"collection":[{"href":"http:\/\/www.eloriente.net\/home\/wp-json\/wp\/v2\/posts"}],"about":[{"href":"http:\/\/www.eloriente.net\/home\/wp-json\/wp\/v2\/types\/post"}],"author":[{"embeddable":true,"href":"http:\/\/www.eloriente.net\/home\/wp-json\/wp\/v2\/users\/20"}],"replies":[{"embeddable":true,"href":"http:\/\/www.eloriente.net\/home\/wp-json\/wp\/v2\/comments?post=17828"}],"version-history":[{"count":1,"href":"http:\/\/www.eloriente.net\/home\/wp-json\/wp\/v2\/posts\/17828\/revisions"}],"predecessor-version":[{"id":17830,"href":"http:\/\/www.eloriente.net\/home\/wp-json\/wp\/v2\/posts\/17828\/revisions\/17830"}],"wp:featuredmedia":[{"embeddable":true,"href":"http:\/\/www.eloriente.net\/home\/wp-json\/wp\/v2\/media\/17829"}],"wp:attachment":[{"href":"http:\/\/www.eloriente.net\/home\/wp-json\/wp\/v2\/media?parent=17828"}],"wp:term":[{"taxonomy":"category","embeddable":true,"href":"http:\/\/www.eloriente.net\/home\/wp-json\/wp\/v2\/categories?post=17828"},{"taxonomy":"post_tag","embeddable":true,"href":"http:\/\/www.eloriente.net\/home\/wp-json\/wp\/v2\/tags?post=17828"}],"curies":[{"name":"wp","href":"https:\/\/api.w.org\/{rel}","templated":true}]}}