{"id":17831,"date":"2013-11-29T13:11:47","date_gmt":"2013-11-29T19:11:47","guid":{"rendered":"http:\/\/www.eloriente.net\/home\/?p=17831"},"modified":"2013-11-29T13:11:47","modified_gmt":"2013-11-29T19:11:47","slug":"oaxaca-se-ubica-en-quinto-lugar-del-indice-de-informacion-presupuestal-imco","status":"publish","type":"post","link":"http:\/\/www.eloriente.net\/home\/2013\/11\/29\/oaxaca-se-ubica-en-quinto-lugar-del-indice-de-informacion-presupuestal-imco\/","title":{"rendered":"Oaxaca se ubica en quinto lugar del \u00cdndice de Informaci\u00f3n Presupuestal: IMCO"},"content":{"rendered":"<p>eloriente.net<\/p>\n<p>29 de noviembre de 2013<\/p>\n<p>El Instituto Mexicano para la Competividad (IMCO) public\u00f3 el \u00cdndice de Informaci\u00f3n Presupuestal Estatal 2013, donde ubic\u00f3 a Oaxaca en la quinta posici\u00f3n de mejores pr\u00e1cticas de las autoridades locales en materia de la publicaci\u00f3n del manejo y recurso del presupuesto econ\u00f3mico del Estado.<\/p>\n<p>Oaxaca se posicion\u00f3 con un 66% detr\u00e1s de Colima, que obtuvo la primera posici\u00f3n con 91%, Puebla con 76%, Jalisco con 71% y Campeche con 66%; para el Estado implic\u00f3 un avance de nueve posiciones, tras haberse situado en el 13\u00ba lugar en el 2012.<\/p>\n<p>Los estados con puntuaciones m\u00e1s bajas fueron Michoac\u00e1n con 40%, Baja California Sur con 39%, Coahuila con 35%, Baja California Norte con 29% y Tabasco con 16%.<\/p>\n<p><a href=\"http:\/\/www.eloriente.net\/home\/wp-content\/uploads\/2013\/11\/IIPE2013.jpg\"><img loading=\"lazy\" decoding=\"async\" class=\"alignnone size-full wp-image-17847\" title=\"IIPE2013\" src=\"http:\/\/www.eloriente.net\/home\/wp-content\/uploads\/2013\/11\/IIPE2013.jpg\" alt=\"\" width=\"547\" height=\"400\" srcset=\"http:\/\/www.eloriente.net\/home\/wp-content\/uploads\/2013\/11\/IIPE2013.jpg 547w, http:\/\/www.eloriente.net\/home\/wp-content\/uploads\/2013\/11\/IIPE2013-300x219.jpg 300w\" sizes=\"(max-width: 547px) 100vw, 547px\" \/><\/a><\/p>\n<p>El IMCO obtuvo estos resultados al realizar un an\u00e1lisis en los rubros de transparencia de las finanzas, en el planteamiento y evaluaci\u00f3n del presupuesto de egresos y las leyes de ingresos de las diferentes instancias gubernamentales, esto con la finalidad de saber cu\u00e1nto, c\u00f3mo y en qu\u00e9 se va a gastar el dinero p\u00fablico, para crear confianza entre la sociedad civil, las empresas y el gobierno.<\/p>\n<p>Por otra parte, el IMCO afirm\u00f3 que en 2014 los estados de la Rep\u00fablica Mexicana recibir\u00e1n m\u00e1s recurso econ\u00f3mico, lo que representa un incremento de medio bill\u00f3n de pesos respecto al presupuesto de 2013, lo que equivale a 3.8 veces el presupuesto para la Educaci\u00f3n P\u00fablica.<\/p>\n<p>El IMCO justific\u00f3 la necesidad de contar con informaci\u00f3n de calidad que permita entender c\u00f3mo los gobiernos estatales distribuyen los recursos que reciben anualmente, en el marco del cumplimiento del T\u00edtulo V de la Ley General de Contabilidad Gubernamental, reformada en noviembre de 2012, que atribuye a la rendici\u00f3n de cuentas por partes de los estados y municipios del pa\u00eds.<\/p>\n<p>&nbsp;<\/p>\n<p>Para mayor informaci\u00f3n consulta su p\u00e1gina de internet: <a href=\"www.imco.org.mx\/finanzaspublicas\" target=\"_blank\">www.imco.org.mx\/finanzaspublicas<\/a><\/p>\n<p>Descarga:\u00a0<a href=\"http:\/\/imco.org.mx\/wp-content\/uploads\/2013\/11\/IIPE-2013.pdf\" target=\"_blank\">Presentaci\u00f3n de Resultados \u00cdndice de Informaci\u00f3n Presupuestal Estatal IIPE 2013<\/a><\/p>\n<p>Descarga:\u00a0<a href=\"http:\/\/imco.org.mx\/wp-content\/uploads\/2013\/11\/Resumen-ejecutivo.pdf\" target=\"_blank\">Resumen ejecutivo IIPE 2013<\/a><\/p>\n<p>&nbsp;<\/p>\n<p><strong>Entradas relacionadas:<\/strong><\/p>\n<p><a title=\"Permalink to Poder Judicial de Oaxaca recibe curso especializado en transparencia\" href=\"http:\/\/www.eloriente.net\/home\/2013\/11\/28\/poder-judicial-de-oaxaca-recibe-curso-especializado-en-transparencia\/\" rel=\"bookmark\">Poder Judicial de Oaxaca recibe curso especializado en transparencia<\/a><\/p>\n<h2><a href=\"http:\/\/www.eloriente.net\/home\/2013\/11\/28\/poder-judicial-de-oaxaca-recibe-curso-especializado-en-transparencia\/\" rel=\"bookmark\"><img decoding=\"async\" title=\"Poder Judicial de Oaxaca recibe curso especializado en transparencia\" src=\"http:\/\/www.eloriente.net\/home\/wp-content\/themes\/city-desk\/timthumb.php?src=http%3A%2F%2Fwww.eloriente.net%2Fhome%2Fwp-content%2Fuploads%2F2013%2F11%2Fcurso04.jpg&amp;q=90&amp;w=160&amp;h=106&amp;zc=1\" alt=\"Poder Judicial de Oaxaca recibe curso especializado en transparencia\" \/><\/a><\/h2>\n<p>eloriente.net\/TSJ Oaxaca 28 de noviembre de 2013 Al ser la rendici\u00f3n de cuentas y transparencia aspectos fundamentales en el ejercicio de la funci\u00f3n p\u00fablica, personal del Tribunal Superior de Justicia y el Consejo de la Judicatura inici\u00f3 un curso de capacitaci\u00f3n impartido por la Comisi\u00f3n de Transparencia, Acceso a la Informaci\u00f3n P\u00fablica y Protecci\u00f3n de [&#8230;]<\/p>\n<p>November 28, 2013<\/p>\n<div id=\"post-17745\">\n<p><a title=\"Permalink to Participaci\u00f3n infantil en ejercicio de formaci\u00f3n ciudadana\" href=\"http:\/\/www.eloriente.net\/home\/2013\/11\/28\/participacion-infantil-en-ejercicio-de-formacion-ciudadana\/\" rel=\"bookmark\">Participaci\u00f3n infantil en ejercicio de formaci\u00f3n ciudadana<\/a><\/p>\n<p><a href=\"http:\/\/www.eloriente.net\/home\/2013\/11\/28\/participacion-infantil-en-ejercicio-de-formacion-ciudadana\/\" rel=\"bookmark\"><img decoding=\"async\" title=\"Participaci\u00f3n infantil en ejercicio de formaci\u00f3n ciudadana\" src=\"http:\/\/www.eloriente.net\/home\/wp-content\/themes\/city-desk\/timthumb.php?src=http%3A%2F%2Fwww.eloriente.net%2Fhome%2Fwp-content%2Fuploads%2F2013%2F11%2FFOTO-3.jpg&amp;q=90&amp;w=160&amp;h=106&amp;zc=1\" alt=\"Participaci\u00f3n infantil en ejercicio de formaci\u00f3n ciudadana\" \/><\/a><\/p>\n<p>eloriente.net\/IFE Oaxaca 28 de noviembre de 2013 DURANTE LA CONVENCI\u00d3N DISTRITAL PARA ELEGIR A INTEGRANTES DEL 9\u00b0 PARLAMENTO INFANTIL, ROBERTO HEYCHER CARDIEL SOTO, DELEGADO DEL IFE, SE\u00d1AL\u00d3 QUE HOY LA NI\u00d1EZ REFLEXIONA SOBRE TEMAS SUSTANTIVOS DE NUESTRA DEMOCRACIA. \u201cTres retos a superar tenemos las y los mexicanos en el camino del fortalecimiento de la democracia [&#8230;]<\/p>\n<p>November 28, 2013<\/p>\n<\/div>\n<div id=\"post-17735\">\n<p><a title=\"Permalink to C\u00e1mara de Diputados aprueba reformas en Transparencia; IFAI es aut\u00f3nomo\" href=\"http:\/\/www.eloriente.net\/home\/2013\/11\/27\/camara-de-diputados-aprueba-reformas-en-transparencia-ifai-es-autonomo\/\" rel=\"bookmark\">C\u00e1mara de Diputados aprueba reformas en Transparencia; IFAI es aut\u00f3nomo<\/a><\/p>\n<p><a href=\"http:\/\/www.eloriente.net\/home\/2013\/11\/27\/camara-de-diputados-aprueba-reformas-en-transparencia-ifai-es-autonomo\/\" rel=\"bookmark\"><img decoding=\"async\" title=\"C\u00e1mara de Diputados aprueba reformas en Transparencia; IFAI es aut\u00f3nomo\" src=\"http:\/\/www.eloriente.net\/home\/wp-content\/themes\/city-desk\/timthumb.php?src=http%3A%2F%2Fwww.eloriente.net%2Fhome%2Fwp-content%2Fuploads%2F2013%2F11%2F1024px-Mexico_Chamber_of_Deputies_backdrop.jpg&amp;q=90&amp;w=160&amp;h=106&amp;zc=1\" alt=\"C\u00e1mara de Diputados aprueba reformas en Transparencia; IFAI es aut\u00f3nomo\" \/><\/a><\/p>\n<p>eloriente.net 27 de noviembre de 2013 La C\u00e1mara de Diputados aprob\u00f3 ayer martes la reforma a las disposiciones constitucionales en materia de Transparencia, con 424 votos a favor, 16 en contra y cuatro abstenciones, lo cual se dota de autonom\u00eda al Instituto Federal de Acceso a la Informaci\u00f3n y Protecci\u00f3n de Datos (IFAI). Luego de [&#8230;]<\/p>\n<p>November 27, 2013<\/p>\n<\/div>\n\n\t\t\t  <div \n\t\t\t  \tclass = \"fb-comments\" \n\t\t\t  \tdata-href = \"http:\/\/www.eloriente.net\/home\/2013\/11\/29\/oaxaca-se-ubica-en-quinto-lugar-del-indice-de-informacion-presupuestal-imco\/\"\n\t\t\t  \tdata-numposts = \"10\"\n\t\t\t\tdata-colorscheme = \"dark\"\n\t\t\t\tdata-order-by = \"social\"\n\t\t\t\tdata-mobile=true>\n\t\t\t  <\/div>\n\t\t  <style>\n\t\t\t.fb_iframe_widget_fluid_desktop iframe {\n\t\t\t    width: 100% !important;\n\t\t\t}\n\t\t  <\/style>\n\t\t  ","protected":false},"excerpt":{"rendered":"<p>eloriente.net 29 de noviembre de 2013 El Instituto Mexicano para la Competividad (IMCO) public\u00f3 el \u00cdndice de Informaci\u00f3n Presupuestal Estatal 2013, donde ubic\u00f3 a Oaxaca en la quinta posici\u00f3n de mejores pr\u00e1cticas de las autoridades locales en materia de la publicaci\u00f3n del manejo y recurso del presupuesto econ\u00f3mico del Estado. Oaxaca se posicion\u00f3 con un [&hellip;]<\/p>\n","protected":false},"author":26,"featured_media":17847,"comment_status":"open","ping_status":"open","sticky":false,"template":"","format":"standard","meta":{"_jetpack_memberships_contains_paid_content":false,"footnotes":""},"categories":[32,13,63,24,23,21],"tags":[],"class_list":["post-17831","post","type-post","status-publish","format-standard","has-post-thumbnail","hentry","category-entradas","category-especiales","category-estados","category-mexico-y-el-mundo","category-municipios","category-politica-y-gobierno"],"jetpack_featured_media_url":"http:\/\/www.eloriente.net\/home\/wp-content\/uploads\/2013\/11\/IIPE2013.jpg","jetpack_sharing_enabled":true,"_links":{"self":[{"href":"http:\/\/www.eloriente.net\/home\/wp-json\/wp\/v2\/posts\/17831"}],"collection":[{"href":"http:\/\/www.eloriente.net\/home\/wp-json\/wp\/v2\/posts"}],"about":[{"href":"http:\/\/www.eloriente.net\/home\/wp-json\/wp\/v2\/types\/post"}],"author":[{"embeddable":true,"href":"http:\/\/www.eloriente.net\/home\/wp-json\/wp\/v2\/users\/26"}],"replies":[{"embeddable":true,"href":"http:\/\/www.eloriente.net\/home\/wp-json\/wp\/v2\/comments?post=17831"}],"version-history":[{"count":14,"href":"http:\/\/www.eloriente.net\/home\/wp-json\/wp\/v2\/posts\/17831\/revisions"}],"predecessor-version":[{"id":17852,"href":"http:\/\/www.eloriente.net\/home\/wp-json\/wp\/v2\/posts\/17831\/revisions\/17852"}],"wp:featuredmedia":[{"embeddable":true,"href":"http:\/\/www.eloriente.net\/home\/wp-json\/wp\/v2\/media\/17847"}],"wp:attachment":[{"href":"http:\/\/www.eloriente.net\/home\/wp-json\/wp\/v2\/media?parent=17831"}],"wp:term":[{"taxonomy":"category","embeddable":true,"href":"http:\/\/www.eloriente.net\/home\/wp-json\/wp\/v2\/categories?post=17831"},{"taxonomy":"post_tag","embeddable":true,"href":"http:\/\/www.eloriente.net\/home\/wp-json\/wp\/v2\/tags?post=17831"}],"curies":[{"name":"wp","href":"https:\/\/api.w.org\/{rel}","templated":true}]}}