{"id":17858,"date":"2013-11-29T14:51:44","date_gmt":"2013-11-29T20:51:44","guid":{"rendered":"http:\/\/www.eloriente.net\/home\/?p=17858"},"modified":"2013-11-29T17:12:56","modified_gmt":"2013-11-29T23:12:56","slug":"comparte-editorial-29-11-13","status":"publish","type":"post","link":"http:\/\/www.eloriente.net\/home\/2013\/11\/29\/comparte-editorial-29-11-13\/","title":{"rendered":"Comparte Editorial #29.11.13"},"content":{"rendered":"<p>eloriente.net<\/p>\n<p>29 de noviembre de 2013<\/p>\n<p><a href=\"http:\/\/www.eloriente.net\/home\/wp-content\/uploads\/2013\/11\/PorBanderaBlancaEnOaxaca-Editorial-29.11.13.png\"><img loading=\"lazy\" decoding=\"async\" class=\"size-medium wp-image-17862 aligncenter\" title=\"#PorBanderaBlancaEnOaxaca Editorial 29.11.13\" src=\"http:\/\/www.eloriente.net\/home\/wp-content\/uploads\/2013\/11\/PorBanderaBlancaEnOaxaca-Editorial-29.11.13-300x132.png\" alt=\"\" width=\"300\" height=\"132\" srcset=\"http:\/\/www.eloriente.net\/home\/wp-content\/uploads\/2013\/11\/PorBanderaBlancaEnOaxaca-Editorial-29.11.13-300x132.png 300w, http:\/\/www.eloriente.net\/home\/wp-content\/uploads\/2013\/11\/PorBanderaBlancaEnOaxaca-Editorial-29.11.13-1024x451.png 1024w, http:\/\/www.eloriente.net\/home\/wp-content\/uploads\/2013\/11\/PorBanderaBlancaEnOaxaca-Editorial-29.11.13.png 1070w\" sizes=\"(max-width: 300px) 100vw, 300px\" \/><\/a><\/p>\n<p style=\"text-align: center;\">Comp\u00e1rtelo en twitter: <strong><a href=\"https:\/\/twitter.com\/\" target=\"_blank\">#PorBanderaBlancaEnOaxaca<\/a><\/strong><\/p>\n<p style=\"text-align: right;\"><strong>4 Orientes<\/strong><\/p>\n<p style=\"text-align: right;\">Opiniones a: direcciongeneral@eloriente.net<\/p>\n<p style=\"text-align: right;\"><strong>UNO:<\/strong><\/p>\n<p>Los enfrentamientos sucedidos en diversas escuelas de la entidad, en particular en la primaria \u00abHermanos Flores Mag\u00f3n\u00bb, la Secundaria T\u00e9cnica n\u00famero 80 y el jard\u00edn de ni\u00f1os \u00abDonaj\u00ed\u00bb en el municipio de San Jacinto Amilpas, donde la Secci\u00f3n 22 de la Coordinadora Nacional de Trabajadores de la Educaci\u00f3n ha intentado (y logrado) su ocupaci\u00f3n, luego de estar en control de la Secci\u00f3n 59 del Sindicato (SNTE), desembocaron ayer en personas heridas y crispaci\u00f3n en las colonias aleda\u00f1as a dichos planteles.<\/p>\n<p>Pero la crispaci\u00f3n e incertidumbre es general y de alguna manera son una alerta para la paz y la seguridad nacional.<\/p>\n<p>El Gobierno Federal no puede desentenderse de esta realidad de encono, violencia y, no en pocos casos, ingobernabilidad existente en Oaxaca, principalmente en el terreno educativo.<\/p>\n<p>La Bandera Blanca que proponemos en esta editorial, por lo tanto, es para que sea ondeada por los bandos en conflicto, por los ciudadanos, pero sobre todo para que sea retomada por la Federaci\u00f3n y se proceda a impulsar la paz en el estado. Estos actos demuestran un alto grado de descomposici\u00f3n en el contexto social en Oaxaca y premonizan mayores conflictos, que pueden resultar en una espiral de violencia social y enfrentamientos interminables, previsiblemente fatales.<\/p>\n<p>No esperemos a que los enfrentamientos se cobren vidas. Bandera Blanca a favor de la paz y la seguridad nacional.<\/p>\n<p style=\"text-align: right;\"><strong>DOS:<\/strong><\/p>\n<p>La Secci\u00f3n 22, argumenta por su parte lo siguiente respecto de las acciones con violencia efectuadas principalmente ayer 28 de noviembre de 2013 en Oaxaca: \u00abEl magisterio democr\u00e1tico de la Secci\u00f3n 22 del SNTE manifiesta a los Padres de familia, a las comunidades y pueblo en general que siempre se ha conducido de manera responsable por la ruta del dialogo, lo cual se ha dejado claro ante el Gobierno federal y estatal para lograr el retorno a\u00a0\u00a0las escuelas de nuestros compa\u00f1eros maestros, sin embargo a pesar de varias platicas con autoridades municipales y educativas en las diferentes escuelas de las regiones del estado, a la fecha a\u00fan se mantienen algunas bajo el control pol\u00edtico de autoridades afines al Partido Revolucionario Institucional que en el 2006 apoyaron al asesino de Oaxaca Ulises Ruiz Ortiz\u00bb.<\/p>\n<p>Consulta su posicionamiento \u00edntegro dando click <a href=\"http:\/\/www.seccion22.org.mx\/2013\/11\/28\/seccion-xxii-recupera-escuelas-que-mantenian-priistas-en-san-jacinto-amilpas\/\" target=\"_blank\">AQU\u00cd<\/a><\/p>\n<p style=\"text-align: right;\"><strong>TRES:<\/strong><\/p>\n<p>El Gobernador de Oaxaca Gabino Cu\u00e9, a trav\u00e9s de un comunicado oficial, asegur\u00f3 que \u00ablos 3 planteles escolares en disputa ser\u00e1n entregados en las pr\u00f3ximas horas al Instituto Estatal de Educaci\u00f3n P\u00fablica de Oaxaca (IEEPO) que se har\u00e1 cargo de su resguardo y operaci\u00f3n acad\u00e9mica\u00bb.<\/p>\n<p>El cumplimiento de este compromiso puntual ser\u00e1 El Indicador de que el gobierno estatal puede garantizar alg\u00fan compromiso en favor de la paz y la educaci\u00f3n en la entidad.<\/p>\n<p style=\"text-align: right;\"><strong>CUATRO:<\/strong><\/p>\n<p>El miedo y la incertidumbre provocados por la falta de aplicaci\u00f3n del estado de derecho, la negociaci\u00f3n de la ley y la excesiva tolerancia hacia los usos y abusos de los grupos en conflicto, contaminan sin duda el contexto social a tal grado que, de alguna manera, minan el resto de las actividades econ\u00f3micas y sociales.<\/p>\n<p>De tal suerte que los conflictos e imagen negativa generada a ra\u00edz de los enfrentamientos, contagian el \u00e1nimo p\u00fablico y privado con consecuencias insospechadas. Y sus efectos ser\u00e1n palpables en un plazo mediano y largo. Por ejemplo, ustedes coincidir\u00e1n en el sentido de que el 2006 no ha terminado, pues sus secuelas apenas se nos est\u00e1n haciendo visibles.<\/p>\n<p>Estos enfrentamientos son parte de ello.<\/p>\n<p>&nbsp;<\/p>\n<p><strong>OTRAS ENTRADAS<\/strong>:<\/p>\n<div id=\"post-17831\">\n<p><a title=\"Permalink to Oaxaca se ubica en quinto lugar del \u00cdndice de Informaci\u00f3n Presupuestal: IMCO\" href=\"http:\/\/www.eloriente.net\/home\/2013\/11\/29\/oaxaca-se-ubica-en-quinto-lugar-del-indice-de-informacion-presupuestal-imco\/\" rel=\"bookmark\">Oaxaca se ubica en quinto lugar del \u00cdndice de Informaci\u00f3n Presupuestal: IMCO<\/a><\/p>\n<p><a href=\"http:\/\/www.eloriente.net\/home\/2013\/11\/29\/oaxaca-se-ubica-en-quinto-lugar-del-indice-de-informacion-presupuestal-imco\/\" rel=\"bookmark\"><img decoding=\"async\" title=\"Oaxaca se ubica en quinto lugar del \u00cdndice de Informaci\u00f3n Presupuestal: IMCO\" src=\"http:\/\/www.eloriente.net\/home\/wp-content\/themes\/city-desk\/timthumb.php?src=http%3A%2F%2Fwww.eloriente.net%2Fhome%2Fwp-content%2Fuploads%2F2013%2F11%2FIIPE2013.jpg&amp;q=90&amp;w=160&amp;h=106&amp;zc=1\" alt=\"Oaxaca se ubica en quinto lugar del \u00cdndice de Informaci\u00f3n Presupuestal: IMCO\" \/><\/a>eloriente.net 29 de noviembre de 2013 El Instituto Mexicano para la Competividad (IMCO) public\u00f3 el \u00cdndice de Informaci\u00f3n Presupuestal Estatal 2013, donde ubic\u00f3 a Oaxaca en la quinta posici\u00f3n de mejores pr\u00e1cticas de las autoridades locales en materia de la publicaci\u00f3n del manejo y recurso del presupuesto econ\u00f3mico del Estado. Oaxaca se posicion\u00f3 con un [&#8230;]<\/p>\n<p>November 29, 2013<\/p>\n<\/div>\n<div id=\"post-17832\">\n<p><a title=\"Permalink to Secci\u00f3n 22 vs. 59: el remedio no est\u00e1 en la disputa\" href=\"http:\/\/www.eloriente.net\/home\/2013\/11\/29\/seccion-22-vs-59-el-remedio-no-esta-en-la-disputa\/\" rel=\"bookmark\">Secci\u00f3n 22 vs. 59: el remedio no est\u00e1 en la disputa<\/a><\/p>\n<p><a href=\"http:\/\/www.eloriente.net\/home\/2013\/11\/29\/seccion-22-vs-59-el-remedio-no-esta-en-la-disputa\/\" rel=\"bookmark\"><img decoding=\"async\" title=\"Secci\u00f3n 22 vs. 59: el remedio no est\u00e1 en la disputa\" src=\"http:\/\/www.eloriente.net\/home\/wp-content\/themes\/city-desk\/timthumb.php?src=http%3A%2F%2Fwww.eloriente.net%2Fhome%2Fwp-content%2Fuploads%2F2013%2F11%2FCNTE-Atribucio%CC%81n-Algunos-derechos-reservados-por-Eneas-.jpg&amp;q=90&amp;w=160&amp;h=106&amp;zc=1\" alt=\"Secci\u00f3n 22 vs. 59: el remedio no est\u00e1 en la disputa\" \/><\/a>eloriente.net 29 de noviembre de 2013 Por: Adri\u00e1n Ortiz Romero + El problema no se arregla arrebatando escuelas + Secci\u00f3n 22 vs 59: el remedio no est\u00e1 en la disputa Ayer la Secci\u00f3n 22 del SNTE intent\u00f3 la recuperaci\u00f3n violenta de dos instalaciones educativas m\u00e1s, dejando en claro a todos \u2014a todos\u2014 que para ellos [&#8230;]<\/p>\n<p>November 29, 2013<\/p>\n<\/div>\n<p><a title=\"Permalink to En Vivo: Coloquio Veracruzano de Oto\u00f1o 2013\" href=\"http:\/\/www.eloriente.net\/home\/2013\/11\/28\/en-vivo-coloquio-veracruzano-de-otono-2013\/\" rel=\"bookmark\">En Vivo: Coloquio Veracruzano de Oto\u00f1o 2013<\/a><\/p>\n<p><a href=\"http:\/\/www.eloriente.net\/home\/2013\/11\/28\/en-vivo-coloquio-veracruzano-de-otono-2013\/\" rel=\"bookmark\"><img decoding=\"async\" title=\"En Vivo: Coloquio Veracruzano de Oto\u00f1o 2013\" src=\"http:\/\/www.eloriente.net\/home\/wp-content\/themes\/city-desk\/timthumb.php?src=http%3A%2F%2Fwww.eloriente.net%2Fhome%2Fwp-content%2Fuploads%2F2013%2F11%2FColoquio-Veracruzano.jpg&amp;q=90&amp;w=160&amp;h=106&amp;zc=1\" alt=\"En Vivo: Coloquio Veracruzano de Oto\u00f1o 2013\" \/><\/a><\/p>\n<p>eloriente.net 28 de noviembre de 2013 El Coloquio Veracruzano de Oto\u00f1o es un foro internacional organizado por la Universidad Veracruzana (UV) y la Secretar\u00eda de Educaci\u00f3n de Veracruz (SEV) que revisa anualmente los temas m\u00e1s apremiantes para el pa\u00eds.\u00a0Convoca a los especialistas m\u00e1s destacados y tiene sede en la Unidad de Servicios Bibliotecarios e Informaci\u00f3n [&#8230;]<\/p>\n<p>November 28, 2013<\/p>\n\n\t\t\t  <div \n\t\t\t  \tclass = \"fb-comments\" \n\t\t\t  \tdata-href = \"http:\/\/www.eloriente.net\/home\/2013\/11\/29\/comparte-editorial-29-11-13\/\"\n\t\t\t  \tdata-numposts = \"10\"\n\t\t\t\tdata-colorscheme = \"dark\"\n\t\t\t\tdata-order-by = \"social\"\n\t\t\t\tdata-mobile=true>\n\t\t\t  <\/div>\n\t\t  <style>\n\t\t\t.fb_iframe_widget_fluid_desktop iframe {\n\t\t\t    width: 100% !important;\n\t\t\t}\n\t\t  <\/style>\n\t\t  ","protected":false},"excerpt":{"rendered":"<p>eloriente.net 29 de noviembre de 2013 Comp\u00e1rtelo en twitter: #PorBanderaBlancaEnOaxaca 4 Orientes Opiniones a: direcciongeneral@eloriente.net UNO: Los enfrentamientos sucedidos en diversas escuelas de la entidad, en particular en la primaria \u00abHermanos Flores Mag\u00f3n\u00bb, la Secundaria T\u00e9cnica n\u00famero 80 y el jard\u00edn de ni\u00f1os \u00abDonaj\u00ed\u00bb en el municipio de San Jacinto Amilpas, donde la Secci\u00f3n 22 [&hellip;]<\/p>\n","protected":false},"author":1,"featured_media":17862,"comment_status":"open","ping_status":"open","sticky":false,"template":"","format":"standard","meta":{"_jetpack_memberships_contains_paid_content":false,"footnotes":""},"categories":[9,18,32],"tags":[],"class_list":["post-17858","post","type-post","status-publish","format-standard","has-post-thumbnail","hentry","category-editorial","category-educacion-y-cultura","category-entradas"],"jetpack_featured_media_url":"http:\/\/www.eloriente.net\/home\/wp-content\/uploads\/2013\/11\/PorBanderaBlancaEnOaxaca-Editorial-29.11.13.png","jetpack_sharing_enabled":true,"_links":{"self":[{"href":"http:\/\/www.eloriente.net\/home\/wp-json\/wp\/v2\/posts\/17858"}],"collection":[{"href":"http:\/\/www.eloriente.net\/home\/wp-json\/wp\/v2\/posts"}],"about":[{"href":"http:\/\/www.eloriente.net\/home\/wp-json\/wp\/v2\/types\/post"}],"author":[{"embeddable":true,"href":"http:\/\/www.eloriente.net\/home\/wp-json\/wp\/v2\/users\/1"}],"replies":[{"embeddable":true,"href":"http:\/\/www.eloriente.net\/home\/wp-json\/wp\/v2\/comments?post=17858"}],"version-history":[{"count":6,"href":"http:\/\/www.eloriente.net\/home\/wp-json\/wp\/v2\/posts\/17858\/revisions"}],"predecessor-version":[{"id":17880,"href":"http:\/\/www.eloriente.net\/home\/wp-json\/wp\/v2\/posts\/17858\/revisions\/17880"}],"wp:featuredmedia":[{"embeddable":true,"href":"http:\/\/www.eloriente.net\/home\/wp-json\/wp\/v2\/media\/17862"}],"wp:attachment":[{"href":"http:\/\/www.eloriente.net\/home\/wp-json\/wp\/v2\/media?parent=17858"}],"wp:term":[{"taxonomy":"category","embeddable":true,"href":"http:\/\/www.eloriente.net\/home\/wp-json\/wp\/v2\/categories?post=17858"},{"taxonomy":"post_tag","embeddable":true,"href":"http:\/\/www.eloriente.net\/home\/wp-json\/wp\/v2\/tags?post=17858"}],"curies":[{"name":"wp","href":"https:\/\/api.w.org\/{rel}","templated":true}]}}