{"id":17874,"date":"2013-11-29T17:08:52","date_gmt":"2013-11-29T23:08:52","guid":{"rendered":"http:\/\/www.eloriente.net\/home\/?p=17874"},"modified":"2013-11-29T17:08:52","modified_gmt":"2013-11-29T23:08:52","slug":"presentan-en-la-uabjo-libro-mexico-lenguas-indigenas-en-riesgo-de-desaparicion","status":"publish","type":"post","link":"http:\/\/www.eloriente.net\/home\/2013\/11\/29\/presentan-en-la-uabjo-libro-mexico-lenguas-indigenas-en-riesgo-de-desaparicion\/","title":{"rendered":"Presentan en la UABJO libro \u201cM\u00e9xico, lenguas ind\u00edgenas en riesgo de desaparici\u00f3n\u201d"},"content":{"rendered":"<p>eloriente.com\/UABJO<\/p>\n<p>29 de noviembre de 2013<\/p>\n<p>Como parte de sus trabajos dedicados al rescate y preservaci\u00f3n de lenguas ind\u00edgenas, la Unidad de Atenci\u00f3n Acad\u00e9mica a Estudiantes Ind\u00edgenas (UAAEI) de la Universidad Aut\u00f3noma \u201cBenito Ju\u00e1rez\u201d de Oaxaca (UABJO), tuvo la presentaci\u00f3n del libro titulado \u201cM\u00e9xico, lenguas ind\u00edgenas en riesgo de desaparici\u00f3n\u201d\u00a0 a cargo de sus autores: Arnulfo Embriz Osorio y Oscar Zamora Alarc\u00f3n.<\/p>\n<p>El acto fue precedido por el director de la Unidad, Jorge Arroyo Rodr\u00edguez quien mencion\u00f3 que la instituci\u00f3n ha trabajado intensamente en la promoci\u00f3n del rescate de las lenguas ind\u00edgenas, adem\u00e1s de que intensifica sus actividades acad\u00e9micas dirigidas a estudiantes adscritos con el prop\u00f3sito de que puedan conservar el habla de su lengua.<\/p>\n<p>En su oportunidad uno de los autores, Arnulfo Embriz hizo una breve rese\u00f1a del contenido y resalt\u00f3 que se basa en una investigaci\u00f3n profunda sobre los factores que intervienen en la p\u00e9rdida de las lenguas, as\u00ed como algunas propuestas sobre la preservaci\u00f3n.<\/p>\n<p>Se coment\u00f3 que en 1992 por primera vez se reconocen los pueblos ind\u00edgenas y que seg\u00fan cifras del INEGI de 2010 hay 6.6 millones de hablantes de lenguas ind\u00edgenas, que corresponden a 364 variantes de 11 familias ling\u00fc\u00edsticas.<\/p>\n<p>De ah\u00ed la relevancia del texto que recoge datos interesantes para que la juventud y sociedad en general tenga conocimiento y valore su or\u00edgenes. Pues cabe mencionar que Oaxaca es uno de los estados donde m\u00e1s lenguas ind\u00edgenas se habla.<\/p>\n<p>Seg\u00fan datos de INEGI recabados en 2010, las lenguas m\u00e1s habladas son: zapoteco, mixteco, mazateco y mixe. En ese mismo tenor, se tiene que hay un mill\u00f3n\u00a0 165 mil 186 personas mayores de 5 a\u00f1os que hablan una lengua, lo que representa el 34% de la poblaci\u00f3n de la entidad.<\/p>\n<p>Por su parte uno de los comentaristas, Marcos Sandoval Cruz aprovech\u00f3 para invitar\u00a0 a los estudiantes a interesarse m\u00e1s por revivir sus ra\u00edces, pero sobre todo a cultivar la ense\u00f1anza del habla de sus lenguas nativas.<\/p>\n<p>Con ello la M\u00e1xima Casa de Estudios contribuye al an\u00e1lisis y preservaci\u00f3n de las ra\u00edces de los pueblos ind\u00edgenas, as\u00ed como el apoyo a la profesionalizaci\u00f3n de sus j\u00f3venes, con el prop\u00f3sito de rescatar las tradiciones, as\u00ed como enorgullecerlos al ser hablantes de una lengua e incentivarlos a promover la ense\u00f1anza.<\/p>\n<p>&nbsp;<\/p>\n<p><a href=\"http:\/\/www.eloriente.net\/home\/wp-content\/uploads\/2013\/11\/29-2.jpg\"><img loading=\"lazy\" decoding=\"async\" class=\"alignnone size-medium wp-image-17875\" title=\"29 (2)\" src=\"http:\/\/www.eloriente.net\/home\/wp-content\/uploads\/2013\/11\/29-2-300x200.jpg\" alt=\"\" width=\"300\" height=\"200\" srcset=\"http:\/\/www.eloriente.net\/home\/wp-content\/uploads\/2013\/11\/29-2-300x200.jpg 300w, http:\/\/www.eloriente.net\/home\/wp-content\/uploads\/2013\/11\/29-2-1024x682.jpg 1024w\" sizes=\"(max-width: 300px) 100vw, 300px\" \/><\/a><\/p>\n<p>Foto: UABJO<\/p>\n<p>&nbsp;<\/p>\n<p><strong>Entradas relacionadas:\u00a0<\/strong><\/p>\n<p><a title=\"Permalink to Eventos culturales en Oaxaca, diciembre 2013\" href=\"http:\/\/www.eloriente.net\/home\/2013\/11\/28\/eventos-culturales-en-oaxaca-diciembre-2013\/\" rel=\"bookmark\">Eventos culturales en Oaxaca, diciembre 2013<\/a><\/p>\n<p><a href=\"http:\/\/www.eloriente.net\/home\/2013\/11\/28\/eventos-culturales-en-oaxaca-diciembre-2013\/\" rel=\"bookmark\"><img decoding=\"async\" title=\"Eventos culturales en Oaxaca, diciembre 2013\" src=\"http:\/\/www.eloriente.net\/home\/wp-content\/themes\/city-desk\/timthumb.php?src=http%3A%2F%2Fwww.eloriente.net%2Fhome%2Fwp-content%2Fuploads%2F2013%2F11%2FFestival-Eduardo-Mata1.jpg&amp;q=90&amp;w=160&amp;h=106&amp;zc=1\" alt=\"Eventos culturales en Oaxaca, diciembre 2013\" \/><\/a><\/p>\n<p>eloriente.net 28 de noviembre de 2013 Eloriente.net te invita a participar en las actividades culturales que se tienen programadas en el mes de diciembre, en el marco de los diferentes festivales art\u00edsticos, musicales y culturales que se realizar\u00e1n en la ciudad de Oaxaca. \u00a0 Domingo, 1 de diciembre de 2013 Teatro Macedonio Alcal\u00e1. Banda de [&#8230;]<\/p>\n<p>November 28, 2013<\/p>\n<div id=\"post-17645\">\n<p><a title=\"Permalink to Prevalace la presunci\u00f3n de inocencia en el nuevo Sistema Acusatorio Adversarial\" href=\"http:\/\/www.eloriente.net\/home\/2013\/11\/25\/prevalace-la-presuncion-de-inocencia-en-el-nuevo-sistema-acusatorio-adversarial\/\" rel=\"bookmark\">Prevalace la presunci\u00f3n de inocencia en el nuevo Sistema Acusatorio Adversarial<\/a><\/p>\n<p><a href=\"http:\/\/www.eloriente.net\/home\/2013\/11\/25\/prevalace-la-presuncion-de-inocencia-en-el-nuevo-sistema-acusatorio-adversarial\/\" rel=\"bookmark\"><img decoding=\"async\" title=\"Prevalace la presunci\u00f3n de inocencia en el nuevo Sistema Acusatorio Adversarial\" src=\"http:\/\/www.eloriente.net\/home\/wp-content\/themes\/city-desk\/timthumb.php?src=http%3A%2F%2Fwww.eloriente.net%2Fhome%2Fwp-content%2Fuploads%2F2013%2F11%2FSe-informa-a-los-ciudadanos-sobre-el-Sistema-Acusatorio-Adversarial.jpg&amp;q=90&amp;w=160&amp;h=106&amp;zc=1\" alt=\"Prevalace la presunci\u00f3n de inocencia en el nuevo Sistema Acusatorio Adversarial\" \/><\/a><\/p>\n<p>eloriente.net\/NSJP 25 de noviembre de 2013 La implementaci\u00f3n del Sistema Acusatorio Adversarial busca brindar certeza jur\u00eddica en el marco de la legalidad. En los \u00faltimos a\u00f1os M\u00e9xico ha sufrido diversas transformaciones en el \u00e1mbito jur\u00eddico, la m\u00e1s importante el 18 de junio de 2008, con la Reforma Constitucional al Sistema Jur\u00eddico Mexicano, la cual adopta [&#8230;]<\/p>\n<p>November 25, 2013<\/p>\n<\/div>\n<div id=\"post-17627\">\n<p><a title=\"Permalink to Erica Woda imparte cl\u00ednicas de soccer en la LED-UABJO\" href=\"http:\/\/www.eloriente.net\/home\/2013\/11\/25\/erica-woda-imparte-clinicas-de-soccer-en-la-led-uabjo\/\" rel=\"bookmark\">Erica Woda imparte cl\u00ednicas de soccer en la LED-UABJO<\/a><\/p>\n<p><a href=\"http:\/\/www.eloriente.net\/home\/2013\/11\/25\/erica-woda-imparte-clinicas-de-soccer-en-la-led-uabjo\/\" rel=\"bookmark\"><img decoding=\"async\" title=\"Erica Woda imparte cl\u00ednicas de soccer en la LED-UABJO\" src=\"http:\/\/www.eloriente.net\/home\/wp-content\/themes\/city-desk\/timthumb.php?src=http%3A%2F%2Fwww.eloriente.net%2Fhome%2Fwp-content%2Fuploads%2F2013%2F11%2FErica-Woda.jpg&amp;q=90&amp;w=160&amp;h=106&amp;zc=1\" alt=\"Erica Woda imparte cl\u00ednicas de soccer en la LED-UABJO\" \/><\/a><\/p>\n<p>eloriente.net\/UABJO 25 de noviembre de 2013 La Licenciatura en Entrenamiento Deportivo (LED) de la Universidad Aut\u00f3noma \u201cBenito Ju\u00e1rez\u201d de Oaxaca (UABJO) en coordinaci\u00f3n con el Municipio y la Embajada de Estados Unidos en Oaxaca bajo la premisa \u201cel empoderamiento de la mujer y las ni\u00f1as a trav\u00e9s del deporte\u201d, llevaron a cabo un curso-taller impartido [&#8230;]<\/p>\n<p>November 25, 2013<\/p>\n<\/div>\n\n\t\t\t  <div \n\t\t\t  \tclass = \"fb-comments\" \n\t\t\t  \tdata-href = \"http:\/\/www.eloriente.net\/home\/2013\/11\/29\/presentan-en-la-uabjo-libro-mexico-lenguas-indigenas-en-riesgo-de-desaparicion\/\"\n\t\t\t  \tdata-numposts = \"10\"\n\t\t\t\tdata-colorscheme = \"dark\"\n\t\t\t\tdata-order-by = \"social\"\n\t\t\t\tdata-mobile=true>\n\t\t\t  <\/div>\n\t\t  <style>\n\t\t\t.fb_iframe_widget_fluid_desktop iframe {\n\t\t\t    width: 100% !important;\n\t\t\t}\n\t\t  <\/style>\n\t\t  ","protected":false},"excerpt":{"rendered":"<p>eloriente.com\/UABJO 29 de noviembre de 2013 Como parte de sus trabajos dedicados al rescate y preservaci\u00f3n de lenguas ind\u00edgenas, la Unidad de Atenci\u00f3n Acad\u00e9mica a Estudiantes Ind\u00edgenas (UAAEI) de la Universidad Aut\u00f3noma \u201cBenito Ju\u00e1rez\u201d de Oaxaca (UABJO), tuvo la presentaci\u00f3n del libro titulado \u201cM\u00e9xico, lenguas ind\u00edgenas en riesgo de desaparici\u00f3n\u201d\u00a0 a cargo de sus autores: [&hellip;]<\/p>\n","protected":false},"author":26,"featured_media":17875,"comment_status":"open","ping_status":"open","sticky":false,"template":"","format":"standard","meta":{"_jetpack_memberships_contains_paid_content":false,"footnotes":""},"categories":[18,10,84],"tags":[],"class_list":["post-17874","post","type-post","status-publish","format-standard","has-post-thumbnail","hentry","category-educacion-y-cultura","category-lo-mas-reciente","category-universidades"],"jetpack_featured_media_url":"http:\/\/www.eloriente.net\/home\/wp-content\/uploads\/2013\/11\/29-2.jpg","jetpack_sharing_enabled":true,"_links":{"self":[{"href":"http:\/\/www.eloriente.net\/home\/wp-json\/wp\/v2\/posts\/17874"}],"collection":[{"href":"http:\/\/www.eloriente.net\/home\/wp-json\/wp\/v2\/posts"}],"about":[{"href":"http:\/\/www.eloriente.net\/home\/wp-json\/wp\/v2\/types\/post"}],"author":[{"embeddable":true,"href":"http:\/\/www.eloriente.net\/home\/wp-json\/wp\/v2\/users\/26"}],"replies":[{"embeddable":true,"href":"http:\/\/www.eloriente.net\/home\/wp-json\/wp\/v2\/comments?post=17874"}],"version-history":[{"count":3,"href":"http:\/\/www.eloriente.net\/home\/wp-json\/wp\/v2\/posts\/17874\/revisions"}],"predecessor-version":[{"id":17878,"href":"http:\/\/www.eloriente.net\/home\/wp-json\/wp\/v2\/posts\/17874\/revisions\/17878"}],"wp:featuredmedia":[{"embeddable":true,"href":"http:\/\/www.eloriente.net\/home\/wp-json\/wp\/v2\/media\/17875"}],"wp:attachment":[{"href":"http:\/\/www.eloriente.net\/home\/wp-json\/wp\/v2\/media?parent=17874"}],"wp:term":[{"taxonomy":"category","embeddable":true,"href":"http:\/\/www.eloriente.net\/home\/wp-json\/wp\/v2\/categories?post=17874"},{"taxonomy":"post_tag","embeddable":true,"href":"http:\/\/www.eloriente.net\/home\/wp-json\/wp\/v2\/tags?post=17874"}],"curies":[{"name":"wp","href":"https:\/\/api.w.org\/{rel}","templated":true}]}}