{"id":17896,"date":"2013-11-30T13:08:21","date_gmt":"2013-11-30T19:08:21","guid":{"rendered":"http:\/\/www.eloriente.net\/home\/?p=17896"},"modified":"2013-11-30T13:08:21","modified_gmt":"2013-11-30T19:08:21","slug":"da-inicio-feria-internacional-del-libro-de-guadalajara","status":"publish","type":"post","link":"http:\/\/www.eloriente.net\/home\/2013\/11\/30\/da-inicio-feria-internacional-del-libro-de-guadalajara\/","title":{"rendered":"Da inicio Feria Internacional del Libro de Guadalajara"},"content":{"rendered":"<p>eloriente.net<\/p>\n<p>30 de noviembre de 2013<\/p>\n<p>Como cada a\u00f1o consecutivo desde 1987, dio inicio hoy la 27\u00ba edici\u00f3n de la Feria Internacional del Libro 2013 en la capital de Jalisco, organizada por la Universidad de Guadalajara. En esta ocasi\u00f3n el pa\u00eds invitado es Israel, que presentar\u00e1 una serie de actividades culturales y una delegaci\u00f3n literaria conformada por autores, acad\u00e9micos y artistas.<\/p>\n<p>Durante este importante festival cultural y editorial, se realizar\u00e1n presentaciones de libros, exposiciones, conciertos, talleres, foros literarios y culturales. Las actividades iniciaron esta ma\u00f1ana con la entrega del premio FIL de Literatura en Lenguas Romances al poeta franc\u00e9s de 90 a\u00f1os Yves Bonnefoy; posteriormente se tiene programada la participaci\u00f3n del peruano Mario Vargas Llosa, la mexicana Elena Poniatowska, el italiano Alessandro Baricco y el israel\u00ed David Grossman, entre otros.<\/p>\n<p>El\u00a0Premio FIL de Literatura, el\u00a0Premio Sor Juana In\u00e9s de la Cruz, el\u00a0Reconocimiento al M\u00e9rito Editorial, el\u00a0Homenaje Nacional de Periodismo Cultural Fernando Ben\u00edtez, adem\u00e1s de los homenajes al\u00a0Bibli\u00f3filo\u00a0y al\u00a0Bibliotecario, son algunos de los reconocimientos que la FIL, junto con otras instituciones, otorgar\u00e1n a la trayectoria de protagonistas del mundo del libro.<\/p>\n<p>De igual forma, se contar\u00e1 con la presencia de editoriales provenientes de pa\u00edses como Argentina, Brasil, Canad\u00e1, Chile, Espa\u00f1a, Francia, Inglaterra, Per\u00fa, Taiw\u00e1n, el anfitri\u00f3n M\u00e9xico, entre otros, quienes ofrecer\u00e1n al p\u00fablico en general m\u00e1s de 3 mil t\u00edtulos literarios. El evento tendr\u00e1 una duraci\u00f3n de nueve d\u00edas, finalizar\u00e1 el 8 de diciembre de 2013.<\/p>\n<p>Consulta la <a href=\"http:\/\/www.fil.com.mx\/prog\/programa_indice.asp\" target=\"_blank\">agenda<\/a>\u00a0de la Feria Internacional del Libro 2013, da click en la liga de enlace.<\/p>\n<p>&nbsp;<\/p>\n<p><iframe loading=\"lazy\" src=\"\/\/www.youtube.com\/embed\/lAiA_WuHr60\" frameborder=\"0\" width=\"560\" height=\"315\"><\/iframe><\/p>\n<p>Feria Internacional de Libro, Edici\u00f3n 25, 2011.<br \/>\nVideo: FILGuadalajara<\/p>\n<p>&nbsp;<\/p>\n<p><a href=\"http:\/\/www.eloriente.net\/home\/wp-content\/uploads\/2013\/11\/\u00a9FILGuadalajaraPaola-Villanueva-Bidault.jpg\"><img loading=\"lazy\" decoding=\"async\" class=\"alignnone size-medium wp-image-17897\" title=\"\u00a9FILGuadalajara:Paola Villanueva Bidault\" src=\"http:\/\/www.eloriente.net\/home\/wp-content\/uploads\/2013\/11\/\u00a9FILGuadalajaraPaola-Villanueva-Bidault-300x199.jpg\" alt=\"\" width=\"300\" height=\"199\" srcset=\"http:\/\/www.eloriente.net\/home\/wp-content\/uploads\/2013\/11\/\u00a9FILGuadalajaraPaola-Villanueva-Bidault-300x199.jpg 300w, http:\/\/www.eloriente.net\/home\/wp-content\/uploads\/2013\/11\/\u00a9FILGuadalajaraPaola-Villanueva-Bidault.jpg 800w\" sizes=\"(max-width: 300px) 100vw, 300px\" \/><\/a><\/p>\n<p>Xavier Velasco, escritor mexicano que se presentar\u00e1 en la FIL Guadalajara 2013<br \/>\n\u00a9 Cortes\u00eda FIL Guadalajara\/\u00a0Paola Villanueva Bidault<\/p>\n<p>&nbsp;<\/p>\n<p><strong>Entradas relacionadas:<\/strong><\/p>\n<p><a title=\"Permalink to Presentan en la UABJO libro \u201cM\u00e9xico, lenguas ind\u00edgenas en riesgo de desaparici\u00f3n\u201d\" href=\"http:\/\/www.eloriente.net\/home\/2013\/11\/29\/presentan-en-la-uabjo-libro-mexico-lenguas-indigenas-en-riesgo-de-desaparicion\/\" rel=\"bookmark\">Presentan en la UABJO libro \u201cM\u00e9xico, lenguas ind\u00edgenas en riesgo de desaparici\u00f3n\u201d<\/a><\/p>\n<p><a href=\"http:\/\/www.eloriente.net\/home\/2013\/11\/29\/presentan-en-la-uabjo-libro-mexico-lenguas-indigenas-en-riesgo-de-desaparicion\/\" rel=\"bookmark\"><img decoding=\"async\" title=\"Presentan en la UABJO libro \u201cM\u00e9xico, lenguas ind\u00edgenas en riesgo de desaparici\u00f3n\u201d\" src=\"http:\/\/www.eloriente.net\/home\/wp-content\/themes\/city-desk\/timthumb.php?src=http%3A%2F%2Fwww.eloriente.net%2Fhome%2Fwp-content%2Fuploads%2F2013%2F11%2F29-2.jpg&amp;q=90&amp;w=160&amp;h=106&amp;zc=1\" alt=\"Presentan en la UABJO libro \u201cM\u00e9xico, lenguas ind\u00edgenas en riesgo de desaparici\u00f3n\u201d\" \/><\/a><\/p>\n<p>eloriente.com\/UABJO 29 de noviembre de 2013 Como parte de sus trabajos dedicados al rescate y preservaci\u00f3n de lenguas ind\u00edgenas, la Unidad de Atenci\u00f3n Acad\u00e9mica a Estudiantes Ind\u00edgenas (UAAEI) de la Universidad Aut\u00f3noma \u201cBenito Ju\u00e1rez\u201d de Oaxaca (UABJO), tuvo la presentaci\u00f3n del libro titulado \u201cM\u00e9xico, lenguas ind\u00edgenas en riesgo de desaparici\u00f3n\u201d\u00a0 a cargo de sus autores: [&#8230;]<\/p>\n<p>November 29, 2013<\/p>\n<div id=\"post-17456\">\n<p><a title=\"Permalink to Luis Goytisolo es galardonado con Premio Nacional de las Letras Espa\u00f1olas\" href=\"http:\/\/www.eloriente.net\/home\/2013\/11\/14\/luis-goytisolo-es-galardonado-con-premio-nacional-de-las-letras-espanolas\/\" rel=\"bookmark\">Luis Goytisolo es galardonado con Premio Nacional de las Letras Espa\u00f1olas<\/a><\/p>\n<p><a href=\"http:\/\/www.eloriente.net\/home\/2013\/11\/14\/luis-goytisolo-es-galardonado-con-premio-nacional-de-las-letras-espanolas\/\" rel=\"bookmark\"><img decoding=\"async\" title=\"Luis Goytisolo es galardonado con Premio Nacional de las Letras Espa\u00f1olas\" src=\"http:\/\/www.eloriente.net\/home\/wp-content\/themes\/city-desk\/timthumb.php?src=http%3A%2F%2Fwww.eloriente.net%2Fhome%2Fwp-content%2Fuploads%2F2013%2F11%2Fgoytisolo_1-n22.jpg&amp;q=90&amp;w=160&amp;h=106&amp;zc=1\" alt=\"Luis Goytisolo es galardonado con Premio Nacional de las Letras Espa\u00f1olas\" \/><\/a><\/p>\n<p>eloriente.net\/Agencia de Noticias de Canal 22 14 de noviembre de 2013 MADRID, Espa\u00f1a, (N22\/AFP).- El escritor Luis Goytisolo, autor de t\u00edtulos como la tetralog\u00eda Antagon\u00eda, ambientada en la Espa\u00f1a de la transici\u00f3n democr\u00e1tica, fue galardonado este jueves con el Premio Nacional de las Letras Espa\u00f1olas, anunci\u00f3 el ministerio de Cultura, Educaci\u00f3n y Deportes espa\u00f1ol. El [&#8230;]<\/p>\n<p>November 14, 2013<\/p>\n<\/div>\n<div id=\"post-17420\">\n<p><a title=\"Permalink to 5 Conversaciones para recordar a Carlos Fuentes en su Aniversario\" href=\"http:\/\/www.eloriente.net\/home\/2013\/11\/11\/5-conversaciones-para-recordar-a-carlos-fuentes-en-su-aniversario\/\" rel=\"bookmark\">5 Conversaciones para recordar a Carlos Fuentes en su Aniversario<\/a><\/p>\n<p><a href=\"http:\/\/www.eloriente.net\/home\/2013\/11\/11\/5-conversaciones-para-recordar-a-carlos-fuentes-en-su-aniversario\/\" rel=\"bookmark\"><img decoding=\"async\" title=\"5 Conversaciones para recordar a Carlos Fuentes en su Aniversario\" src=\"http:\/\/www.eloriente.net\/home\/wp-content\/themes\/city-desk\/timthumb.php?src=http%3A%2F%2Fwww.eloriente.net%2Fhome%2Fwp-content%2Fuploads%2F2013%2F05%2FAlgunos-derechos-reservados-por-Casa-de-Am%C3%A9rica-CARLOS-FUENTES.jpg&amp;q=90&amp;w=160&amp;h=106&amp;zc=1\" alt=\"5 Conversaciones para recordar a Carlos Fuentes en su Aniversario\" \/><\/a><\/p>\n<p>eloriente.net 11 de noviembre de 2013 Un 11 de noviembre de 1928 naci\u00f3 el escritor mexicano Carlos Fuentes, autor de El Espejo Enterrado, la Muerte de Artemio Cruz, Aura y La regi\u00f3n m\u00e1s transparente, entre otras muchas obras narrativas. En ELORIENTE.NET hemos publicado numerosas entradas en recuerdo y presencia de Fuentes. Esta vez, hemos realizado [&#8230;]<\/p>\n<p>November 11, 2013<\/p>\n<\/div>\n\n\t\t\t  <div \n\t\t\t  \tclass = \"fb-comments\" \n\t\t\t  \tdata-href = \"http:\/\/www.eloriente.net\/home\/2013\/11\/30\/da-inicio-feria-internacional-del-libro-de-guadalajara\/\"\n\t\t\t  \tdata-numposts = \"10\"\n\t\t\t\tdata-colorscheme = \"dark\"\n\t\t\t\tdata-order-by = \"social\"\n\t\t\t\tdata-mobile=true>\n\t\t\t  <\/div>\n\t\t  <style>\n\t\t\t.fb_iframe_widget_fluid_desktop iframe {\n\t\t\t    width: 100% !important;\n\t\t\t}\n\t\t  <\/style>\n\t\t  ","protected":false},"excerpt":{"rendered":"<p>eloriente.net 30 de noviembre de 2013 Como cada a\u00f1o consecutivo desde 1987, dio inicio hoy la 27\u00ba edici\u00f3n de la Feria Internacional del Libro 2013 en la capital de Jalisco, organizada por la Universidad de Guadalajara. En esta ocasi\u00f3n el pa\u00eds invitado es Israel, que presentar\u00e1 una serie de actividades culturales y una delegaci\u00f3n literaria [&hellip;]<\/p>\n","protected":false},"author":26,"featured_media":17897,"comment_status":"open","ping_status":"open","sticky":false,"template":"","format":"standard","meta":{"_jetpack_memberships_contains_paid_content":false,"footnotes":""},"categories":[8,18,32,63,10,31],"tags":[],"class_list":["post-17896","post","type-post","status-publish","format-standard","has-post-thumbnail","hentry","category-agenda","category-educacion-y-cultura","category-entradas","category-estados","category-lo-mas-reciente","category-principal"],"jetpack_featured_media_url":"http:\/\/www.eloriente.net\/home\/wp-content\/uploads\/2013\/11\/\u00a9FILGuadalajaraPaola-Villanueva-Bidault.jpg","jetpack_sharing_enabled":true,"_links":{"self":[{"href":"http:\/\/www.eloriente.net\/home\/wp-json\/wp\/v2\/posts\/17896"}],"collection":[{"href":"http:\/\/www.eloriente.net\/home\/wp-json\/wp\/v2\/posts"}],"about":[{"href":"http:\/\/www.eloriente.net\/home\/wp-json\/wp\/v2\/types\/post"}],"author":[{"embeddable":true,"href":"http:\/\/www.eloriente.net\/home\/wp-json\/wp\/v2\/users\/26"}],"replies":[{"embeddable":true,"href":"http:\/\/www.eloriente.net\/home\/wp-json\/wp\/v2\/comments?post=17896"}],"version-history":[{"count":9,"href":"http:\/\/www.eloriente.net\/home\/wp-json\/wp\/v2\/posts\/17896\/revisions"}],"predecessor-version":[{"id":17909,"href":"http:\/\/www.eloriente.net\/home\/wp-json\/wp\/v2\/posts\/17896\/revisions\/17909"}],"wp:featuredmedia":[{"embeddable":true,"href":"http:\/\/www.eloriente.net\/home\/wp-json\/wp\/v2\/media\/17897"}],"wp:attachment":[{"href":"http:\/\/www.eloriente.net\/home\/wp-json\/wp\/v2\/media?parent=17896"}],"wp:term":[{"taxonomy":"category","embeddable":true,"href":"http:\/\/www.eloriente.net\/home\/wp-json\/wp\/v2\/categories?post=17896"},{"taxonomy":"post_tag","embeddable":true,"href":"http:\/\/www.eloriente.net\/home\/wp-json\/wp\/v2\/tags?post=17896"}],"curies":[{"name":"wp","href":"https:\/\/api.w.org\/{rel}","templated":true}]}}