{"id":17941,"date":"2013-12-01T21:41:54","date_gmt":"2013-12-02T03:41:54","guid":{"rendered":"http:\/\/www.eloriente.net\/home\/?p=17941"},"modified":"2013-12-01T21:41:54","modified_gmt":"2013-12-02T03:41:54","slug":"cromatico","status":"publish","type":"post","link":"http:\/\/www.eloriente.net\/home\/2013\/12\/01\/cromatico\/","title":{"rendered":"Crom\u00e1tico"},"content":{"rendered":"<p>eloriente.net<\/p>\n<p>2 de diciembre de 2013<\/p>\n<p style=\"text-align: right\">Por: <a href=\"http:\/\/www.eloriente.net\/home\/category\/colaboradores\/omar-alejandro-angel\/\" target=\"_blank\">Omar Alejandro \u00c1ngel<\/a><\/p>\n<p style=\"text-align: left\" align=\"center\"><strong>CROM\u00c1TICO<\/strong><\/p>\n<p>\u00a0i)<\/p>\n<p>Dos<\/p>\n<p>de ellos son<\/p>\n<p>tres.<\/p>\n<p>&nbsp;<\/p>\n<p>ii)<\/p>\n<p>Reyan<\/p>\n<p>amor. Luego,<\/p>\n<p>ser\u00e1n.<\/p>\n<p>&nbsp;<\/p>\n<p>iii)<\/p>\n<p>M\u00edseros.<\/p>\n<p>Hipnotizada<\/p>\n<p>costumbre.<\/p>\n<p>&nbsp;<\/p>\n<p>iv)<\/p>\n<p>Falsos pasos<\/p>\n<p>lascando orondos no<\/p>\n<p>un ma\u00f1ana.<\/p>\n<p>&nbsp;<\/p>\n<p>v)<\/p>\n<p>Sol, acre color,<\/p>\n<p>rompes en ella lo que<\/p>\n<p>de \u00e9l no conoce.<\/p>\n<p>&nbsp;<\/p>\n<p>vi)<\/p>\n<p>Lapidario ocioso.<\/p>\n<p>Lustras el canto en las piedras<\/p>\n<p>preciosas. Vamos, ve.<\/p>\n<p>&nbsp;<\/p>\n<p>vii)<\/p>\n<p>Sientes, de a poco, lerdas<\/p>\n<p>manos libando pechos ojos<\/p>\n<p>y al Sol, evaporando.<\/p>\n<p><a href=\"http:\/\/www.eloriente.net\/home\/wp-content\/uploads\/2013\/12\/Amanecer-Atribuci\u00f3nCompartir-bajo-la-misma-licencia-Algunos-derechos-reservados-por-Dario-Sanches.jpg\"><img loading=\"lazy\" decoding=\"async\" class=\"alignnone size-full wp-image-17942\" src=\"http:\/\/www.eloriente.net\/home\/wp-content\/uploads\/2013\/12\/Amanecer-Atribuci\u00f3nCompartir-bajo-la-misma-licencia-Algunos-derechos-reservados-por-Dario-Sanches.jpg\" alt=\"\" width=\"800\" height=\"595\" srcset=\"http:\/\/www.eloriente.net\/home\/wp-content\/uploads\/2013\/12\/Amanecer-Atribuci\u00f3nCompartir-bajo-la-misma-licencia-Algunos-derechos-reservados-por-Dario-Sanches.jpg 800w, http:\/\/www.eloriente.net\/home\/wp-content\/uploads\/2013\/12\/Amanecer-Atribuci\u00f3nCompartir-bajo-la-misma-licencia-Algunos-derechos-reservados-por-Dario-Sanches-300x223.jpg 300w\" sizes=\"(max-width: 800px) 100vw, 800px\" \/><\/a><\/p>\n<p>Foto:\u00a0<a href=\"http:\/\/creativecommons.org\/licenses\/by-sa\/2.0\/\"><img decoding=\"async\" src=\"http:\/\/l.yimg.com\/g\/images\/cc_icon_attribution_small.gif\" alt=\"Atribuci\u00f3n\" border=\"0\" \/><img decoding=\"async\" src=\"http:\/\/l.yimg.com\/g\/images\/cc_icon_sharealike_small.gif\" alt=\"Compartir bajo la misma licencia\" border=\"0\" \/><\/a>\u00a0<a title=\"Attribution-ShareAlike License\" href=\"http:\/\/creativecommons.org\/licenses\/by-sa\/2.0\/\">Algunos derechos reservados<\/a>\u00a0por\u00a0<a href=\"http:\/\/www.flickr.com\/photos\/dariosanches\/\">Dario Sanches<\/a><\/p>\n<p><strong>Entradas Anteriores:<\/strong><\/p>\n<p><a title=\"Permalink to Escribir bien, mi mayor ambici\u00f3n: Jos\u00e9 Emilio Pacheco\" href=\"http:\/\/www.eloriente.net\/home\/2013\/07\/01\/escribir-bien-mi-mayor-ambicion-jose-emilio-pacheco\/\" rel=\"bookmark\">Escribir bien, mi mayor ambici\u00f3n: Jos\u00e9 Emilio Pacheco<\/a><\/p>\n<p><a href=\"http:\/\/www.eloriente.net\/home\/2013\/07\/01\/escribir-bien-mi-mayor-ambicion-jose-emilio-pacheco\/\" rel=\"bookmark\"><img decoding=\"async\" src=\"http:\/\/www.eloriente.net\/home\/wp-content\/themes\/city-desk\/timthumb.php?src=http%3A%2F%2Fwww.eloriente.net%2Fhome%2Fwp-content%2Fuploads%2F2013%2F07%2FJose-Emilio-Pacheco-rtve.png&amp;q=90&amp;w=160&amp;h=106&amp;zc=1\" alt=\"Escribir bien, mi mayor ambici\u00f3n: Jos\u00e9 Emilio Pacheco\" \/><\/a><\/p>\n<p>eloriente.net\/ Conaculta 1 de julio de 2013 Este 30 de junio se celebr\u00f3 el cumplea\u00f1os 74 del escritor que se dio a conocer a los 20 a\u00f1os con su libro de cuentos La sangre de la medusa Jos\u00e9 Emilio Pacheco es figura central de la poes\u00eda en espa\u00f1ol de los \u00faltimos 50 a\u00f1os. Ha desarrollado [&#8230;]<\/p>\n<p>July 1, 2013<\/p>\n<div>\n<p><a title=\"Permalink to Abren convocatoria 2013 del Premio Nacional de Poes\u00eda Ram\u00f3n L\u00f3pez Velarde\" href=\"http:\/\/www.eloriente.net\/home\/2013\/06\/26\/presentan-convocatoria-2013-del-premio-nacional-de-poesia-ramon-lopez-velarde\/\" rel=\"bookmark\">Abren convocatoria 2013 del Premio Nacional de Poes\u00eda Ram\u00f3n L\u00f3pez Velarde<\/a><\/p>\n<p><a href=\"http:\/\/www.eloriente.net\/home\/2013\/06\/26\/presentan-convocatoria-2013-del-premio-nacional-de-poesia-ramon-lopez-velarde\/\" rel=\"bookmark\"><img decoding=\"async\" src=\"http:\/\/www.eloriente.net\/home\/wp-content\/themes\/city-desk\/timthumb.php?src=http%3A%2F%2Fwww.eloriente.net%2Fhome%2Fwp-content%2Fuploads%2F2013%2F06%2FAbierta-la-Convocatoria-para-el-Premio-Nacional-de-Poes%C3%ADa-RLV.jpeg&amp;q=90&amp;w=160&amp;h=106&amp;zc=1\" alt=\"Abren convocatoria 2013 del Premio Nacional de Poes\u00eda Ram\u00f3n L\u00f3pez Velarde\" \/><\/a>eloriente.net\/\u00a0Universidad Aut\u00f3noma de Zacatecas 26 de junio de 2013 eloriente.net (Oaxaca, Oax.) 26 de junio de 2013.- Ayer, el Rector de la Universidad Aut\u00f3noma de Zacatecas (UAZ),\u00a0Armando Silva Ch\u00e1irez, devel\u00f3 ante los medios de comunicaci\u00f3n la\u00a0convocatoria del Premio Nacional de Poes\u00eda \u201cRam\u00f3n L\u00f3pez Velarde\u201d 2013, uno de los eventos m\u00e1s importantes de su tipo en [&#8230;]<\/p>\n<p>June 26, 2013<\/p>\n<\/div>\n<div>\n<p><a title=\"Permalink to Delegaci\u00f3n de Juchit\u00e1n participar\u00e1 en Festival Folkl\u00f3rico Smithsonian en EU\" href=\"http:\/\/www.eloriente.net\/home\/2013\/06\/19\/delegacion-de-juchitan-participara-en-festival-folklorico-smithsonian-en-eu\/\" rel=\"bookmark\">Delegaci\u00f3n de Juchit\u00e1n participar\u00e1 en Festival Folkl\u00f3rico Smithsonian en EU<\/a><\/p>\n<p><a href=\"http:\/\/www.eloriente.net\/home\/2013\/06\/19\/delegacion-de-juchitan-participara-en-festival-folklorico-smithsonian-en-eu\/\" rel=\"bookmark\"><img decoding=\"async\" src=\"http:\/\/www.eloriente.net\/home\/wp-content\/themes\/city-desk\/timthumb.php?src=http%3A%2F%2Fwww.eloriente.net%2Fhome%2Fwp-content%2Fuploads%2F2013%2F06%2Fjuchit%C3%A1n.jpg&amp;q=90&amp;w=160&amp;h=106&amp;zc=1\" alt=\"Delegaci\u00f3n de Juchit\u00e1n participar\u00e1 en Festival Folkl\u00f3rico Smithsonian en EU\" \/><\/a>eloriente.net\/\u00a0Smithsonian Folklife Festival 19 de junio de 2013 eloriente.net (Oaxaca, Oax.) 19 de junio de 2013.- Una delegaci\u00f3n de Juchit\u00e1n, comunidad\u00a0localizada en la regi\u00f3n\u00a0del Istmo del estado de Oaxaca, participar\u00e1 en el programa\u00a0\u201cUn mundo, muchas voces: Idiomas y patrimonio cultural en peligro\u201d, del\u00a0Festival internacional organizado por el\u00a0Smithsonian Center for Folklife and Cultural Heritage, y que [&#8230;]<\/p>\n<p>June 19, 2013<\/p>\n<\/div>\n<div>\n<p><a title=\"Permalink to Cl\u00e1sica y moderna\" href=\"http:\/\/www.eloriente.net\/home\/2013\/06\/13\/clasica-y-moderna\/\" rel=\"bookmark\">Cl\u00e1sica y moderna<\/a><\/p>\n<p><a href=\"http:\/\/www.eloriente.net\/home\/2013\/06\/13\/clasica-y-moderna\/\" rel=\"bookmark\"><img decoding=\"async\" src=\"http:\/\/www.eloriente.net\/home\/wp-content\/themes\/city-desk\/timthumb.php?src=http%3A%2F%2Fwww.eloriente.net%2Fhome%2Fwp-content%2Fuploads%2F2013%2F06%2FCyM.jpg&amp;q=90&amp;w=160&amp;h=106&amp;zc=1\" alt=\"Cl\u00e1sica y moderna\" \/><\/a>Por: Rodolfo Nar\u00f3 Hace unos d\u00edas, la librer\u00eda Cl\u00e1sica y moderna cumpli\u00f3 75 a\u00f1os de vida. En ese lugar, ubicado en la Av. Callao de Buenos Aires, \u00edbamos a comer M\u00e1ximo Simpson y yo. Es mi lugar favorito, me dec\u00eda mientras el hambre nos dirig\u00eda hac\u00eda sus platillos y sus libros. M\u00e1ximo me citaba a [&#8230;]<\/p>\n<p>June 13, 2013<\/p>\n<\/div>\n\n\t\t\t  <div \n\t\t\t  \tclass = \"fb-comments\" \n\t\t\t  \tdata-href = \"http:\/\/www.eloriente.net\/home\/2013\/12\/01\/cromatico\/\"\n\t\t\t  \tdata-numposts = \"10\"\n\t\t\t\tdata-colorscheme = \"dark\"\n\t\t\t\tdata-order-by = \"social\"\n\t\t\t\tdata-mobile=true>\n\t\t\t  <\/div>\n\t\t  <style>\n\t\t\t.fb_iframe_widget_fluid_desktop iframe {\n\t\t\t    width: 100% !important;\n\t\t\t}\n\t\t  <\/style>\n\t\t  ","protected":false},"excerpt":{"rendered":"<p>eloriente.net 2 de diciembre de 2013 Por: Omar Alejandro \u00c1ngel CROM\u00c1TICO \u00a0i) Dos de ellos son tres. &nbsp; ii) Reyan amor. Luego, ser\u00e1n. &nbsp; iii) M\u00edseros. Hipnotizada costumbre. &nbsp; iv) Falsos pasos lascando orondos no un ma\u00f1ana. &nbsp; v) Sol, acre color, rompes en ella lo que de \u00e9l no conoce. &nbsp; vi) Lapidario ocioso. [&hellip;]<\/p>\n","protected":false},"author":14,"featured_media":17942,"comment_status":"open","ping_status":"open","sticky":false,"template":"","format":"standard","meta":{"_jetpack_memberships_contains_paid_content":false,"footnotes":""},"categories":[11,32,10,57],"tags":[],"class_list":["post-17941","post","type-post","status-publish","format-standard","has-post-thumbnail","hentry","category-colaboradores","category-entradas","category-lo-mas-reciente","category-omar-alejandro-angel"],"jetpack_featured_media_url":"http:\/\/www.eloriente.net\/home\/wp-content\/uploads\/2013\/12\/Amanecer-Atribuci\u00f3nCompartir-bajo-la-misma-licencia-Algunos-derechos-reservados-por-Dario-Sanches.jpg","jetpack_sharing_enabled":true,"_links":{"self":[{"href":"http:\/\/www.eloriente.net\/home\/wp-json\/wp\/v2\/posts\/17941"}],"collection":[{"href":"http:\/\/www.eloriente.net\/home\/wp-json\/wp\/v2\/posts"}],"about":[{"href":"http:\/\/www.eloriente.net\/home\/wp-json\/wp\/v2\/types\/post"}],"author":[{"embeddable":true,"href":"http:\/\/www.eloriente.net\/home\/wp-json\/wp\/v2\/users\/14"}],"replies":[{"embeddable":true,"href":"http:\/\/www.eloriente.net\/home\/wp-json\/wp\/v2\/comments?post=17941"}],"version-history":[{"count":1,"href":"http:\/\/www.eloriente.net\/home\/wp-json\/wp\/v2\/posts\/17941\/revisions"}],"predecessor-version":[{"id":17943,"href":"http:\/\/www.eloriente.net\/home\/wp-json\/wp\/v2\/posts\/17941\/revisions\/17943"}],"wp:featuredmedia":[{"embeddable":true,"href":"http:\/\/www.eloriente.net\/home\/wp-json\/wp\/v2\/media\/17942"}],"wp:attachment":[{"href":"http:\/\/www.eloriente.net\/home\/wp-json\/wp\/v2\/media?parent=17941"}],"wp:term":[{"taxonomy":"category","embeddable":true,"href":"http:\/\/www.eloriente.net\/home\/wp-json\/wp\/v2\/categories?post=17941"},{"taxonomy":"post_tag","embeddable":true,"href":"http:\/\/www.eloriente.net\/home\/wp-json\/wp\/v2\/tags?post=17941"}],"curies":[{"name":"wp","href":"https:\/\/api.w.org\/{rel}","templated":true}]}}