{"id":17952,"date":"2013-12-02T10:21:13","date_gmt":"2013-12-02T16:21:13","guid":{"rendered":"http:\/\/www.eloriente.net\/home\/?p=17952"},"modified":"2013-12-02T10:21:13","modified_gmt":"2013-12-02T16:21:13","slug":"cecad-uabjo-anuncia-cursos-decembrinos-y-convocatoria-de-ingreso-al-bachillerato-abierto-y-a-distancia","status":"publish","type":"post","link":"http:\/\/www.eloriente.net\/home\/2013\/12\/02\/cecad-uabjo-anuncia-cursos-decembrinos-y-convocatoria-de-ingreso-al-bachillerato-abierto-y-a-distancia\/","title":{"rendered":"CECAD-UABJO anuncia cursos decembrinos y convocatoria de ingreso al Bachillerato Abierto y a Distancia"},"content":{"rendered":"<p>eloriente.net\/UABJO<\/p>\n<p>2 de diciembre de 2013<\/p>\n<p>El Centro de Educaci\u00f3n Continua, Abierta y a Distancia de la Universidad Aut\u00f3noma \u201cBenito Ju\u00e1rez\u201d de Oaxaca (CECAD-UABJO) anunci\u00f3 el curso de Dise\u00f1o Curricular en su modalidad virtual as\u00ed como Estrategias para la Elaboraci\u00f3n de Material Educativo para Docentes Usuarios de las TIC en la modalidad presencial y a distancia.<\/p>\n<p>La directora del CECAD, Mar\u00eda del Refugio Caballero Merl\u00edn dio a conocer que ser\u00e1 del 16 al 18 de Diciembre en un horario de 8:00 a 15:00 horas cuando se imparta el curso de Dise\u00f1o Curricular dirigido a responsables y colaboradores de las \u00e1reas en Educaci\u00f3n continua, de vinculaci\u00f3n, Innovaci\u00f3n curricular, responsables y colaboradores de las \u00e1reas de dise\u00f1o y desarrollo curricular.<\/p>\n<p>El objetivo es proporcionar el marco te\u00f3rico y metodol\u00f3gico para realizar el dise\u00f1o curricular en la modalidad virtual impartido por la maestra Sara Iglesias Morales abierto al p\u00fablico en general con un costo de $ 2,500.00 pesos y a la comunidad UABJO $ 1,800.00 pesos.<\/p>\n<p>Por otra parte \u201cEstrategias para la Elaboraci\u00f3n de Material Educativo para Docentes Usuarios de las TIC\u201d se impartir\u00e1 del 11 al 13 de Diciembre de 8:00 a 15:00 horas y ser\u00e1 dirigido a Docentes, Tutores y Capacitadores; Consultores y Dise\u00f1adores de Cursos; Administradores de Instituciones Educativas y Culturales cuyo objetivo es proporcionar al docente las herramientas conceptuales y emp\u00edricas para la elaboraci\u00f3n de materiales educativos contando con el apoyo de medios de difusi\u00f3n\u00a0 masiva de las modernas tecnolog\u00edas de informaci\u00f3n y comunicaci\u00f3n.<\/p>\n<p>El costo al p\u00fablico en general es de $ 2,500.00 pesos y a la comunidad UABJO $1,550.00 pesos en ambos caso la cuenta para depositar es en BANAMEX n\u00famero de cuenta 8142267 Suc. 549 a nombre de la Universidad Aut\u00f3noma \u201cBenito Ju\u00e1rez\u201d de Oaxaca y posteriormente acudir a las instalaciones del CECAD para culminar la inscripci\u00f3n.<\/p>\n<p>De igual forma ya se encuentra abierta la convocatoria para el ingreso al Bachillerato Abierto y a Distancia hasta el 9 y 11 de Enero respectivamente, en su modalidad Abierta habr\u00e1 dos cursos proped\u00e9uticos los d\u00edas 11 y 12, 18 y 19 de Enero y para la modalidad a Distancia ser\u00e1n 3: del 13 al 24 de Enero, del 27 de Enero al 23 de Febrero y del 24 de Febrero al 23 de Marzo del 2014.<\/p>\n<p>&nbsp;<\/p>\n<p><a href=\"http:\/\/www.eloriente.net\/home\/wp-content\/uploads\/2013\/12\/302.jpg\"><img loading=\"lazy\" decoding=\"async\" class=\"alignnone size-medium wp-image-17953\" title=\"30(2)\" src=\"http:\/\/www.eloriente.net\/home\/wp-content\/uploads\/2013\/12\/302-300x200.jpg\" alt=\"\" width=\"300\" height=\"200\" srcset=\"http:\/\/www.eloriente.net\/home\/wp-content\/uploads\/2013\/12\/302-300x200.jpg 300w, http:\/\/www.eloriente.net\/home\/wp-content\/uploads\/2013\/12\/302-1024x682.jpg 1024w\" sizes=\"(max-width: 300px) 100vw, 300px\" \/><\/a><\/p>\n<p>Foto: UABJO<\/p>\n<p>&nbsp;<\/p>\n<p><strong>Entradas relacionadas:\u00a0<\/strong><\/p>\n<p><a title=\"Permalink to SEDATU convoca al Padr\u00f3n de Asesores T\u00e9cnicos 2014\" href=\"http:\/\/www.eloriente.net\/home\/2013\/11\/30\/sedatu-convoca-al-padron-de-asesores-tecnicos-2014\/\" rel=\"bookmark\">SEDATU convoca al Padr\u00f3n de Asesores T\u00e9cnicos 2014<\/a><\/p>\n<p><a href=\"http:\/\/www.eloriente.net\/home\/2013\/11\/30\/sedatu-convoca-al-padron-de-asesores-tecnicos-2014\/\" rel=\"bookmark\"><img decoding=\"async\" title=\"SEDATU convoca al Padr\u00f3n de Asesores T\u00e9cnicos 2014\" src=\"http:\/\/www.eloriente.net\/home\/wp-content\/themes\/city-desk\/timthumb.php?src=http%3A%2F%2Fwww.eloriente.net%2Fhome%2Fwp-content%2Fuploads%2F2013%2F11%2Fjoven-rural.jpg&amp;q=90&amp;w=160&amp;h=106&amp;zc=1\" alt=\"SEDATU convoca al Padr\u00f3n de Asesores T\u00e9cnicos 2014\" \/><\/a><\/p>\n<p>eloriente.ent 30 de noviembre de 2013 La Secretar\u00eda de Desarrollo Agrario, Territorial y Urbano (SEDATU), a trav\u00e9s de la Direcci\u00f3n General de Desarrollo Agrario, con la cooperaci\u00f3n t\u00e9cnica de la Facultad de Econom\u00eda de la Universidad Nacional Aut\u00f3noma de M\u00e9xico (UNAM) convocan a aspirantes de nuevo ingreso, t\u00e9cnicos no vigentes y t\u00e9cnicos que actualmente conforman [&#8230;]<\/p>\n<p>November 30, 2013<\/p>\n<div id=\"post-17896\">\n<p><a title=\"Permalink to Da inicio Feria Internacional del Libro de Guadalajara\" href=\"http:\/\/www.eloriente.net\/home\/2013\/11\/30\/da-inicio-feria-internacional-del-libro-de-guadalajara\/\" rel=\"bookmark\">Da inicio Feria Internacional del Libro de Guadalajara<\/a><\/p>\n<p><a href=\"http:\/\/www.eloriente.net\/home\/2013\/11\/30\/da-inicio-feria-internacional-del-libro-de-guadalajara\/\" rel=\"bookmark\"><img decoding=\"async\" title=\"Da inicio Feria Internacional del Libro de Guadalajara\" src=\"http:\/\/www.eloriente.net\/home\/wp-content\/themes\/city-desk\/timthumb.php?src=http%3A%2F%2Fwww.eloriente.net%2Fhome%2Fwp-content%2Fuploads%2F2013%2F11%2F%C2%A9FILGuadalajaraPaola-Villanueva-Bidault.jpg&amp;q=90&amp;w=160&amp;h=106&amp;zc=1\" alt=\"Da inicio Feria Internacional del Libro de Guadalajara\" \/><\/a><\/p>\n<p>eloriente.net 30 de noviembre de 2013 Como cada a\u00f1o consecutivo desde 1987, dio inicio hoy la 27\u00ba edici\u00f3n de la Feria Internacional del Libro 2013 en la capital de Jalisco, organizada por la Universidad de Guadalajara. En esta ocasi\u00f3n el pa\u00eds invitado es Israel, que presentar\u00e1 una serie de actividades culturales y una delegaci\u00f3n literaria [&#8230;]<\/p>\n<p>November 30, 2013<\/p>\n<\/div>\n<div id=\"post-17874\">\n<p><a title=\"Permalink to Presentan en la UABJO libro \u201cM\u00e9xico, lenguas ind\u00edgenas en riesgo de desaparici\u00f3n\u201d\" href=\"http:\/\/www.eloriente.net\/home\/2013\/11\/29\/presentan-en-la-uabjo-libro-mexico-lenguas-indigenas-en-riesgo-de-desaparicion\/\" rel=\"bookmark\">Presentan en la UABJO libro \u201cM\u00e9xico, lenguas ind\u00edgenas en riesgo de desaparici\u00f3n\u201d<\/a><\/p>\n<p><a href=\"http:\/\/www.eloriente.net\/home\/2013\/11\/29\/presentan-en-la-uabjo-libro-mexico-lenguas-indigenas-en-riesgo-de-desaparicion\/\" rel=\"bookmark\"><img decoding=\"async\" title=\"Presentan en la UABJO libro \u201cM\u00e9xico, lenguas ind\u00edgenas en riesgo de desaparici\u00f3n\u201d\" src=\"http:\/\/www.eloriente.net\/home\/wp-content\/themes\/city-desk\/timthumb.php?src=http%3A%2F%2Fwww.eloriente.net%2Fhome%2Fwp-content%2Fuploads%2F2013%2F11%2F29-2.jpg&amp;q=90&amp;w=160&amp;h=106&amp;zc=1\" alt=\"Presentan en la UABJO libro \u201cM\u00e9xico, lenguas ind\u00edgenas en riesgo de desaparici\u00f3n\u201d\" \/><\/a><\/p>\n<p>eloriente.com\/UABJO 29 de noviembre de 2013 Como parte de sus trabajos dedicados al rescate y preservaci\u00f3n de lenguas ind\u00edgenas, la Unidad de Atenci\u00f3n Acad\u00e9mica a Estudiantes Ind\u00edgenas (UAAEI) de la Universidad Aut\u00f3noma \u201cBenito Ju\u00e1rez\u201d de Oaxaca (UABJO), tuvo la presentaci\u00f3n del libro titulado \u201cM\u00e9xico, lenguas ind\u00edgenas en riesgo de desaparici\u00f3n\u201d\u00a0 a cargo de sus autores: [&#8230;]<\/p>\n<p>November 29, 2013<\/p>\n<\/div>\n\n\t\t\t  <div \n\t\t\t  \tclass = \"fb-comments\" \n\t\t\t  \tdata-href = \"http:\/\/www.eloriente.net\/home\/2013\/12\/02\/cecad-uabjo-anuncia-cursos-decembrinos-y-convocatoria-de-ingreso-al-bachillerato-abierto-y-a-distancia\/\"\n\t\t\t  \tdata-numposts = \"10\"\n\t\t\t\tdata-colorscheme = \"dark\"\n\t\t\t\tdata-order-by = \"social\"\n\t\t\t\tdata-mobile=true>\n\t\t\t  <\/div>\n\t\t  <style>\n\t\t\t.fb_iframe_widget_fluid_desktop iframe {\n\t\t\t    width: 100% !important;\n\t\t\t}\n\t\t  <\/style>\n\t\t  ","protected":false},"excerpt":{"rendered":"<p>eloriente.net\/UABJO 2 de diciembre de 2013 El Centro de Educaci\u00f3n Continua, Abierta y a Distancia de la Universidad Aut\u00f3noma \u201cBenito Ju\u00e1rez\u201d de Oaxaca (CECAD-UABJO) anunci\u00f3 el curso de Dise\u00f1o Curricular en su modalidad virtual as\u00ed como Estrategias para la Elaboraci\u00f3n de Material Educativo para Docentes Usuarios de las TIC en la modalidad presencial y a [&hellip;]<\/p>\n","protected":false},"author":26,"featured_media":17953,"comment_status":"open","ping_status":"open","sticky":false,"template":"","format":"standard","meta":{"_jetpack_memberships_contains_paid_content":false,"footnotes":""},"categories":[26,18,32,10,84],"tags":[],"class_list":["post-17952","post","type-post","status-publish","format-standard","has-post-thumbnail","hentry","category-convocatorias","category-educacion-y-cultura","category-entradas","category-lo-mas-reciente","category-universidades"],"jetpack_featured_media_url":"http:\/\/www.eloriente.net\/home\/wp-content\/uploads\/2013\/12\/302.jpg","jetpack_sharing_enabled":true,"_links":{"self":[{"href":"http:\/\/www.eloriente.net\/home\/wp-json\/wp\/v2\/posts\/17952"}],"collection":[{"href":"http:\/\/www.eloriente.net\/home\/wp-json\/wp\/v2\/posts"}],"about":[{"href":"http:\/\/www.eloriente.net\/home\/wp-json\/wp\/v2\/types\/post"}],"author":[{"embeddable":true,"href":"http:\/\/www.eloriente.net\/home\/wp-json\/wp\/v2\/users\/26"}],"replies":[{"embeddable":true,"href":"http:\/\/www.eloriente.net\/home\/wp-json\/wp\/v2\/comments?post=17952"}],"version-history":[{"count":5,"href":"http:\/\/www.eloriente.net\/home\/wp-json\/wp\/v2\/posts\/17952\/revisions"}],"predecessor-version":[{"id":17958,"href":"http:\/\/www.eloriente.net\/home\/wp-json\/wp\/v2\/posts\/17952\/revisions\/17958"}],"wp:featuredmedia":[{"embeddable":true,"href":"http:\/\/www.eloriente.net\/home\/wp-json\/wp\/v2\/media\/17953"}],"wp:attachment":[{"href":"http:\/\/www.eloriente.net\/home\/wp-json\/wp\/v2\/media?parent=17952"}],"wp:term":[{"taxonomy":"category","embeddable":true,"href":"http:\/\/www.eloriente.net\/home\/wp-json\/wp\/v2\/categories?post=17952"},{"taxonomy":"post_tag","embeddable":true,"href":"http:\/\/www.eloriente.net\/home\/wp-json\/wp\/v2\/tags?post=17952"}],"curies":[{"name":"wp","href":"https:\/\/api.w.org\/{rel}","templated":true}]}}