{"id":17971,"date":"2013-12-02T14:05:44","date_gmt":"2013-12-02T20:05:44","guid":{"rendered":"http:\/\/www.eloriente.net\/home\/?p=17971"},"modified":"2013-12-02T14:24:35","modified_gmt":"2013-12-02T20:24:35","slug":"en-19-de-cada-cien-hogares-del-pais-vive-al-menos-una-persona-con-discapacidad-en-2012-inegi","status":"publish","type":"post","link":"http:\/\/www.eloriente.net\/home\/2013\/12\/02\/en-19-de-cada-cien-hogares-del-pais-vive-al-menos-una-persona-con-discapacidad-en-2012-inegi\/","title":{"rendered":"En 19 de cada cien hogares del pa\u00eds vive al menos una persona con discapacidad en 2012: INEGI"},"content":{"rendered":"<p>eloriente.net\/<a href=\"http:\/\/www.inegi.org.mx\/\" target=\"_blank\">INEGI<\/a><\/p>\n<p>1 de diciembre de 2013<\/p>\n<p>El Instituto Nacional de Estad\u00edstica y Geograf\u00eda dio a conocer estad\u00edsticas actuales sobre la discapacidad en M\u00e9xico, en el marco del D\u00eda Internacional de las Personas con Discapacidad, que se conmemora el d\u00eda 3 de diciembre.<\/p>\n<p>Seg\u00fan la Encuesta Nacional de Ingresos y Gastos de los Hogares 2012, 6.6% del total de la poblaci\u00f3n del pa\u00eds tiene alguna discapacidad, de este sector el 51.4% son adultos mayores, 33.7% adultos, 7.6% j\u00f3venes y 7.3% ni\u00f1os, quienes presentan alguna dificultad para caminar, ver, escuchar, hablar o comunicarse, poner atenci\u00f3n o aprender, atender el cuidado personal y mental; el principal impedimento f\u00edsico es caminar con un 57.5%.<\/p>\n<p><a href=\"http:\/\/www.eloriente.net\/home\/wp-content\/uploads\/2013\/12\/Gr\u00e1fica-discapacitados-.png\"><img loading=\"lazy\" decoding=\"async\" class=\"aligncenter size-medium wp-image-17972\" title=\"Gr\u00e1fica discapacitados\" src=\"http:\/\/www.eloriente.net\/home\/wp-content\/uploads\/2013\/12\/Gr\u00e1fica-discapacitados--300x221.png\" alt=\"\" width=\"300\" height=\"221\" srcset=\"http:\/\/www.eloriente.net\/home\/wp-content\/uploads\/2013\/12\/Gr\u00e1fica-discapacitados--300x221.png 300w, http:\/\/www.eloriente.net\/home\/wp-content\/uploads\/2013\/12\/Gr\u00e1fica-discapacitados-.png 369w\" sizes=\"(max-width: 300px) 100vw, 300px\" \/><\/a><\/p>\n<p>Debido a su alta densidad de poblaci\u00f3n, Estado de M\u00e9xico, Distrito Federal, Jalisco y Nuevo Le\u00f3n son las entidades federativas que tienen una mayor cantidad de personas con discapacidad. Mientras que Tabasco, Oaxaca, Yucat\u00e1n y Nayarit presentan los \u00edndices m\u00e1s altos en proporci\u00f3n de gente discapacitada en relaci\u00f3n con particularidades como estructura etaria, cobertura y calidad del sistema de salud, el nivel de desarrollo econ\u00f3mico y social.<\/p>\n<p>La mayor causa de discapacidad es la enfermedad con 38.5%, pero el reporte presentado por el INEGI evidencia que los cambios en el ciclo de vida tambi\u00e9n es un factor importante en el riesgo de adquirir alg\u00fan tipo de discapacidad; otros motivos significativos son la edad avanzada, el nacimiento y los accidentes.<\/p>\n<p>En 1992, la Asamblea General de las Naciones Unidas declar\u00f3 el d\u00eda 3 de diciembre D\u00eda Internacional de las Personas con Discapacidad, con el objetivo de sensibilizar a la opini\u00f3n p\u00fablica respecto a la integraci\u00f3n de las personas con discapacidad en todos los aspectos de la vida pol\u00edtica, social, econ\u00f3mica y cultural de las naciones; as\u00ed como de fomentar la igualdad de oportunidades y el mejoramiento de la situaci\u00f3n de este grupo de la poblaci\u00f3n.<\/p>\n<p>Los detalles publicados por el INEGI, los ponemos a disposici\u00f3n en ELORIENTE.NET a continuaci\u00f3n:<\/p>\n<p>&nbsp;<\/p>\n<div data-configid=\"5422719\/5849635\" style=\"width: 525px; height: 340px;\" class=\"issuuembed\"><\/div>\n<p><script type=\"text\/javascript\" src=\"\/\/e.issuu.com\/embed.js\" async=\"true\"><\/script><\/p>\n<p>&nbsp;<\/p>\n<p><a href=\"http:\/\/www.eloriente.net\/home\/wp-content\/uploads\/2013\/12\/silla-de-ruedas.jpg\"><img loading=\"lazy\" decoding=\"async\" class=\"alignnone size-medium wp-image-17981\" title=\"silla de ruedas\" src=\"http:\/\/www.eloriente.net\/home\/wp-content\/uploads\/2013\/12\/silla-de-ruedas-300x225.jpg\" alt=\"\" width=\"300\" height=\"225\" srcset=\"http:\/\/www.eloriente.net\/home\/wp-content\/uploads\/2013\/12\/silla-de-ruedas-300x225.jpg 300w, http:\/\/www.eloriente.net\/home\/wp-content\/uploads\/2013\/12\/silla-de-ruedas.jpg 1024w\" sizes=\"(max-width: 300px) 100vw, 300px\" \/><\/a><\/p>\n<p>Foto:\u00a0<a href=\"http:\/\/www.flickr.com\/photos\/daquellamanera\/\">Daquella manera<\/a><\/p>\n<p>&nbsp;<\/p>\n<p><strong>Entradas relacionadas:\u00a0<\/strong><\/p>\n<p><a title=\"Permalink to Resultados sobre Ocupaci\u00f3n y Empleo al 3er. Trimestre\/2013: INEGI\" href=\"http:\/\/www.eloriente.net\/home\/2013\/11\/12\/resultados-sobre-ocupacion-y-empleo-al-3er-trimestre2013-inegi\/\" rel=\"bookmark\">Resultados sobre Ocupaci\u00f3n y Empleo al 3er. Trimestre\/2013: INEGI<\/a><\/p>\n<p><a href=\"http:\/\/www.eloriente.net\/home\/2013\/11\/12\/resultados-sobre-ocupacion-y-empleo-al-3er-trimestre2013-inegi\/\" rel=\"bookmark\"><img decoding=\"async\" title=\"Resultados sobre Ocupaci\u00f3n y Empleo al 3er. Trimestre\/2013: INEGI\" src=\"http:\/\/www.eloriente.net\/home\/wp-content\/themes\/city-desk\/timthumb.php?src=http%3A%2F%2Fwww.eloriente.net%2Fhome%2Fwp-content%2Fuploads%2F2013%2F11%2FAlgunos-derechos-reservados-por-Toprural-herramientas-de-trabajo.jpg&amp;q=90&amp;w=160&amp;h=106&amp;zc=1\" alt=\"Resultados sobre Ocupaci\u00f3n y Empleo al 3er. Trimestre\/2013: INEGI\" \/><\/a><\/p>\n<p>eloriente.net\/INEGI 12 de noviembre de 2013 Este d\u00eda, el Instituto Nacional de Estad\u00edstica dio a conocer los resultados al tercer trimestre de 2013, de la importante Encuesta Nacional de Ocupaci\u00f3n y Empleo (ENOE), en la cual se da a conocer el estado de la situaci\u00f3n en dichos temas, incluidos los indicadores generales para las entidades [&#8230;]<\/p>\n<p>November 12, 2013<\/p>\n<div id=\"post-17258\">\n<p><a title=\"Permalink to La Muerte en Oaxaca: INEGI\" href=\"http:\/\/www.eloriente.net\/home\/2013\/11\/01\/la-muerte-en-oaxaca-inegi\/\" rel=\"bookmark\">La Muerte en Oaxaca: INEGI<\/a><\/p>\n<p><a href=\"http:\/\/www.eloriente.net\/home\/2013\/11\/01\/la-muerte-en-oaxaca-inegi\/\" rel=\"bookmark\"><img decoding=\"async\" title=\"La Muerte en Oaxaca: INEGI\" src=\"http:\/\/www.eloriente.net\/home\/wp-content\/themes\/city-desk\/timthumb.php?src=http%3A%2F%2Fwww.eloriente.net%2Fhome%2Fwp-content%2Fuploads%2F2013%2F11%2FMuertos-Oaxaca-Atribucio%CC%81n-Algunos-derechos-reservados-por-Cidades-para-Pessoas-.jpg&amp;q=90&amp;w=160&amp;h=106&amp;zc=1\" alt=\"La Muerte en Oaxaca: INEGI\" \/><\/a><\/p>\n<p>eloriente.net\/INEGI 1 de noviembre de 2013 Estad\u00edsticas a Prop\u00f3sito del D\u00eda de Muertos: INEGI El Instituto Nacional de Geograf\u00eda y Estad\u00edstica ha compartido este reporte especial por el D\u00eda de Muertos 2013 con ELORIENTE.NET. El reporte es un compilaci\u00f3n exhaustiva de diversos aspectos relacionados con la muerte (y con la vida) en Oaxaca. Destacan datos [&#8230;]<\/p>\n<p>November 1, 2013<\/p>\n<p><a title=\"Permalink to D\u00eda Internacional de la Ni\u00f1a: Hay 40.4 millones de ni\u00f1as, ni\u00f1os y adolescentes en M\u00e9xico: INEGI\" href=\"http:\/\/www.eloriente.net\/home\/2013\/10\/11\/dia-internacional-de-la-nina-hay-40-4-millones-de-ninas-ninos-y-adolescentes-en-mexico-inegi\/\" rel=\"bookmark\">D\u00eda Internacional de la Ni\u00f1a: Hay 40.4 millones de ni\u00f1as, ni\u00f1os y adolescentes en M\u00e9xico: INEGI<\/a><\/p>\n<p><a href=\"http:\/\/www.eloriente.net\/home\/2013\/10\/11\/dia-internacional-de-la-nina-hay-40-4-millones-de-ninas-ninos-y-adolescentes-en-mexico-inegi\/\" rel=\"bookmark\"><img decoding=\"async\" title=\"D\u00eda Internacional de la Ni\u00f1a: Hay 40.4 millones de ni\u00f1as, ni\u00f1os y adolescentes en M\u00e9xico: INEGI\" src=\"http:\/\/www.eloriente.net\/home\/wp-content\/themes\/city-desk\/timthumb.php?src=http%3A%2F%2Fwww.eloriente.net%2Fhome%2Fwp-content%2Fuploads%2F2013%2F10%2FNi%C3%B1a-de-Sapa-Algunos-derechos-reservados-por-Galateina.jpg&amp;q=90&amp;w=160&amp;h=106&amp;zc=1\" alt=\"D\u00eda Internacional de la Ni\u00f1a: Hay 40.4 millones de ni\u00f1as, ni\u00f1os y adolescentes en M\u00e9xico: INEGI\" \/><\/a><\/p>\n<p>eloriente.net 11 de octubre de 2013 Por: Informe Especial del Instituto Nacional de Estad\u00edstica y Geograf\u00eda (INEGI) para el D\u00eda Internacional de la Ni\u00f1a 2013 Las proyecciones de poblaci\u00f3n indican que en M\u00e9xico, en 2013, hay 19.8 millones de ni\u00f1as y adolescentes menores de 18 a\u00f1os, lo que representa 49% del total de poblaci\u00f3n en [&#8230;]<\/p>\n<p>October 11, 2013<\/p>\n<\/div>\n\n\t\t\t  <div \n\t\t\t  \tclass = \"fb-comments\" \n\t\t\t  \tdata-href = \"http:\/\/www.eloriente.net\/home\/2013\/12\/02\/en-19-de-cada-cien-hogares-del-pais-vive-al-menos-una-persona-con-discapacidad-en-2012-inegi\/\"\n\t\t\t  \tdata-numposts = \"10\"\n\t\t\t\tdata-colorscheme = \"dark\"\n\t\t\t\tdata-order-by = \"social\"\n\t\t\t\tdata-mobile=true>\n\t\t\t  <\/div>\n\t\t  <style>\n\t\t\t.fb_iframe_widget_fluid_desktop iframe {\n\t\t\t    width: 100% !important;\n\t\t\t}\n\t\t  <\/style>\n\t\t  ","protected":false},"excerpt":{"rendered":"<p>eloriente.net\/INEGI 1 de diciembre de 2013 El Instituto Nacional de Estad\u00edstica y Geograf\u00eda dio a conocer estad\u00edsticas actuales sobre la discapacidad en M\u00e9xico, en el marco del D\u00eda Internacional de las Personas con Discapacidad, que se conmemora el d\u00eda 3 de diciembre. Seg\u00fan la Encuesta Nacional de Ingresos y Gastos de los Hogares 2012, 6.6% [&hellip;]<\/p>\n","protected":false},"author":26,"featured_media":17981,"comment_status":"open","ping_status":"open","sticky":false,"template":"","format":"standard","meta":{"_jetpack_memberships_contains_paid_content":false,"footnotes":""},"categories":[32,10,24,31,30],"tags":[],"class_list":["post-17971","post","type-post","status-publish","format-standard","has-post-thumbnail","hentry","category-entradas","category-lo-mas-reciente","category-mexico-y-el-mundo","category-principal","category-salud"],"jetpack_featured_media_url":"http:\/\/www.eloriente.net\/home\/wp-content\/uploads\/2013\/12\/silla-de-ruedas.jpg","jetpack_sharing_enabled":true,"_links":{"self":[{"href":"http:\/\/www.eloriente.net\/home\/wp-json\/wp\/v2\/posts\/17971"}],"collection":[{"href":"http:\/\/www.eloriente.net\/home\/wp-json\/wp\/v2\/posts"}],"about":[{"href":"http:\/\/www.eloriente.net\/home\/wp-json\/wp\/v2\/types\/post"}],"author":[{"embeddable":true,"href":"http:\/\/www.eloriente.net\/home\/wp-json\/wp\/v2\/users\/26"}],"replies":[{"embeddable":true,"href":"http:\/\/www.eloriente.net\/home\/wp-json\/wp\/v2\/comments?post=17971"}],"version-history":[{"count":11,"href":"http:\/\/www.eloriente.net\/home\/wp-json\/wp\/v2\/posts\/17971\/revisions"}],"predecessor-version":[{"id":17985,"href":"http:\/\/www.eloriente.net\/home\/wp-json\/wp\/v2\/posts\/17971\/revisions\/17985"}],"wp:featuredmedia":[{"embeddable":true,"href":"http:\/\/www.eloriente.net\/home\/wp-json\/wp\/v2\/media\/17981"}],"wp:attachment":[{"href":"http:\/\/www.eloriente.net\/home\/wp-json\/wp\/v2\/media?parent=17971"}],"wp:term":[{"taxonomy":"category","embeddable":true,"href":"http:\/\/www.eloriente.net\/home\/wp-json\/wp\/v2\/categories?post=17971"},{"taxonomy":"post_tag","embeddable":true,"href":"http:\/\/www.eloriente.net\/home\/wp-json\/wp\/v2\/tags?post=17971"}],"curies":[{"name":"wp","href":"https:\/\/api.w.org\/{rel}","templated":true}]}}