{"id":17989,"date":"2013-12-03T11:42:05","date_gmt":"2013-12-03T17:42:05","guid":{"rendered":"http:\/\/www.eloriente.net\/home\/?p=17989"},"modified":"2013-12-03T18:12:56","modified_gmt":"2013-12-04T00:12:56","slug":"toma-protesta-cesar-cervantes-hernandez-como-nuevo-consejero-juez-de-la-judicatura","status":"publish","type":"post","link":"http:\/\/www.eloriente.net\/home\/2013\/12\/03\/toma-protesta-cesar-cervantes-hernandez-como-nuevo-consejero-juez-de-la-judicatura\/","title":{"rendered":"Toma protesta C\u00e9sar Cervantes Hern\u00e1ndez como nuevo Consejero Juez de la Judicatura"},"content":{"rendered":"<p>eloriente.net\/TSJ<\/p>\n<p>3 de diciembre de 2013<\/p>\n<p>Este lunes, en sesi\u00f3n solemne de Pleno, el presidente del\u00a0 Consejo de la Judicatura, magistrado Alfredo Lagunas Rivera, tom\u00f3 protesta a C\u00e9sar Mart\u00edn Cervantes Hern\u00e1ndez, como Consejero Juez de ese organismo, en sustituci\u00f3n de Violeta Margarita Sarmiento Sangin\u00e9s, quien de acuerdo a lo establecido en la Ley Org\u00e1nica del Poder Judicial, concluy\u00f3 su funci\u00f3n este a\u00f1o.<\/p>\n<p>Al dar la bienvenida al nuevo integrante de la instancia responsable de la administraci\u00f3n, vigilancia y disciplina del Poder Judicial del Estado, el magistrado Lagunas Rivera se\u00f1al\u00f3 que hoy la ciudadan\u00eda ve a esta instituci\u00f3n en movimiento, hacia un rumbo por alcanzar la eficacia social de los derechos, sobre la base de la confianza, construida por intereses de mejores condiciones para el acceso a la justicia.<\/p>\n<p>\u201cTenemos la oportunidad de seguir consolidando la institucionalidad del Poder Judicial, el cual se inscribe en los prop\u00f3sitos de una sociedad que se conduce a contenidos de una renovaci\u00f3n democr\u00e1tica\u201d, puntualiz\u00f3 ante los presidentes del Tribunal Estatal Electoral, Ana Mireya Santos L\u00f3pez y del Tribunal de lo Contencioso Administrativo, Hugo Villegas Aquino as\u00ed como magistrados del Tribunal Superior de Justicia.<\/p>\n<p>Asimismo, resalt\u00f3 que el trabajo, opini\u00f3n e iniciativa de los integrantes del Consejo de la Judicatura y del Tribunal Superior de Justicia, est\u00e1 logrando una identidad acorde a las necesidades y sensibilidad social que requieren las instituciones de justicia en nuestro estado.<\/p>\n<p>En la sesi\u00f3n solemne que fue atestiguada tambi\u00e9n por directores del Consejo de la Judicatura, jueces y funcionarios judiciales, el magistrado Lagunas Rivera, destac\u00f3 que la experiencia del ahora Consejero Juez ser\u00e1 significativa para su nueva encomienda, al tiempo que reconoci\u00f3 la labor de la juez Violeta Margarita Sarmiento Sangin\u00e9s a quien entreg\u00f3 un reconocimiento por su desempe\u00f1o en el cargo y ser una de las integrantes pioneras del Consejo de la Judicatura.<\/p>\n<p>El nuevo consejero juez, C\u00e9sar Mart\u00edn Cervantes Hern\u00e1ndez, es licenciado en Derecho, egresado de la Universidad Regional del Sureste (URSE),\u00a0\u00a0con Maestr\u00eda en Derecho Privado por la Universidad Aut\u00f3noma \u201cBenito Ju\u00e1rez\u201d de Oaxaca (UABJO) y una antig\u00fcedad en el Poder Judicial de 27 a\u00f1os.<\/p>\n<p>Entre los cargos que ha ejercido se encuentran el de ejecutor adscrito al Juzgado Cuarto de lo Civil del Distrito Judicial del Centro, Proyectista de la Primera Sala Civil, Juez Mixto, Juez de lo Familiar, Juez de lo Civil, Magistrado Supernumerario del Tribunal Estatal Electoral y visitador del Tribunal Superior de Justicia del Estado. Desde el mes de abril pasado, se desempe\u00f1aba como secretario ejecutivo del Consejo de la Judicatura.<\/p>\n<p>Su nombramiento fue por acuerdo del Pleno y mediante un proceso riguroso en el cual los aspirantes al cargo fueron evaluados en diferentes aspectos como su trayectoria profesional adem\u00e1s de presentar ex\u00e1menes oral y escrito.<\/p>\n<p>Entre sus atribuciones con Consejero Juez, se encuentran la de verificar el r\u00e9gimen disciplinario para el debido funcionamiento del Poder Judicial; resolver, cuando el Pleno lo determine los procedimientos de responsabilidad administrativa instaurados en contra de servidores p\u00fablicos y supervisar que en las \u00e1reas administrativas y jurisdiccionales se proporcione a los usuarios un eficiente servicio de justicia.<\/p>\n<p>&nbsp;<\/p>\n<p><a href=\"http:\/\/www.eloriente.net\/home\/wp-content\/uploads\/2013\/12\/Consejo-de-la-Judicatura-con-el-reci\u00e9n-nombrado-Consejero-Juez-03.jpg\"><img loading=\"lazy\" decoding=\"async\" class=\"alignnone size-medium wp-image-17991\" title=\"Consejo de la Judicatura con el reci\u00e9n nombrado Consejero Juez 03\" src=\"http:\/\/www.eloriente.net\/home\/wp-content\/uploads\/2013\/12\/Consejo-de-la-Judicatura-con-el-reci\u00e9n-nombrado-Consejero-Juez-03-300x161.jpg\" alt=\"\" width=\"300\" height=\"161\" srcset=\"http:\/\/www.eloriente.net\/home\/wp-content\/uploads\/2013\/12\/Consejo-de-la-Judicatura-con-el-reci\u00e9n-nombrado-Consejero-Juez-03-300x161.jpg 300w, http:\/\/www.eloriente.net\/home\/wp-content\/uploads\/2013\/12\/Consejo-de-la-Judicatura-con-el-reci\u00e9n-nombrado-Consejero-Juez-03.jpg 1011w\" sizes=\"(max-width: 300px) 100vw, 300px\" \/><\/a><\/p>\n<p>Foto: TSJ<\/p>\n<p>&nbsp;<\/p>\n<p><strong>Entradas relacionadas:\u00a0<\/strong><\/p>\n<p><a title=\"Permalink to Despu\u00e9s del primer a\u00f1o, \u00bfqu\u00e9 sigue para el gobierno de Pe\u00f1a?: CIDAC\" href=\"http:\/\/www.eloriente.net\/home\/2013\/12\/01\/despues-del-primer-ano-que-sigue-para-el-gobierno-de-pena-cidac\/\" rel=\"bookmark\">Despu\u00e9s del primer a\u00f1o, \u00bfqu\u00e9 sigue para el gobierno de Pe\u00f1a?: CIDAC<\/a><\/p>\n<p><a href=\"http:\/\/www.eloriente.net\/home\/2013\/12\/01\/despues-del-primer-ano-que-sigue-para-el-gobierno-de-pena-cidac\/\" rel=\"bookmark\"><img decoding=\"async\" title=\"Despu\u00e9s del primer a\u00f1o, \u00bfqu\u00e9 sigue para el gobierno de Pe\u00f1a?: CIDAC\" src=\"http:\/\/www.eloriente.net\/home\/wp-content\/themes\/city-desk\/timthumb.php?src=http%3A%2F%2Fwww.eloriente.net%2Fhome%2Fwp-content%2Fuploads%2F2012%2F09%2Fpe%C3%B1a-nieto.jpeg&amp;q=90&amp;w=160&amp;h=106&amp;zc=1\" alt=\"Despu\u00e9s del primer a\u00f1o, \u00bfqu\u00e9 sigue para el gobierno de Pe\u00f1a?: CIDAC\" \/><\/a><\/p>\n<p>eloriente.net\/CIDAC 1 de diciembre de 2013 Por: CIDAC El final del primer a\u00f1o de la gesti\u00f3n presidencial de Enrique Pe\u00f1a se acerca. Aun cuando todav\u00eda existen pendientes en la agenda legislativa propuesta y negociada desde Los Pinos v\u00eda el Pacto por M\u00e9xico \u2013destacando, por supuesto, el de la reforma energ\u00e9tica\u2014, el desahogo de la misma [&#8230;]<\/p>\n<p>December 1, 2013<\/p>\n<div id=\"post-17881\">\n<p><a title=\"Permalink to Poder Legislativo en Oaxaca confirma sus Comisiones Permanentes\" href=\"http:\/\/www.eloriente.net\/home\/2013\/11\/29\/poder-legislativo-en-oaxaca-confirma-sus-comisiones-permanentes\/\" rel=\"bookmark\">Poder Legislativo en Oaxaca confirma sus Comisiones Permanentes<\/a><\/p>\n<p><a href=\"http:\/\/www.eloriente.net\/home\/2013\/11\/29\/poder-legislativo-en-oaxaca-confirma-sus-comisiones-permanentes\/\" rel=\"bookmark\"><img decoding=\"async\" title=\"Poder Legislativo en Oaxaca confirma sus Comisiones Permanentes\" src=\"http:\/\/www.eloriente.net\/home\/wp-content\/themes\/city-desk\/timthumb.php?src=http%3A%2F%2Fwww.eloriente.net%2Fhome%2Fwp-content%2Fuploads%2F2013%2F11%2Fcongreso.png&amp;q=90&amp;w=160&amp;h=106&amp;zc=1\" alt=\"Poder Legislativo en Oaxaca confirma sus Comisiones Permanentes\" \/><\/a><\/p>\n<p>eloriente.net\/congresooaxaca 29 de noviembre de 2013 El pleno de la LXII Legislatura del Estado aprob\u00f3 en su sesi\u00f3n ordinaria celebrada la noche de este jueves, por mayor\u00eda de votos, la creaci\u00f3n de dos nuevas comisiones, modific\u00f3 otras y design\u00f3 as\u00ed a los integrantes de un total de 39 Comisiones Permanentes que conformar\u00e1n el Poder Legislativo. [&#8230;]<\/p>\n<p>November 29, 2013<\/p>\n<\/div>\n<div id=\"post-17805\">\n<p><a title=\"Permalink to CIDAC presenta hallazgos de la implementaci\u00f3n del nuevo Sistema de Justicia Penal en M\u00e9xico\" href=\"http:\/\/www.eloriente.net\/home\/2013\/11\/29\/cidac-presenta-hallazgos-de-la-implementacion-del-nuevo-sistema-de-justicia-penal-en-mexico\/\" rel=\"bookmark\">CIDAC presenta hallazgos de la implementaci\u00f3n del nuevo Sistema de Justicia Penal en M\u00e9xico<\/a><\/p>\n<p><a href=\"http:\/\/www.eloriente.net\/home\/2013\/11\/29\/cidac-presenta-hallazgos-de-la-implementacion-del-nuevo-sistema-de-justicia-penal-en-mexico\/\" rel=\"bookmark\"><img decoding=\"async\" title=\"CIDAC presenta hallazgos de la implementaci\u00f3n del nuevo Sistema de Justicia Penal en M\u00e9xico\" src=\"http:\/\/www.eloriente.net\/home\/wp-content\/themes\/city-desk\/timthumb.php?src=http%3A%2F%2Fwww.eloriente.net%2Fhome%2Fwp-content%2Fuploads%2F2013%2F11%2FSJP-web.jpg&amp;q=90&amp;w=160&amp;h=106&amp;zc=1\" alt=\"CIDAC presenta hallazgos de la implementaci\u00f3n del nuevo Sistema de Justicia Penal en M\u00e9xico\" \/><\/a><\/p>\n<p>eloriente.net 28 de noviembre de 2013 El Centro de Investigaci\u00f3n para el Desarrollo (CIDAC) present\u00f3 esta ma\u00f1ana el documento \u201cReporte de hallazgos sobre los avances de la implementacio\u0301n de la reforma penal en Me\u0301xico\u201d con la intencio\u0301n de dar a conocer la informacio\u0301n en relacio\u0301n con el proceso de implementacio\u0301n y operacio\u0301n de la reforma [&#8230;]<\/p>\n<p>November 29, 2013<\/p>\n<\/div>\n<p>&nbsp;<\/p>\n\n\t\t\t  <div \n\t\t\t  \tclass = \"fb-comments\" \n\t\t\t  \tdata-href = \"http:\/\/www.eloriente.net\/home\/2013\/12\/03\/toma-protesta-cesar-cervantes-hernandez-como-nuevo-consejero-juez-de-la-judicatura\/\"\n\t\t\t  \tdata-numposts = \"10\"\n\t\t\t\tdata-colorscheme = \"dark\"\n\t\t\t\tdata-order-by = \"social\"\n\t\t\t\tdata-mobile=true>\n\t\t\t  <\/div>\n\t\t  <style>\n\t\t\t.fb_iframe_widget_fluid_desktop iframe {\n\t\t\t    width: 100% !important;\n\t\t\t}\n\t\t  <\/style>\n\t\t  ","protected":false},"excerpt":{"rendered":"<p>eloriente.net\/TSJ 3 de diciembre de 2013 Este lunes, en sesi\u00f3n solemne de Pleno, el presidente del\u00a0 Consejo de la Judicatura, magistrado Alfredo Lagunas Rivera, tom\u00f3 protesta a C\u00e9sar Mart\u00edn Cervantes Hern\u00e1ndez, como Consejero Juez de ese organismo, en sustituci\u00f3n de Violeta Margarita Sarmiento Sangin\u00e9s, quien de acuerdo a lo establecido en la Ley Org\u00e1nica del [&hellip;]<\/p>\n","protected":false},"author":26,"featured_media":17991,"comment_status":"open","ping_status":"open","sticky":false,"template":"","format":"standard","meta":{"_jetpack_memberships_contains_paid_content":false,"footnotes":""},"categories":[22,32,10,23,21],"tags":[],"class_list":["post-17989","post","type-post","status-publish","format-standard","has-post-thumbnail","hentry","category-derechos-humanos","category-entradas","category-lo-mas-reciente","category-municipios","category-politica-y-gobierno"],"jetpack_featured_media_url":"http:\/\/www.eloriente.net\/home\/wp-content\/uploads\/2013\/12\/Consejo-de-la-Judicatura-con-el-reci\u00e9n-nombrado-Consejero-Juez-03.jpg","jetpack_sharing_enabled":true,"_links":{"self":[{"href":"http:\/\/www.eloriente.net\/home\/wp-json\/wp\/v2\/posts\/17989"}],"collection":[{"href":"http:\/\/www.eloriente.net\/home\/wp-json\/wp\/v2\/posts"}],"about":[{"href":"http:\/\/www.eloriente.net\/home\/wp-json\/wp\/v2\/types\/post"}],"author":[{"embeddable":true,"href":"http:\/\/www.eloriente.net\/home\/wp-json\/wp\/v2\/users\/26"}],"replies":[{"embeddable":true,"href":"http:\/\/www.eloriente.net\/home\/wp-json\/wp\/v2\/comments?post=17989"}],"version-history":[{"count":5,"href":"http:\/\/www.eloriente.net\/home\/wp-json\/wp\/v2\/posts\/17989\/revisions"}],"predecessor-version":[{"id":18030,"href":"http:\/\/www.eloriente.net\/home\/wp-json\/wp\/v2\/posts\/17989\/revisions\/18030"}],"wp:featuredmedia":[{"embeddable":true,"href":"http:\/\/www.eloriente.net\/home\/wp-json\/wp\/v2\/media\/17991"}],"wp:attachment":[{"href":"http:\/\/www.eloriente.net\/home\/wp-json\/wp\/v2\/media?parent=17989"}],"wp:term":[{"taxonomy":"category","embeddable":true,"href":"http:\/\/www.eloriente.net\/home\/wp-json\/wp\/v2\/categories?post=17989"},{"taxonomy":"post_tag","embeddable":true,"href":"http:\/\/www.eloriente.net\/home\/wp-json\/wp\/v2\/tags?post=17989"}],"curies":[{"name":"wp","href":"https:\/\/api.w.org\/{rel}","templated":true}]}}