{"id":17997,"date":"2013-12-03T11:59:43","date_gmt":"2013-12-03T17:59:43","guid":{"rendered":"http:\/\/www.eloriente.net\/home\/?p=17997"},"modified":"2013-12-03T12:53:32","modified_gmt":"2013-12-03T18:53:32","slug":"inicia-taller-de-iniciacion-al-peritaje","status":"publish","type":"post","link":"http:\/\/www.eloriente.net\/home\/2013\/12\/03\/inicia-taller-de-iniciacion-al-peritaje\/","title":{"rendered":"Inicia taller de Iniciaci\u00f3n al Peritaje"},"content":{"rendered":"<p>eloriente.net<\/p>\n<p>3 de diciembre de 2013<\/p>\n<p><strong>Impartido por Alberto Soto Cort\u00e9s, coordinador de la Licenciatura en Historia del Arte de la Universidad Iberoamericana.<\/strong><\/p>\n<p>Con el objetivo de conocer los elementos b\u00e1sicos para el peritaje de obra, Alel\u00ed &amp; Hildebrando Arte \u2013 Oaxaca en coordinaci\u00f3n con la Universidad Aut\u00f3noma Benito Ju\u00e1rez de Oaxaca (UABJO) y la Universidad Iberoamericana (IBERO) invitan a gestores culturales, valuadores, artistas pl\u00e1sticos y p\u00fablico interesado en el arte, al taller de Iniciaci\u00f3n al Peritaje, impartido por el doctor Alberto Soto Cort\u00e9s, coordinador de la Licenciatura en Historia del Arte de la IBERO.<\/p>\n<p>El taller ser\u00e1 impartido del 4 al 6 de diciembre en la sala audiovisual de la\u00a0 Direcci\u00f3n de Arte y Cultura de la UABJO, ubicada a un costado de la Rector\u00eda en Ciudad Universitaria.<\/p>\n<p><strong>Alberto Soto Cort\u00e9s<\/strong><\/p>\n<p>Acad\u00e9mico, investigador de tiempo completo y coordinador de la Licenciatura en Historia del Arte de la Universidad Iberoamericana, Ciudad de M\u00e9xico. Encamina sus intereses dentro del campo de la cultura visual, representaciones y construcciones de la alteridad,\u00a0 pero al mismo tiempo le preocupan los fen\u00f3menos de la legislaci\u00f3n patrimonial, el mercado del arte y la difusi\u00f3n.<strong><\/strong><\/p>\n<p>Tiene estudios de Licenciatura en Historia\u00a0(FFyL-UNAM), Maestr\u00eda en Historia (FFyL-UNAM) y Doctorado en Historia (IIH-FFyL-UNAM).\u00a0Es docente en la licenciatura en Historia del Arte en los \u00e1mbitos de arte novohispano, seminarios de investigaci\u00f3n, curadur\u00eda, entre otras. Ha participado como docente de licenciatura, posgrado y de extensi\u00f3n universitaria en diversas instituciones, p\u00fablicas y privadas, nacionales e internacionales.<\/p>\n<p>Pertenece a la l\u00ednea de investigaci\u00f3n \u201cEst\u00e9tica, cultura visual e imaginarios en Latinoam\u00e9rica\u201d, la cual re\u00fane a docentes y alumnos interesados en el an\u00e1lisis de problem\u00e1ticas relacionadas con la construcci\u00f3n de representaciones, pero tambi\u00e9n con el consumo de productos culturales y sus transferencias.<\/p>\n<p>Adem\u00e1s, coordina el proyecto de catalogaci\u00f3n de estampas en el Museo Nacional de San Carlos, desde junio de 2013. Por parte de la Ibero, coordina la exposici\u00f3n \u201c\u00bbEjercicios para el alma: Fronteras para el Imaginario\u00bb y participa en la organizaci\u00f3n del Congreso Internacional de Museos.<\/p>\n<p>Socio fundador de Haciendo Historia, S.C., instancia consultora dedicada desde 1997 a la investigaci\u00f3n, difusi\u00f3n, preservaci\u00f3n\u00a0 y conservaci\u00f3n del patrimonio, as\u00ed como a la administraci\u00f3n de proyectos culturales. Socio fundador de Maramargo, S.C., dedicada a la edici\u00f3n de textos en humanidades y a la asesor\u00eda t\u00e9cnica.<\/p>\n<p>Sus tareas profesionales le han permitido incursionar en el mundo de los museos a partir de distintos procesos que van desde la investigaci\u00f3n, la museograf\u00eda, los servicios educativos y la construcci\u00f3n de propuestas curatoriales. Tiene una importante experiencia en peritaje del arte que trasmite a trav\u00e9s de cursos, conferencias y talleres.<\/p>\n<p>&nbsp;<\/p>\n<p><a href=\"http:\/\/www.eloriente.net\/home\/wp-content\/uploads\/2013\/12\/Arte.jpeg\"><img loading=\"lazy\" decoding=\"async\" class=\"alignnone size-medium wp-image-18000\" title=\"Arte\" src=\"http:\/\/www.eloriente.net\/home\/wp-content\/uploads\/2013\/12\/Arte-300x205.jpeg\" alt=\"\" width=\"300\" height=\"205\" srcset=\"http:\/\/www.eloriente.net\/home\/wp-content\/uploads\/2013\/12\/Arte-300x205.jpeg 300w, http:\/\/www.eloriente.net\/home\/wp-content\/uploads\/2013\/12\/Arte-1024x701.jpeg 1024w\" sizes=\"(max-width: 300px) 100vw, 300px\" \/><\/a><\/p>\n<p>Foto: infoisinfo.es<\/p>\n<p>&nbsp;<\/p>\n<p><strong>Entradas relacionadas:\u00a0<\/strong><\/p>\n<p><a title=\"Permalink to CECAD-UABJO anuncia cursos decembrinos y convocatoria de ingreso al Bachillerato Abierto y a Distancia\" href=\"http:\/\/www.eloriente.net\/home\/2013\/12\/02\/cecad-uabjo-anuncia-cursos-decembrinos-y-convocatoria-de-ingreso-al-bachillerato-abierto-y-a-distancia\/\" rel=\"bookmark\">CECAD-UABJO anuncia cursos decembrinos y convocatoria de ingreso al Bachillerato Abierto y a Distancia<\/a><\/p>\n<p><a href=\"http:\/\/www.eloriente.net\/home\/2013\/12\/02\/cecad-uabjo-anuncia-cursos-decembrinos-y-convocatoria-de-ingreso-al-bachillerato-abierto-y-a-distancia\/\" rel=\"bookmark\"><img decoding=\"async\" title=\"CECAD-UABJO anuncia cursos decembrinos y convocatoria de ingreso al Bachillerato Abierto y a Distancia\" src=\"http:\/\/www.eloriente.net\/home\/wp-content\/themes\/city-desk\/timthumb.php?src=http%3A%2F%2Fwww.eloriente.net%2Fhome%2Fwp-content%2Fuploads%2F2013%2F12%2F302.jpg&amp;q=90&amp;w=160&amp;h=106&amp;zc=1\" alt=\"CECAD-UABJO anuncia cursos decembrinos y convocatoria de ingreso al Bachillerato Abierto y a Distancia\" \/><\/a><\/p>\n<p>eloriente.net\/UABJO 2 de diciembre de 2013 El Centro de Educaci\u00f3n Continua, Abierta y a Distancia de la Universidad Aut\u00f3noma \u201cBenito Ju\u00e1rez\u201d de Oaxaca (CECAD-UABJO) anunci\u00f3 el curso de Dise\u00f1o Curricular en su modalidad virtual as\u00ed como Estrategias para la Elaboraci\u00f3n de Material Educativo para Docentes Usuarios de las TIC en la modalidad presencial y a [&#8230;]<\/p>\n<p>December 2, 2013<\/p>\n<div id=\"post-17904\">\n<p><a title=\"Permalink to SEDATU convoca al Padr\u00f3n de Asesores T\u00e9cnicos 2014\" href=\"http:\/\/www.eloriente.net\/home\/2013\/11\/30\/sedatu-convoca-al-padron-de-asesores-tecnicos-2014\/\" rel=\"bookmark\">SEDATU convoca al Padr\u00f3n de Asesores T\u00e9cnicos 2014<\/a><\/p>\n<p><a href=\"http:\/\/www.eloriente.net\/home\/2013\/11\/30\/sedatu-convoca-al-padron-de-asesores-tecnicos-2014\/\" rel=\"bookmark\"><img decoding=\"async\" title=\"SEDATU convoca al Padr\u00f3n de Asesores T\u00e9cnicos 2014\" src=\"http:\/\/www.eloriente.net\/home\/wp-content\/themes\/city-desk\/timthumb.php?src=http%3A%2F%2Fwww.eloriente.net%2Fhome%2Fwp-content%2Fuploads%2F2013%2F11%2Fjoven-rural.jpg&amp;q=90&amp;w=160&amp;h=106&amp;zc=1\" alt=\"SEDATU convoca al Padr\u00f3n de Asesores T\u00e9cnicos 2014\" \/><\/a><\/p>\n<p>eloriente.ent 30 de noviembre de 2013 La Secretar\u00eda de Desarrollo Agrario, Territorial y Urbano (SEDATU), a trav\u00e9s de la Direcci\u00f3n General de Desarrollo Agrario, con la cooperaci\u00f3n t\u00e9cnica de la Facultad de Econom\u00eda de la Universidad Nacional Aut\u00f3noma de M\u00e9xico (UNAM) convocan a aspirantes de nuevo ingreso, t\u00e9cnicos no vigentes y t\u00e9cnicos que actualmente conforman [&#8230;]<\/p>\n<p>November 30, 2013<\/p>\n<\/div>\n<div id=\"post-17896\">\n<p><a title=\"Permalink to Da inicio Feria Internacional del Libro de Guadalajara\" href=\"http:\/\/www.eloriente.net\/home\/2013\/11\/30\/da-inicio-feria-internacional-del-libro-de-guadalajara\/\" rel=\"bookmark\">Da inicio Feria Internacional del Libro de Guadalajara<\/a><\/p>\n<p><a href=\"http:\/\/www.eloriente.net\/home\/2013\/11\/30\/da-inicio-feria-internacional-del-libro-de-guadalajara\/\" rel=\"bookmark\"><img decoding=\"async\" title=\"Da inicio Feria Internacional del Libro de Guadalajara\" src=\"http:\/\/www.eloriente.net\/home\/wp-content\/themes\/city-desk\/timthumb.php?src=http%3A%2F%2Fwww.eloriente.net%2Fhome%2Fwp-content%2Fuploads%2F2013%2F11%2F%C2%A9FILGuadalajaraPaola-Villanueva-Bidault.jpg&amp;q=90&amp;w=160&amp;h=106&amp;zc=1\" alt=\"Da inicio Feria Internacional del Libro de Guadalajara\" \/><\/a><\/p>\n<p>eloriente.net 30 de noviembre de 2013 Como cada a\u00f1o consecutivo desde 1987, dio inicio hoy la 27\u00ba edici\u00f3n de la Feria Internacional del Libro 2013 en la capital de Jalisco, organizada por la Universidad de Guadalajara. En esta ocasi\u00f3n el pa\u00eds invitado es Israel, que presentar\u00e1 una serie de actividades culturales y una delegaci\u00f3n literaria [&#8230;]<\/p>\n<p>November 30, 2013<\/p>\n<\/div>\n\n\t\t\t  <div \n\t\t\t  \tclass = \"fb-comments\" \n\t\t\t  \tdata-href = \"http:\/\/www.eloriente.net\/home\/2013\/12\/03\/inicia-taller-de-iniciacion-al-peritaje\/\"\n\t\t\t  \tdata-numposts = \"10\"\n\t\t\t\tdata-colorscheme = \"dark\"\n\t\t\t\tdata-order-by = \"social\"\n\t\t\t\tdata-mobile=true>\n\t\t\t  <\/div>\n\t\t  <style>\n\t\t\t.fb_iframe_widget_fluid_desktop iframe {\n\t\t\t    width: 100% !important;\n\t\t\t}\n\t\t  <\/style>\n\t\t  ","protected":false},"excerpt":{"rendered":"<p>eloriente.net 3 de diciembre de 2013 Impartido por Alberto Soto Cort\u00e9s, coordinador de la Licenciatura en Historia del Arte de la Universidad Iberoamericana. Con el objetivo de conocer los elementos b\u00e1sicos para el peritaje de obra, Alel\u00ed &amp; Hildebrando Arte \u2013 Oaxaca en coordinaci\u00f3n con la Universidad Aut\u00f3noma Benito Ju\u00e1rez de Oaxaca (UABJO) y la [&hellip;]<\/p>\n","protected":false},"author":26,"featured_media":18000,"comment_status":"open","ping_status":"open","sticky":false,"template":"","format":"standard","meta":{"_jetpack_memberships_contains_paid_content":false,"footnotes":""},"categories":[8,18,32,10,84],"tags":[],"class_list":["post-17997","post","type-post","status-publish","format-standard","has-post-thumbnail","hentry","category-agenda","category-educacion-y-cultura","category-entradas","category-lo-mas-reciente","category-universidades"],"jetpack_featured_media_url":"http:\/\/www.eloriente.net\/home\/wp-content\/uploads\/2013\/12\/Arte.jpeg","jetpack_sharing_enabled":true,"_links":{"self":[{"href":"http:\/\/www.eloriente.net\/home\/wp-json\/wp\/v2\/posts\/17997"}],"collection":[{"href":"http:\/\/www.eloriente.net\/home\/wp-json\/wp\/v2\/posts"}],"about":[{"href":"http:\/\/www.eloriente.net\/home\/wp-json\/wp\/v2\/types\/post"}],"author":[{"embeddable":true,"href":"http:\/\/www.eloriente.net\/home\/wp-json\/wp\/v2\/users\/26"}],"replies":[{"embeddable":true,"href":"http:\/\/www.eloriente.net\/home\/wp-json\/wp\/v2\/comments?post=17997"}],"version-history":[{"count":5,"href":"http:\/\/www.eloriente.net\/home\/wp-json\/wp\/v2\/posts\/17997\/revisions"}],"predecessor-version":[{"id":18003,"href":"http:\/\/www.eloriente.net\/home\/wp-json\/wp\/v2\/posts\/17997\/revisions\/18003"}],"wp:featuredmedia":[{"embeddable":true,"href":"http:\/\/www.eloriente.net\/home\/wp-json\/wp\/v2\/media\/18000"}],"wp:attachment":[{"href":"http:\/\/www.eloriente.net\/home\/wp-json\/wp\/v2\/media?parent=17997"}],"wp:term":[{"taxonomy":"category","embeddable":true,"href":"http:\/\/www.eloriente.net\/home\/wp-json\/wp\/v2\/categories?post=17997"},{"taxonomy":"post_tag","embeddable":true,"href":"http:\/\/www.eloriente.net\/home\/wp-json\/wp\/v2\/tags?post=17997"}],"curies":[{"name":"wp","href":"https:\/\/api.w.org\/{rel}","templated":true}]}}