{"id":18021,"date":"2013-12-03T16:37:29","date_gmt":"2013-12-03T22:37:29","guid":{"rendered":"http:\/\/www.eloriente.net\/home\/?p=18021"},"modified":"2013-12-03T16:37:29","modified_gmt":"2013-12-03T22:37:29","slug":"escuela-de-bellas-artes-uabjo-celebra-el-dia-del-musico","status":"publish","type":"post","link":"http:\/\/www.eloriente.net\/home\/2013\/12\/03\/escuela-de-bellas-artes-uabjo-celebra-el-dia-del-musico\/","title":{"rendered":"Escuela de Bellas Artes UABJO celebra el d\u00eda del m\u00fasico"},"content":{"rendered":"<p>eloriente.net\/UABJO<\/p>\n<p>3 de diciembre de 2013<\/p>\n<p>La Escuela de Bellas Artes de la Universidad Aut\u00f3noma \u201cBenito Ju\u00e1rez\u201d de Oaxaca (UABJO) celebr\u00f3 el d\u00eda del m\u00fasico con un concierto a cargo de los alumnos en sus diferentes disciplinas.<\/p>\n<p>Alrededor de 40 alumnos participaron en diferentes grupos como el Ensamble de Alientos, Orquesta de Guitarras, Solistas y el Coro \u201cAxis Mundi\u201d. Iniciando la velada con notas musicales provenientes de un piano a ritmo de jazz o de 15 guitarras, todos interpretando autores nacionales como internaciones tales como Mozart, Vivaldi, Eduardo Mart\u00edn, Danzones, culminando con cuarteto y quintetos.<\/p>\n<p>En su momento el director de dicha Escuela, Fidel Torres Gonz\u00e1lez felicit\u00f3 a todos los m\u00fasicos y dijo que la m\u00fasica es una carrera que muy pocas personas eligen por gusto, se enfrentan a muchos retos para sobresalir, por lo que consider\u00f3 oportuno mencionar la reciente aprobaci\u00f3n de la Licenciatura en M\u00fasica.<\/p>\n<p>Con ello se pretende proporcionar mejores herramientas para abrirse camino en el mundo musical ya que en muchos casos es necesario contar con una carrera y no solo una instructor\u00eda, y se ve\u00edan en la necesidad de salir a estudiar a otros estados o pa\u00edses. La licenciatura iniciar\u00e1 en el mes de Febrero en sus dos modalidades: Interprete Musical y Educaci\u00f3n Musical.<\/p>\n<p>&nbsp;<\/p>\n<p><a href=\"http:\/\/www.eloriente.net\/home\/wp-content\/uploads\/2013\/12\/3.jpg\"><img loading=\"lazy\" decoding=\"async\" class=\"alignnone size-medium wp-image-18023\" title=\"3\" src=\"http:\/\/www.eloriente.net\/home\/wp-content\/uploads\/2013\/12\/3-300x200.jpg\" alt=\"\" width=\"300\" height=\"200\" srcset=\"http:\/\/www.eloriente.net\/home\/wp-content\/uploads\/2013\/12\/3-300x200.jpg 300w, http:\/\/www.eloriente.net\/home\/wp-content\/uploads\/2013\/12\/3-1024x682.jpg 1024w\" sizes=\"(max-width: 300px) 100vw, 300px\" \/><\/a><\/p>\n<p>Foto: UABJO<\/p>\n<p>&nbsp;<\/p>\n<p><strong>Entradas relacionadas:<\/strong><\/p>\n<p><a title=\"Permalink to Inicia taller de Iniciaci\u00f3n al Peritaje\" href=\"http:\/\/www.eloriente.net\/home\/2013\/12\/03\/inicia-taller-de-iniciacion-al-peritaje\/\" rel=\"bookmark\">Inicia taller de Iniciaci\u00f3n al Peritaje<\/a><\/p>\n<p><a href=\"http:\/\/www.eloriente.net\/home\/2013\/12\/03\/inicia-taller-de-iniciacion-al-peritaje\/\" rel=\"bookmark\"><img decoding=\"async\" title=\"Inicia taller de Iniciaci\u00f3n al Peritaje\" src=\"http:\/\/www.eloriente.net\/home\/wp-content\/themes\/city-desk\/timthumb.php?src=http%3A%2F%2Fwww.eloriente.net%2Fhome%2Fwp-content%2Fuploads%2F2013%2F12%2FArte.jpeg&amp;q=90&amp;w=160&amp;h=106&amp;zc=1\" alt=\"Inicia taller de Iniciaci\u00f3n al Peritaje\" \/><\/a><\/p>\n<p>eloriente.net 3 de diciembre de 2013 Impartido por Alberto Soto Cort\u00e9s, coordinador de la Licenciatura en Historia del Arte de la Universidad Iberoamericana. Con el objetivo de conocer los elementos b\u00e1sicos para el peritaje de obra, Alel\u00ed &amp; Hildebrando Arte \u2013 Oaxaca en coordinaci\u00f3n con la Universidad Aut\u00f3noma Benito Ju\u00e1rez de Oaxaca (UABJO) y la [&#8230;]<\/p>\n<p>December 3, 2013<\/p>\n<div id=\"post-17952\">\n<p><a title=\"Permalink to CECAD-UABJO anuncia cursos decembrinos y convocatoria de ingreso al Bachillerato Abierto y a Distancia\" href=\"http:\/\/www.eloriente.net\/home\/2013\/12\/02\/cecad-uabjo-anuncia-cursos-decembrinos-y-convocatoria-de-ingreso-al-bachillerato-abierto-y-a-distancia\/\" rel=\"bookmark\">CECAD-UABJO anuncia cursos decembrinos y convocatoria de ingreso al Bachillerato Abierto y a Distancia<\/a><\/p>\n<p><a href=\"http:\/\/www.eloriente.net\/home\/2013\/12\/02\/cecad-uabjo-anuncia-cursos-decembrinos-y-convocatoria-de-ingreso-al-bachillerato-abierto-y-a-distancia\/\" rel=\"bookmark\"><img decoding=\"async\" title=\"CECAD-UABJO anuncia cursos decembrinos y convocatoria de ingreso al Bachillerato Abierto y a Distancia\" src=\"http:\/\/www.eloriente.net\/home\/wp-content\/themes\/city-desk\/timthumb.php?src=http%3A%2F%2Fwww.eloriente.net%2Fhome%2Fwp-content%2Fuploads%2F2013%2F12%2F302.jpg&amp;q=90&amp;w=160&amp;h=106&amp;zc=1\" alt=\"CECAD-UABJO anuncia cursos decembrinos y convocatoria de ingreso al Bachillerato Abierto y a Distancia\" \/><\/a><\/p>\n<p>eloriente.net\/UABJO 2 de diciembre de 2013 El Centro de Educaci\u00f3n Continua, Abierta y a Distancia de la Universidad Aut\u00f3noma \u201cBenito Ju\u00e1rez\u201d de Oaxaca (CECAD-UABJO) anunci\u00f3 el curso de Dise\u00f1o Curricular en su modalidad virtual as\u00ed como Estrategias para la Elaboraci\u00f3n de Material Educativo para Docentes Usuarios de las TIC en la modalidad presencial y a [&#8230;]<\/p>\n<p>December 2, 2013<\/p>\n<\/div>\n<div id=\"post-17904\">\n<p><a title=\"Permalink to SEDATU convoca al Padr\u00f3n de Asesores T\u00e9cnicos 2014\" href=\"http:\/\/www.eloriente.net\/home\/2013\/11\/30\/sedatu-convoca-al-padron-de-asesores-tecnicos-2014\/\" rel=\"bookmark\">SEDATU convoca al Padr\u00f3n de Asesores T\u00e9cnicos 2014<\/a><\/p>\n<p><a href=\"http:\/\/www.eloriente.net\/home\/2013\/11\/30\/sedatu-convoca-al-padron-de-asesores-tecnicos-2014\/\" rel=\"bookmark\"><img decoding=\"async\" title=\"SEDATU convoca al Padr\u00f3n de Asesores T\u00e9cnicos 2014\" src=\"http:\/\/www.eloriente.net\/home\/wp-content\/themes\/city-desk\/timthumb.php?src=http%3A%2F%2Fwww.eloriente.net%2Fhome%2Fwp-content%2Fuploads%2F2013%2F11%2Fjoven-rural.jpg&amp;q=90&amp;w=160&amp;h=106&amp;zc=1\" alt=\"SEDATU convoca al Padr\u00f3n de Asesores T\u00e9cnicos 2014\" \/><\/a><\/p>\n<p>eloriente.ent 30 de noviembre de 2013 La Secretar\u00eda de Desarrollo Agrario, Territorial y Urbano (SEDATU), a trav\u00e9s de la Direcci\u00f3n General de Desarrollo Agrario, con la cooperaci\u00f3n t\u00e9cnica de la Facultad de Econom\u00eda de la Universidad Nacional Aut\u00f3noma de M\u00e9xico (UNAM) convocan a aspirantes de nuevo ingreso, t\u00e9cnicos no vigentes y t\u00e9cnicos que actualmente conforman [&#8230;]<\/p>\n<p>November 30, 2013<a title=\"Comment on SEDATU convoca al Padr\u00f3n de Asesores T\u00e9cnicos 2014\" href=\"http:\/\/www.eloriente.net\/home\/2013\/11\/30\/sedatu-convoca-al-padron-de-asesores-tecnicos-2014\/#respond\">No Comment<\/a><a title=\"Permalink to SEDATU convoca al Padr\u00f3n de Asesores T\u00e9cnicos 2014\" href=\"http:\/\/www.eloriente.net\/home\/2013\/11\/30\/sedatu-convoca-al-padron-de-asesores-tecnicos-2014\/\" rel=\"bookmark\">Read More<\/a><a title=\"Edit Post\" href=\"http:\/\/www.eloriente.net\/home\/wp-admin\/post.php?post=17904&amp;action=edit\">#<\/a><\/p>\n<\/div>\n\n\t\t\t  <div \n\t\t\t  \tclass = \"fb-comments\" \n\t\t\t  \tdata-href = \"http:\/\/www.eloriente.net\/home\/2013\/12\/03\/escuela-de-bellas-artes-uabjo-celebra-el-dia-del-musico\/\"\n\t\t\t  \tdata-numposts = \"10\"\n\t\t\t\tdata-colorscheme = \"dark\"\n\t\t\t\tdata-order-by = \"social\"\n\t\t\t\tdata-mobile=true>\n\t\t\t  <\/div>\n\t\t  <style>\n\t\t\t.fb_iframe_widget_fluid_desktop iframe {\n\t\t\t    width: 100% !important;\n\t\t\t}\n\t\t  <\/style>\n\t\t  ","protected":false},"excerpt":{"rendered":"<p>eloriente.net\/UABJO 3 de diciembre de 2013 La Escuela de Bellas Artes de la Universidad Aut\u00f3noma \u201cBenito Ju\u00e1rez\u201d de Oaxaca (UABJO) celebr\u00f3 el d\u00eda del m\u00fasico con un concierto a cargo de los alumnos en sus diferentes disciplinas. Alrededor de 40 alumnos participaron en diferentes grupos como el Ensamble de Alientos, Orquesta de Guitarras, Solistas y [&hellip;]<\/p>\n","protected":false},"author":26,"featured_media":18023,"comment_status":"open","ping_status":"open","sticky":false,"template":"","format":"standard","meta":{"_jetpack_memberships_contains_paid_content":false,"footnotes":""},"categories":[18,32,10,83],"tags":[],"class_list":["post-18021","post","type-post","status-publish","format-standard","has-post-thumbnail","hentry","category-educacion-y-cultura","category-entradas","category-lo-mas-reciente","category-musica-de-oaxaca"],"jetpack_featured_media_url":"http:\/\/www.eloriente.net\/home\/wp-content\/uploads\/2013\/12\/3.jpg","jetpack_sharing_enabled":true,"_links":{"self":[{"href":"http:\/\/www.eloriente.net\/home\/wp-json\/wp\/v2\/posts\/18021"}],"collection":[{"href":"http:\/\/www.eloriente.net\/home\/wp-json\/wp\/v2\/posts"}],"about":[{"href":"http:\/\/www.eloriente.net\/home\/wp-json\/wp\/v2\/types\/post"}],"author":[{"embeddable":true,"href":"http:\/\/www.eloriente.net\/home\/wp-json\/wp\/v2\/users\/26"}],"replies":[{"embeddable":true,"href":"http:\/\/www.eloriente.net\/home\/wp-json\/wp\/v2\/comments?post=18021"}],"version-history":[{"count":3,"href":"http:\/\/www.eloriente.net\/home\/wp-json\/wp\/v2\/posts\/18021\/revisions"}],"predecessor-version":[{"id":18028,"href":"http:\/\/www.eloriente.net\/home\/wp-json\/wp\/v2\/posts\/18021\/revisions\/18028"}],"wp:featuredmedia":[{"embeddable":true,"href":"http:\/\/www.eloriente.net\/home\/wp-json\/wp\/v2\/media\/18023"}],"wp:attachment":[{"href":"http:\/\/www.eloriente.net\/home\/wp-json\/wp\/v2\/media?parent=18021"}],"wp:term":[{"taxonomy":"category","embeddable":true,"href":"http:\/\/www.eloriente.net\/home\/wp-json\/wp\/v2\/categories?post=18021"},{"taxonomy":"post_tag","embeddable":true,"href":"http:\/\/www.eloriente.net\/home\/wp-json\/wp\/v2\/tags?post=18021"}],"curies":[{"name":"wp","href":"https:\/\/api.w.org\/{rel}","templated":true}]}}