{"id":18031,"date":"2013-12-04T09:17:17","date_gmt":"2013-12-04T15:17:17","guid":{"rendered":"http:\/\/www.eloriente.net\/home\/?p=18031"},"modified":"2013-12-04T09:54:10","modified_gmt":"2013-12-04T15:54:10","slug":"el-juicio-oral-y-publico-momento-culminante-del-proceso-penal","status":"publish","type":"post","link":"http:\/\/www.eloriente.net\/home\/2013\/12\/04\/el-juicio-oral-y-publico-momento-culminante-del-proceso-penal\/","title":{"rendered":"El juicio oral y p\u00fablico, momento culminante del proceso penal"},"content":{"rendered":"<p>eloriente.net\/NSJP<\/p>\n<p>4 de diciembre de 2013<\/p>\n<p><strong>El juez, las partes involucradas y el p\u00fablico que asiste a la audiencia de debate se enteran, al mismo tiempo, de las teor\u00edas del caso de la v\u00edctima y el imputado.<\/strong><\/p>\n<p>En el Nuevo Sistema de Justicia Penal, la etapa de juicio oral constituye la parte central y decisiva del proceso penal, donde la labor del juez consiste en dirigir el juicio y dictar sentencia con base en las pruebas y argumentos desahogados en forma directa por los diversos actores del proceso, formando su convicci\u00f3n s\u00f3lo con las evidencias presentadas en ese momento, ante su presencia.<\/p>\n<p>En esta audiencia, conocida como \u201cde debate\u201d o \u201cde juicio oral\u201d, se muestran ante la autoridad judicial y p\u00fablico, todas las pruebas obtenidas durante la etapa de investigaci\u00f3n, tomando como base la acusaci\u00f3n hecha por el agente del Ministerio P\u00fablico y los planteamientos de la defensa, \u00a0actuando bajo los principios rectores de inmediaci\u00f3n, publicidad, contradicci\u00f3n, igualdad, concentraci\u00f3n y continuidad.<\/p>\n<p>Una de los beneficios del Sistema Acusatorio Adversarial es la oralidad, que da veracidad al proceso; es decir, en nuevo modelo penal salvo ciertas excepciones, no se \u00a0permiten actuaciones ni declaraciones desarrolladas por escrito. El juez, las partes involucradas y el p\u00fablico que asiste a la audiencia de debate se enteran, al mismo tiempo, de las teor\u00edas del caso de la v\u00edctima y el imputado.<\/p>\n<p>La audiencia de juicio oral es presidida por un Tribunal Colegiado, integrado por tres jueces. El Presidente del Tribunal es quien lleva a cabo el debate, modera las actuaciones de las partes, aplica sanciones y da la palabra a los intervinientes; a su lado, se ubica un juez relator y un auxiliar, quienes colaborar\u00e1n para dar dinamismo y orden al juicio.<\/p>\n<p>Toda la audiencia de juicio oral deber\u00e1 ser registrada en audio y video y s\u00f3lo cuando sea imposible la utilizaci\u00f3n de dichos medios, deber\u00e1 preservarse por cualquier otro, a fin de dejar constancia del desarrollo de la misma.<\/p>\n<p>Una vez cerrado el debate, el juez o tribunal de juicio oral llevar\u00e1 a cabo la deliberaci\u00f3n en privado, de manera continua a la audiencia de debate y, posteriormente, proceder\u00e1 a dictar sentencia oralmente, debidamente fundada y motivada, usando palabras, enunciados, t\u00e9rminos que sean comprensibles para el p\u00fablico y no s\u00f3lo para los abogados.<\/p>\n<p>La sentencia culmina con la declaraci\u00f3n del Tribunal, en el sentido de que el imputado es culpable o inocente. Si se declara inocente, es puesto en libertad inmediatamente si es que estaba preso, y si no, contin\u00faa libre; si se declara culpable, inicia el proceso de cumplimiento de la misma.<\/p>\n<p>&nbsp;<\/p>\n<p><a href=\"http:\/\/www.eloriente.net\/home\/wp-content\/uploads\/2013\/12\/sala-juicio-oral-01.jpg\"><img loading=\"lazy\" decoding=\"async\" class=\"alignnone size-medium wp-image-18032\" title=\"sala juicio oral 01\" src=\"http:\/\/www.eloriente.net\/home\/wp-content\/uploads\/2013\/12\/sala-juicio-oral-01-300x155.jpg\" alt=\"\" width=\"300\" height=\"155\" srcset=\"http:\/\/www.eloriente.net\/home\/wp-content\/uploads\/2013\/12\/sala-juicio-oral-01-300x155.jpg 300w, http:\/\/www.eloriente.net\/home\/wp-content\/uploads\/2013\/12\/sala-juicio-oral-01-1024x530.jpg 1024w\" sizes=\"(max-width: 300px) 100vw, 300px\" \/><\/a><\/p>\n<p>Foto:\u00a0NSJP<\/p>\n<p>&nbsp;<\/p>\n<p><strong>Entradas relacionadas:<\/strong><\/p>\n<p><a title=\"Permalink to Toma protesta C\u00e9sar Cervantes Hern\u00e1ndez como nuevo Consejero Juez de la Judicatura\" href=\"http:\/\/www.eloriente.net\/home\/2013\/12\/03\/toma-protesta-cesar-cervantes-hernandez-como-nuevo-consejero-juez-de-la-judicatura\/\" rel=\"bookmark\">Toma protesta C\u00e9sar Cervantes Hern\u00e1ndez como nuevo Consejero Juez de la Judicatura<\/a><\/p>\n<p><a href=\"http:\/\/www.eloriente.net\/home\/2013\/12\/03\/toma-protesta-cesar-cervantes-hernandez-como-nuevo-consejero-juez-de-la-judicatura\/\" rel=\"bookmark\"><img decoding=\"async\" title=\"Toma protesta C\u00e9sar Cervantes Hern\u00e1ndez como nuevo Consejero Juez de la Judicatura\" src=\"http:\/\/www.eloriente.net\/home\/wp-content\/themes\/city-desk\/timthumb.php?src=http%3A%2F%2Fwww.eloriente.net%2Fhome%2Fwp-content%2Fuploads%2F2013%2F12%2FConsejo-de-la-Judicatura-con-el-reci%C3%A9n-nombrado-Consejero-Juez-03.jpg&amp;q=90&amp;w=160&amp;h=106&amp;zc=1\" alt=\"Toma protesta C\u00e9sar Cervantes Hern\u00e1ndez como nuevo Consejero Juez de la Judicatura\" \/><\/a><\/p>\n<p>eloriente.net\/TSJ 3 de diciembre de 2013 Este lunes, en sesi\u00f3n solemne de Pleno, el presidente del\u00a0 Consejo de la Judicatura, magistrado Alfredo Lagunas Rivera, tom\u00f3 protesta a C\u00e9sar Mart\u00edn Cervantes Hern\u00e1ndez, como Consejero Juez de ese organismo, en sustituci\u00f3n de Violeta Margarita Sarmiento Sangin\u00e9s, quien de acuerdo a lo establecido en la Ley Org\u00e1nica del [&#8230;]<\/p>\n<p>December 3, 2013<\/p>\n<div id=\"post-17932\">\n<p><a title=\"Permalink to Despu\u00e9s del primer a\u00f1o, \u00bfqu\u00e9 sigue para el gobierno de Pe\u00f1a?: CIDAC\" href=\"http:\/\/www.eloriente.net\/home\/2013\/12\/01\/despues-del-primer-ano-que-sigue-para-el-gobierno-de-pena-cidac\/\" rel=\"bookmark\">Despu\u00e9s del primer a\u00f1o, \u00bfqu\u00e9 sigue para el gobierno de Pe\u00f1a?: CIDAC<\/a><\/p>\n<p><a href=\"http:\/\/www.eloriente.net\/home\/2013\/12\/01\/despues-del-primer-ano-que-sigue-para-el-gobierno-de-pena-cidac\/\" rel=\"bookmark\"><img decoding=\"async\" title=\"Despu\u00e9s del primer a\u00f1o, \u00bfqu\u00e9 sigue para el gobierno de Pe\u00f1a?: CIDAC\" src=\"http:\/\/www.eloriente.net\/home\/wp-content\/themes\/city-desk\/timthumb.php?src=http%3A%2F%2Fwww.eloriente.net%2Fhome%2Fwp-content%2Fuploads%2F2012%2F09%2Fpe%C3%B1a-nieto.jpeg&amp;q=90&amp;w=160&amp;h=106&amp;zc=1\" alt=\"Despu\u00e9s del primer a\u00f1o, \u00bfqu\u00e9 sigue para el gobierno de Pe\u00f1a?: CIDAC\" \/><\/a><\/p>\n<p>eloriente.net\/CIDAC 1 de diciembre de 2013 Por: CIDAC El final del primer a\u00f1o de la gesti\u00f3n presidencial de Enrique Pe\u00f1a se acerca. Aun cuando todav\u00eda existen pendientes en la agenda legislativa propuesta y negociada desde Los Pinos v\u00eda el Pacto por M\u00e9xico \u2013destacando, por supuesto, el de la reforma energ\u00e9tica\u2014, el desahogo de la misma [&#8230;]<\/p>\n<p>December 1, 2013<\/p>\n<\/div>\n<div id=\"post-17805\">\n<p><a title=\"Permalink to CIDAC presenta hallazgos de la implementaci\u00f3n del nuevo Sistema de Justicia Penal en M\u00e9xico\" href=\"http:\/\/www.eloriente.net\/home\/2013\/11\/29\/cidac-presenta-hallazgos-de-la-implementacion-del-nuevo-sistema-de-justicia-penal-en-mexico\/\" rel=\"bookmark\">CIDAC presenta hallazgos de la implementaci\u00f3n del nuevo Sistema de Justicia Penal en M\u00e9xico<\/a><\/p>\n<p><a href=\"http:\/\/www.eloriente.net\/home\/2013\/11\/29\/cidac-presenta-hallazgos-de-la-implementacion-del-nuevo-sistema-de-justicia-penal-en-mexico\/\" rel=\"bookmark\"><img decoding=\"async\" title=\"CIDAC presenta hallazgos de la implementaci\u00f3n del nuevo Sistema de Justicia Penal en M\u00e9xico\" src=\"http:\/\/www.eloriente.net\/home\/wp-content\/themes\/city-desk\/timthumb.php?src=http%3A%2F%2Fwww.eloriente.net%2Fhome%2Fwp-content%2Fuploads%2F2013%2F11%2FSJP-web.jpg&amp;q=90&amp;w=160&amp;h=106&amp;zc=1\" alt=\"CIDAC presenta hallazgos de la implementaci\u00f3n del nuevo Sistema de Justicia Penal en M\u00e9xico\" \/><\/a><\/p>\n<p>eloriente.net 28 de noviembre de 2013 El Centro de Investigaci\u00f3n para el Desarrollo (CIDAC) present\u00f3 esta ma\u00f1ana el documento \u201cReporte de hallazgos sobre los avances de la implementacio\u0301n de la reforma penal en Me\u0301xico\u201d con la intencio\u0301n de dar a conocer la informacio\u0301n en relacio\u0301n con el proceso de implementacio\u0301n y operacio\u0301n de la reforma [&#8230;]<\/p>\n<p>November 29, 2013<\/p>\n<\/div>\n\n\t\t\t  <div \n\t\t\t  \tclass = \"fb-comments\" \n\t\t\t  \tdata-href = \"http:\/\/www.eloriente.net\/home\/2013\/12\/04\/el-juicio-oral-y-publico-momento-culminante-del-proceso-penal\/\"\n\t\t\t  \tdata-numposts = \"10\"\n\t\t\t\tdata-colorscheme = \"dark\"\n\t\t\t\tdata-order-by = \"social\"\n\t\t\t\tdata-mobile=true>\n\t\t\t  <\/div>\n\t\t  <style>\n\t\t\t.fb_iframe_widget_fluid_desktop iframe {\n\t\t\t    width: 100% !important;\n\t\t\t}\n\t\t  <\/style>\n\t\t  ","protected":false},"excerpt":{"rendered":"<p>eloriente.net\/NSJP 4 de diciembre de 2013 El juez, las partes involucradas y el p\u00fablico que asiste a la audiencia de debate se enteran, al mismo tiempo, de las teor\u00edas del caso de la v\u00edctima y el imputado. En el Nuevo Sistema de Justicia Penal, la etapa de juicio oral constituye la parte central y decisiva [&hellip;]<\/p>\n","protected":false},"author":26,"featured_media":18032,"comment_status":"open","ping_status":"open","sticky":false,"template":"","format":"standard","meta":{"_jetpack_memberships_contains_paid_content":false,"footnotes":""},"categories":[32,10,23,21],"tags":[],"class_list":["post-18031","post","type-post","status-publish","format-standard","has-post-thumbnail","hentry","category-entradas","category-lo-mas-reciente","category-municipios","category-politica-y-gobierno"],"jetpack_featured_media_url":"http:\/\/www.eloriente.net\/home\/wp-content\/uploads\/2013\/12\/sala-juicio-oral-01.jpg","jetpack_sharing_enabled":true,"_links":{"self":[{"href":"http:\/\/www.eloriente.net\/home\/wp-json\/wp\/v2\/posts\/18031"}],"collection":[{"href":"http:\/\/www.eloriente.net\/home\/wp-json\/wp\/v2\/posts"}],"about":[{"href":"http:\/\/www.eloriente.net\/home\/wp-json\/wp\/v2\/types\/post"}],"author":[{"embeddable":true,"href":"http:\/\/www.eloriente.net\/home\/wp-json\/wp\/v2\/users\/26"}],"replies":[{"embeddable":true,"href":"http:\/\/www.eloriente.net\/home\/wp-json\/wp\/v2\/comments?post=18031"}],"version-history":[{"count":4,"href":"http:\/\/www.eloriente.net\/home\/wp-json\/wp\/v2\/posts\/18031\/revisions"}],"predecessor-version":[{"id":18036,"href":"http:\/\/www.eloriente.net\/home\/wp-json\/wp\/v2\/posts\/18031\/revisions\/18036"}],"wp:featuredmedia":[{"embeddable":true,"href":"http:\/\/www.eloriente.net\/home\/wp-json\/wp\/v2\/media\/18032"}],"wp:attachment":[{"href":"http:\/\/www.eloriente.net\/home\/wp-json\/wp\/v2\/media?parent=18031"}],"wp:term":[{"taxonomy":"category","embeddable":true,"href":"http:\/\/www.eloriente.net\/home\/wp-json\/wp\/v2\/categories?post=18031"},{"taxonomy":"post_tag","embeddable":true,"href":"http:\/\/www.eloriente.net\/home\/wp-json\/wp\/v2\/tags?post=18031"}],"curies":[{"name":"wp","href":"https:\/\/api.w.org\/{rel}","templated":true}]}}