{"id":18075,"date":"2013-12-04T20:48:26","date_gmt":"2013-12-05T02:48:26","guid":{"rendered":"http:\/\/www.eloriente.net\/home\/?p=18075"},"modified":"2013-12-04T20:48:26","modified_gmt":"2013-12-05T02:48:26","slug":"autos-robados-son-recuperados-tras-cateos-de-procuraduria-en-oaxaca","status":"publish","type":"post","link":"http:\/\/www.eloriente.net\/home\/2013\/12\/04\/autos-robados-son-recuperados-tras-cateos-de-procuraduria-en-oaxaca\/","title":{"rendered":"Autos robados son recuperados tras cateos de Procuradur\u00eda en Oaxaca"},"content":{"rendered":"<p>eloriente.net\/PGJE<\/p>\n<p>4 de diciembre de 2013<\/p>\n<p>Texto de Comunicado:<\/p>\n<p align=\"center\"><strong>Recupera PGJE unidades robadas en cateos a talleres de esta ciudad<\/strong><\/p>\n<p>Desde las 09:00 de la ma\u00f1ana y hasta las 13:00 horas de este mi\u00e9rcoles 04 de los corrientes, elementos de la Agencia Estatal de Investigaciones (AEI) adscritos al Grupo de Investigaci\u00f3n de Robo de Veh\u00edculos, ejecutaron diversas diligencias de cateo en apoyo a los Agentes del Ministerio Publico adscritos a la Coordinaci\u00f3n de Robo de veh\u00edculos, estos se realizaron en Municipios conurbados a la ciudad capital, recuper\u00e1ndose en algunos, unidades con reporte de robo.<\/p>\n<p>I.- Taller mec\u00e1nico sin raz\u00f3n social ubicado en la calle Puebla numero 3, esquina con camino Real, Colonia Rep\u00fablica, perteneciente al Municipio de San Jacinto Amilpas, Oaxaca., esto con base en la orden de cateo emitida por el Juzgado Primero de lo Penal dentro del expediente penal 185\/2013, obteniendo resultados negativos.<\/p>\n<p>II.- Taller mec\u00e1nico sin raz\u00f3n social propiedad de MANUEL ERASTO ARELLANES MANZANO, ubicado sobre la calle de Venustiano Carranza Casi esquina con la calle Valerio Trujano, frente a la casa marcada con el numero 115 de la colonia Miguel Hidalgo Perteneciente a San Martin Mexicapan, Centro Oax., esto con\u00a0 base en la orden de cateo emitida por el Juzgado Primero de lo Penal dentro del expediente penal 184\/2013.<\/p>\n<p align=\"center\"><strong>Motoneta 2013 recuperada<\/strong><\/p>\n<p>En el lugar se realiz\u00f3 el aseguramiento de una motoneta marca It\u00e1lika, color negra con rojo, con numero de serie 3SCTDSEAXD100S498, Modelo 2013,\u00a0 la cual cuenta con reporte de robo de fecha dos de septiembre de 2013, en esta ciudad dentro de la averiguaci\u00f3n previa numero 1321(C.R)2013 \u00f3 7388(S.C)2013, Cometido en agravio de MARIA DEL PILAR HERNANDEZ IZUCAR.<\/p>\n<p>III.- Partes Usadas el Mixteco, propiedad de FAUSTINO LOPEZ CASTRO, ubicado en avenida Ferrocarril, numero 1018, Santa Lucia del Camino, Centro Oax., con base en la orden de cateo emitida por el Juzgado Primero de lo Penal dentro del expediente penal 183\/2013.<\/p>\n<p align=\"center\"><strong>Motor Focus 98 recuperado<\/strong><\/p>\n<p>Se efectu\u00f3 el aseguramiento de un motor para veh\u00edculo marca Ford, tipo Focus, modelo 1998, con n\u00famero de identificaci\u00f3n\u00a0 WM129629, por contar con reporte de robo de fecha 28 de septiembre de 2005 en Tlalnepantla, Estado de M\u00e9xico.<\/p>\n<p><a href=\"http:\/\/www.eloriente.net\/home\/wp-content\/uploads\/2013\/12\/autopartes-el-mixteco-pgje.png\"><img loading=\"lazy\" decoding=\"async\" class=\"alignnone size-medium wp-image-18076\" title=\"autopartes el mixteco pgje\" src=\"http:\/\/www.eloriente.net\/home\/wp-content\/uploads\/2013\/12\/autopartes-el-mixteco-pgje-300x225.png\" alt=\"\" width=\"300\" height=\"225\" srcset=\"http:\/\/www.eloriente.net\/home\/wp-content\/uploads\/2013\/12\/autopartes-el-mixteco-pgje-300x225.png 300w, http:\/\/www.eloriente.net\/home\/wp-content\/uploads\/2013\/12\/autopartes-el-mixteco-pgje.png 394w\" sizes=\"(max-width: 300px) 100vw, 300px\" \/><\/a><\/p>\n<p>Imagen: PGJEO<\/p>\n<p><strong>Anteriores:<\/strong><\/p>\n<p><a title=\"Permalink to Toma protesta C\u00e9sar Cervantes Hern\u00e1ndez como nuevo Consejero Juez de la Judicatura\" href=\"http:\/\/www.eloriente.net\/home\/2013\/12\/03\/toma-protesta-cesar-cervantes-hernandez-como-nuevo-consejero-juez-de-la-judicatura\/\" rel=\"bookmark\">Toma protesta C\u00e9sar Cervantes Hern\u00e1ndez como nuevo Consejero Juez de la Judicatura<\/a><\/p>\n<p><a href=\"http:\/\/www.eloriente.net\/home\/2013\/12\/03\/toma-protesta-cesar-cervantes-hernandez-como-nuevo-consejero-juez-de-la-judicatura\/\" rel=\"bookmark\"><img decoding=\"async\" title=\"Toma protesta C\u00e9sar Cervantes Hern\u00e1ndez como nuevo Consejero Juez de la Judicatura\" src=\"http:\/\/www.eloriente.net\/home\/wp-content\/themes\/city-desk\/timthumb.php?src=http%3A%2F%2Fwww.eloriente.net%2Fhome%2Fwp-content%2Fuploads%2F2013%2F12%2FConsejo-de-la-Judicatura-con-el-reci%C3%A9n-nombrado-Consejero-Juez-03.jpg&amp;q=90&amp;w=160&amp;h=106&amp;zc=1\" alt=\"Toma protesta C\u00e9sar Cervantes Hern\u00e1ndez como nuevo Consejero Juez de la Judicatura\" \/><\/a><\/p>\n<p>eloriente.net\/TSJ 3 de diciembre de 2013 Este lunes, en sesi\u00f3n solemne de Pleno, el presidente del\u00a0 Consejo de la Judicatura, magistrado Alfredo Lagunas Rivera, tom\u00f3 protesta a C\u00e9sar Mart\u00edn Cervantes Hern\u00e1ndez, como Consejero Juez de ese organismo, en sustituci\u00f3n de Violeta Margarita Sarmiento Sangin\u00e9s, quien de acuerdo a lo establecido en la Ley Org\u00e1nica del [&#8230;]<\/p>\n<p>December 3, 2013<\/p>\n<div id=\"post-17932\">\n<p><a title=\"Permalink to Despu\u00e9s del primer a\u00f1o, \u00bfqu\u00e9 sigue para el gobierno de Pe\u00f1a?: CIDAC\" href=\"http:\/\/www.eloriente.net\/home\/2013\/12\/01\/despues-del-primer-ano-que-sigue-para-el-gobierno-de-pena-cidac\/\" rel=\"bookmark\">Despu\u00e9s del primer a\u00f1o, \u00bfqu\u00e9 sigue para el gobierno de Pe\u00f1a?: CIDAC<\/a><\/p>\n<p><a href=\"http:\/\/www.eloriente.net\/home\/2013\/12\/01\/despues-del-primer-ano-que-sigue-para-el-gobierno-de-pena-cidac\/\" rel=\"bookmark\"><img decoding=\"async\" title=\"Despu\u00e9s del primer a\u00f1o, \u00bfqu\u00e9 sigue para el gobierno de Pe\u00f1a?: CIDAC\" src=\"http:\/\/www.eloriente.net\/home\/wp-content\/themes\/city-desk\/timthumb.php?src=http%3A%2F%2Fwww.eloriente.net%2Fhome%2Fwp-content%2Fuploads%2F2012%2F09%2Fpe%C3%B1a-nieto.jpeg&amp;q=90&amp;w=160&amp;h=106&amp;zc=1\" alt=\"Despu\u00e9s del primer a\u00f1o, \u00bfqu\u00e9 sigue para el gobierno de Pe\u00f1a?: CIDAC\" \/><\/a>eloriente.net\/CIDAC 1 de diciembre de 2013 Por: CIDAC El final del primer a\u00f1o de la gesti\u00f3n presidencial de Enrique Pe\u00f1a se acerca. Aun cuando todav\u00eda existen pendientes en la agenda legislativa propuesta y negociada desde Los Pinos v\u00eda el Pacto por M\u00e9xico \u2013destacando, por supuesto, el de la reforma energ\u00e9tica\u2014, el desahogo de la misma [&#8230;]<\/p>\n<p>December 1, 2013<\/p>\n<\/div>\n<div id=\"post-17881\">\n<p><a title=\"Permalink to Poder Legislativo en Oaxaca confirma sus Comisiones Permanentes\" href=\"http:\/\/www.eloriente.net\/home\/2013\/11\/29\/poder-legislativo-en-oaxaca-confirma-sus-comisiones-permanentes\/\" rel=\"bookmark\">Poder Legislativo en Oaxaca confirma sus Comisiones Permanentes<\/a><\/p>\n<p><a href=\"http:\/\/www.eloriente.net\/home\/2013\/11\/29\/poder-legislativo-en-oaxaca-confirma-sus-comisiones-permanentes\/\" rel=\"bookmark\"><img decoding=\"async\" title=\"Poder Legislativo en Oaxaca confirma sus Comisiones Permanentes\" src=\"http:\/\/www.eloriente.net\/home\/wp-content\/themes\/city-desk\/timthumb.php?src=http%3A%2F%2Fwww.eloriente.net%2Fhome%2Fwp-content%2Fuploads%2F2013%2F11%2Fcongreso.png&amp;q=90&amp;w=160&amp;h=106&amp;zc=1\" alt=\"Poder Legislativo en Oaxaca confirma sus Comisiones Permanentes\" \/><\/a>eloriente.net\/congresooaxaca 29 de noviembre de 2013 El pleno de la LXII Legislatura del Estado aprob\u00f3 en su sesi\u00f3n ordinaria celebrada la noche de este jueves, por mayor\u00eda de votos, la creaci\u00f3n de dos nuevas comisiones, modific\u00f3 otras y design\u00f3 as\u00ed a los integrantes de un total de 39 Comisiones Permanentes que conformar\u00e1n el Poder Legislativo. [&#8230;]<\/p>\n<p>November 29, 2013<\/p>\n<\/div>\n\n\t\t\t  <div \n\t\t\t  \tclass = \"fb-comments\" \n\t\t\t  \tdata-href = \"http:\/\/www.eloriente.net\/home\/2013\/12\/04\/autos-robados-son-recuperados-tras-cateos-de-procuraduria-en-oaxaca\/\"\n\t\t\t  \tdata-numposts = \"10\"\n\t\t\t\tdata-colorscheme = \"dark\"\n\t\t\t\tdata-order-by = \"social\"\n\t\t\t\tdata-mobile=true>\n\t\t\t  <\/div>\n\t\t  <style>\n\t\t\t.fb_iframe_widget_fluid_desktop iframe {\n\t\t\t    width: 100% !important;\n\t\t\t}\n\t\t  <\/style>\n\t\t  ","protected":false},"excerpt":{"rendered":"<p>eloriente.net\/PGJE 4 de diciembre de 2013 Texto de Comunicado: Recupera PGJE unidades robadas en cateos a talleres de esta ciudad Desde las 09:00 de la ma\u00f1ana y hasta las 13:00 horas de este mi\u00e9rcoles 04 de los corrientes, elementos de la Agencia Estatal de Investigaciones (AEI) adscritos al Grupo de Investigaci\u00f3n de Robo de Veh\u00edculos, [&hellip;]<\/p>\n","protected":false},"author":1,"featured_media":18076,"comment_status":"open","ping_status":"open","sticky":false,"template":"","format":"standard","meta":{"_jetpack_memberships_contains_paid_content":false,"footnotes":""},"categories":[29,49,32],"tags":[],"class_list":["post-18075","post","type-post","status-publish","format-standard","has-post-thumbnail","hentry","category-capital","category-destacadas","category-entradas"],"jetpack_featured_media_url":"http:\/\/www.eloriente.net\/home\/wp-content\/uploads\/2013\/12\/autopartes-el-mixteco-pgje.png","jetpack_sharing_enabled":true,"_links":{"self":[{"href":"http:\/\/www.eloriente.net\/home\/wp-json\/wp\/v2\/posts\/18075"}],"collection":[{"href":"http:\/\/www.eloriente.net\/home\/wp-json\/wp\/v2\/posts"}],"about":[{"href":"http:\/\/www.eloriente.net\/home\/wp-json\/wp\/v2\/types\/post"}],"author":[{"embeddable":true,"href":"http:\/\/www.eloriente.net\/home\/wp-json\/wp\/v2\/users\/1"}],"replies":[{"embeddable":true,"href":"http:\/\/www.eloriente.net\/home\/wp-json\/wp\/v2\/comments?post=18075"}],"version-history":[{"count":1,"href":"http:\/\/www.eloriente.net\/home\/wp-json\/wp\/v2\/posts\/18075\/revisions"}],"predecessor-version":[{"id":18077,"href":"http:\/\/www.eloriente.net\/home\/wp-json\/wp\/v2\/posts\/18075\/revisions\/18077"}],"wp:featuredmedia":[{"embeddable":true,"href":"http:\/\/www.eloriente.net\/home\/wp-json\/wp\/v2\/media\/18076"}],"wp:attachment":[{"href":"http:\/\/www.eloriente.net\/home\/wp-json\/wp\/v2\/media?parent=18075"}],"wp:term":[{"taxonomy":"category","embeddable":true,"href":"http:\/\/www.eloriente.net\/home\/wp-json\/wp\/v2\/categories?post=18075"},{"taxonomy":"post_tag","embeddable":true,"href":"http:\/\/www.eloriente.net\/home\/wp-json\/wp\/v2\/tags?post=18075"}],"curies":[{"name":"wp","href":"https:\/\/api.w.org\/{rel}","templated":true}]}}