{"id":18091,"date":"2013-12-05T12:17:39","date_gmt":"2013-12-05T18:17:39","guid":{"rendered":"http:\/\/www.eloriente.net\/home\/?p=18091"},"modified":"2013-12-05T12:23:37","modified_gmt":"2013-12-05T18:23:37","slug":"foro-reforma-energetica-desde-ibero-puebla","status":"publish","type":"post","link":"http:\/\/www.eloriente.net\/home\/2013\/12\/05\/foro-reforma-energetica-desde-ibero-puebla\/","title":{"rendered":"Foro Reforma Energ\u00e9tica desde Ibero Puebla"},"content":{"rendered":"<p>eloriente.net\/IberoPuebla<\/p>\n<p>5 de diciembre de 2013<\/p>\n<p>ELORIENTE:NET pone a tu disposici\u00f3n la transmisi\u00f3n del primer panel del Foro Reforma Energ\u00e9tica, que se realiz\u00f3 el pasado 4 de septiembre de 2013, organizado por el Departamento de Ciencias Sociales de la Universidad Iberoamericana Puebla.<\/p>\n<p>El Foro estuvo conformado por dos paneles en los que se cont\u00f3 con la presencia de especialistas y te\u00f3ricos sobre el tema, quienes discutieron qu\u00e9 est\u00e1 juego en la reforma energ\u00e9tica.<\/p>\n<p>Durante la primera sesi\u00f3n particip\u00f3 el Mtro. Javier Jim\u00e9nez Espri\u00fa y la Dra. Mar\u00eda Eugenia Ibarrar\u00e1n, quienes presentaron su ponencia entorno a los Modelos de Gesti\u00f3n en el Petr\u00f3leo; por su parte el Mtro. Juan Luis Hern\u00e1ndez abord\u00f3 las implicaciones pol\u00edticas de la reforma energ\u00e9tica.<\/p>\n<p>A continuaci\u00f3n la se\u00f1al desde Ibero Puebla:<\/p>\n<p><iframe loading=\"lazy\" src=\"http:\/\/new.livestream.com\/accounts\/2074312\/events\/2362534\/videos\/29123208\/player?autoPlay=false&amp;height=360&amp;mute=false&amp;width=640\" frameborder=\"0\" scrolling=\"no\" width=\"640\" height=\"360\"><\/iframe><\/p>\n<p>&nbsp;<\/p>\n<p><strong>Entradas relacionadas:<\/strong><\/p>\n<p><a title=\"Permalink to En Vivo: Debate sobre Reforma Energ\u00e9tica en el Senado (@SenadoresPRD)\" href=\"http:\/\/www.eloriente.net\/home\/2013\/11\/11\/en-vivo-debate-sobre-reforma-energetica-en-el-senado-senadoresprd\/\" rel=\"bookmark\">En Vivo: Debate sobre Reforma Energ\u00e9tica en el Senado (@SenadoresPRD)<\/a><\/p>\n<p><a href=\"http:\/\/www.eloriente.net\/home\/2013\/11\/11\/en-vivo-debate-sobre-reforma-energetica-en-el-senado-senadoresprd\/\" rel=\"bookmark\"><img decoding=\"async\" title=\"En Vivo: Debate sobre Reforma Energ\u00e9tica en el Senado (@SenadoresPRD)\" src=\"http:\/\/www.eloriente.net\/home\/wp-content\/themes\/city-desk\/timthumb.php?src=http%3A%2F%2Fwww.eloriente.net%2Fhome%2Fwp-content%2Fuploads%2F2013%2F10%2FDebate-Reforma-Energ%C3%A9tica.png&amp;q=90&amp;w=160&amp;h=106&amp;zc=1\" alt=\"En Vivo: Debate sobre Reforma Energ\u00e9tica en el Senado (@SenadoresPRD)\" \/><\/a><\/p>\n<p>eloriente.net Actualizaci\u00f3n 11 de noviembre de 2013 Este d\u00eda se efect\u00faa la clausura del Debate P\u00fablico de la Reforma Energ\u00e9tica organizados por la fracci\u00f3n parlamentaria del PRD en el Senado. Se espera la participaci\u00f3n de el Presidente de la Asociaci\u00f3n Mexicana de Empresarios Gasolineros, Pablo Gonz\u00e1lez C\u00f3rdova; de Mario Jos\u00e9 Galicia Y\u00e9pez, coordinador colegiado del [&#8230;]<\/p>\n<p>November 11, 2013<\/p>\n<div id=\"post-17014\">\n<h2><a style=\"font-size: 13px;\" title=\"Permalink to Llamado de C\u00e1rdenas, AMLO y otros para \u201cdefender el petr\u00f3leo\u201d (\u00cdntegro)\" href=\"http:\/\/www.eloriente.net\/home\/2013\/09\/20\/llamado-de-cardenas-amlo-y-otros-para-defender-el-petroleo-integro\/\" rel=\"bookmark\">Llamado de C\u00e1rdenas, AMLO y otros para \u201cdefender el petr\u00f3leo\u201d (\u00cdntegro)<\/a><\/h2>\n<\/div>\n<div id=\"post-16550\"><a href=\"http:\/\/www.eloriente.net\/home\/2013\/09\/20\/llamado-de-cardenas-amlo-y-otros-para-defender-el-petroleo-integro\/\" rel=\"bookmark\"><img decoding=\"async\" title=\"Llamado de C\u00e1rdenas, AMLO y otros para \u201cdefender el petr\u00f3leo\u201d (\u00cdntegro)\" src=\"http:\/\/www.eloriente.net\/home\/wp-content\/themes\/city-desk\/timthumb.php?src=http%3A%2F%2Fwww.eloriente.net%2Fhome%2Fwp-content%2Fuploads%2F2013%2F09%2FAMLO-Defensa-petr%C3%B3leo-Algunos-derechos-reservados-por-Eneas.jpg&amp;q=90&amp;w=160&amp;h=106&amp;zc=1\" alt=\"Llamado de C\u00e1rdenas, AMLO y otros para \u201cdefender el petr\u00f3leo\u201d (\u00cdntegro)\" \/><\/a><\/div>\n<div><\/div>\n<div><\/div>\n<div>eloriente.net 20 de septiembre de 2013 M\u00e9xico, Distrito Federal, 19 de septiembre de 2013 Ante la grave emergencia del pa\u00eds y la amenaza de continuar la entrega de nuestros recursos, territorios y riquezas con la reforma energ\u00e9tica que promueve el gobierno, los suscritos llamamos a todas las mexicanas y mexicanos, sin distinci\u00f3n de creencias, ideolog\u00edas [&#8230;]<\/div>\n<div id=\"post-16550\">\n<p>September 20, 2013<\/p>\n<\/div>\n<div id=\"post-15979\">\n<p><a title=\"Permalink to Mensaje \u00edntegro de C\u00e1rdenas en Monumento a la Revoluci\u00f3n\" href=\"http:\/\/www.eloriente.net\/home\/2013\/08\/24\/mnesaje-integro-de-cardenas-en-monumento-a-la-revolucion\/\" rel=\"bookmark\">Mensaje \u00edntegro de C\u00e1rdenas en Monumento a la Revoluci\u00f3n<\/a><\/p>\n<p><a href=\"http:\/\/www.eloriente.net\/home\/2013\/08\/24\/mnesaje-integro-de-cardenas-en-monumento-a-la-revolucion\/\" rel=\"bookmark\"><img decoding=\"async\" title=\"Mensaje \u00edntegro de C\u00e1rdenas en Monumento a la Revoluci\u00f3n\" src=\"http:\/\/www.eloriente.net\/home\/wp-content\/themes\/city-desk\/timthumb.php?src=http%3A%2F%2Fwww.eloriente.net%2Fhome%2Fwp-content%2Fuploads%2F2013%2F08%2FC%C3%A1rdenas-monumento-a-la-revolucion-cccardenas.org_.jpg&amp;q=90&amp;w=160&amp;h=106&amp;zc=1\" alt=\"Mensaje \u00edntegro de C\u00e1rdenas en Monumento a la Revoluci\u00f3n\" \/><\/a><\/p>\n<p>eloriente.net \/ Cuauht\u00e9moc C\u00e1rdenas 24 de agosto de 2013 Por su trascendencia para el debate de la reforma energ\u00e9tica, hemos decidido compartir con nuestros lectores el mensaje \u00edntegro que el d\u00eda 19 de agosto de 2013 pronunci\u00f3 Cuauht\u00e9moc C\u00e1rdenas en el Monumento a la Revoluci\u00f3n, en raz\u00f3n de la reforma energ\u00e9tica. El texto es compartido [&#8230;]<\/p>\n<p>August 24, 2013<\/p>\n<\/div>\n\n\t\t\t  <div \n\t\t\t  \tclass = \"fb-comments\" \n\t\t\t  \tdata-href = \"http:\/\/www.eloriente.net\/home\/2013\/12\/05\/foro-reforma-energetica-desde-ibero-puebla\/\"\n\t\t\t  \tdata-numposts = \"10\"\n\t\t\t\tdata-colorscheme = \"dark\"\n\t\t\t\tdata-order-by = \"social\"\n\t\t\t\tdata-mobile=true>\n\t\t\t  <\/div>\n\t\t  <style>\n\t\t\t.fb_iframe_widget_fluid_desktop iframe {\n\t\t\t    width: 100% !important;\n\t\t\t}\n\t\t  <\/style>\n\t\t  ","protected":false},"excerpt":{"rendered":"<p>eloriente.net\/IberoPuebla 5 de diciembre de 2013 ELORIENTE:NET pone a tu disposici\u00f3n la transmisi\u00f3n del primer panel del Foro Reforma Energ\u00e9tica, que se realiz\u00f3 el pasado 4 de septiembre de 2013, organizado por el Departamento de Ciencias Sociales de la Universidad Iberoamericana Puebla. El Foro estuvo conformado por dos paneles en los que se cont\u00f3 con [&hellip;]<\/p>\n","protected":false},"author":26,"featured_media":18092,"comment_status":"open","ping_status":"open","sticky":false,"template":"","format":"standard","meta":{"_jetpack_memberships_contains_paid_content":false,"footnotes":""},"categories":[3,18,32,10,21,84],"tags":[],"class_list":["post-18091","post","type-post","status-publish","format-standard","has-post-thumbnail","hentry","category-canal-1-tu-aula","category-educacion-y-cultura","category-entradas","category-lo-mas-reciente","category-politica-y-gobierno","category-universidades"],"jetpack_featured_media_url":"http:\/\/www.eloriente.net\/home\/wp-content\/uploads\/2013\/12\/Foro-Ibero.jpg","jetpack_sharing_enabled":true,"_links":{"self":[{"href":"http:\/\/www.eloriente.net\/home\/wp-json\/wp\/v2\/posts\/18091"}],"collection":[{"href":"http:\/\/www.eloriente.net\/home\/wp-json\/wp\/v2\/posts"}],"about":[{"href":"http:\/\/www.eloriente.net\/home\/wp-json\/wp\/v2\/types\/post"}],"author":[{"embeddable":true,"href":"http:\/\/www.eloriente.net\/home\/wp-json\/wp\/v2\/users\/26"}],"replies":[{"embeddable":true,"href":"http:\/\/www.eloriente.net\/home\/wp-json\/wp\/v2\/comments?post=18091"}],"version-history":[{"count":8,"href":"http:\/\/www.eloriente.net\/home\/wp-json\/wp\/v2\/posts\/18091\/revisions"}],"predecessor-version":[{"id":18100,"href":"http:\/\/www.eloriente.net\/home\/wp-json\/wp\/v2\/posts\/18091\/revisions\/18100"}],"wp:featuredmedia":[{"embeddable":true,"href":"http:\/\/www.eloriente.net\/home\/wp-json\/wp\/v2\/media\/18092"}],"wp:attachment":[{"href":"http:\/\/www.eloriente.net\/home\/wp-json\/wp\/v2\/media?parent=18091"}],"wp:term":[{"taxonomy":"category","embeddable":true,"href":"http:\/\/www.eloriente.net\/home\/wp-json\/wp\/v2\/categories?post=18091"},{"taxonomy":"post_tag","embeddable":true,"href":"http:\/\/www.eloriente.net\/home\/wp-json\/wp\/v2\/tags?post=18091"}],"curies":[{"name":"wp","href":"https:\/\/api.w.org\/{rel}","templated":true}]}}