{"id":18111,"date":"2013-12-05T18:13:29","date_gmt":"2013-12-06T00:13:29","guid":{"rendered":"http:\/\/www.eloriente.net\/home\/?p=18111"},"modified":"2013-12-05T18:13:29","modified_gmt":"2013-12-06T00:13:29","slug":"video-diez-mitos-inciertos-sobre-la-reforma-energetica-por-gerardo-esquivel","status":"publish","type":"post","link":"http:\/\/www.eloriente.net\/home\/2013\/12\/05\/video-diez-mitos-inciertos-sobre-la-reforma-energetica-por-gerardo-esquivel\/","title":{"rendered":"Video: Diez mitos inciertos sobre la Reforma Energ\u00e9tica por Gerardo Esquivel"},"content":{"rendered":"<p>eloriente.net<\/p>\n<p>5 de diciembre de 2013<\/p>\n<p>En septiembre pasado, El Colegio de M\u00e9xico realiz\u00f3 un seminario de pol\u00edtica mexicana titulado como \u00abC\u00e1rdenas sobre C\u00e1rdenas: La disputa por el Petr\u00f3leo\u00bb, con el objetivo de contribuir en forma constructiva a la discusi\u00f3n sobre el futuro de la industria energ\u00e9tica nacional.<\/p>\n<p>Durante este evento, particip\u00f3 el Doctor en Econom\u00eda, profesor e investigador del Centro de Estudios Econ\u00f3micos de El Colegio de M\u00e9xico, quien present\u00f3 la ponencia \u201cDebate sobre la Reforma Energ\u00e9tica\u201d, en la cual expuso argumentos que refutan diez mitos que el Gobierno de Rep\u00fablica afirman como los beneficios que traer\u00e1 la reforma.<\/p>\n<p>ELORIENTE.NET pone a tu disposici\u00f3n el siguiente material audiovisual de la intervenci\u00f3n del Dr. Gerardo Esquivel.<\/p>\n<p><iframe loading=\"lazy\" src=\"\/\/www.youtube.com\/embed\/CO4cK2Y5jG0\" frameborder=\"0\" width=\"420\" height=\"315\"><\/iframe><\/p>\n<p>&nbsp;<\/p>\n<p>Bajo la misma l\u00ednea, El Colegio de M\u00e9xico realiz\u00f3 una grabaci\u00f3n donde el Ing. Cuauht\u00e9moc C\u00e1rdenas, el Dr. Lorenzo Meyer y el Dr. Gerardo Esquivel, donde comentan acerca de la Reforma Energ\u00e9tica, sus alternativas, debilidades y repercusiones sobre la econom\u00eda del pa\u00eds.<\/p>\n<p><iframe loading=\"lazy\" src=\"\/\/www.youtube.com\/embed\/CO4cK2Y5jG0\" frameborder=\"0\" width=\"420\" height=\"315\"><\/iframe><\/p>\n<p>&nbsp;<\/p>\n<p>Entradas relacionadas:<\/p>\n<p><a title=\"Permalink to Foro Reforma Energ\u00e9tica desde Ibero Puebla\" href=\"http:\/\/www.eloriente.net\/home\/2013\/12\/05\/foro-reforma-energetica-desde-ibero-puebla\/\" rel=\"bookmark\">Foro Reforma Energ\u00e9tica desde Ibero Puebla<\/a><\/p>\n<p><a href=\"http:\/\/www.eloriente.net\/home\/2013\/12\/05\/foro-reforma-energetica-desde-ibero-puebla\/\" rel=\"bookmark\"><img decoding=\"async\" title=\"Foro Reforma Energ\u00e9tica desde Ibero Puebla\" src=\"http:\/\/www.eloriente.net\/home\/wp-content\/themes\/city-desk\/timthumb.php?src=http%3A%2F%2Fwww.eloriente.net%2Fhome%2Fwp-content%2Fuploads%2F2013%2F12%2FForo-Ibero.jpg&amp;q=90&amp;w=160&amp;h=106&amp;zc=1\" alt=\"Foro Reforma Energ\u00e9tica desde Ibero Puebla\" \/><\/a><\/p>\n<p>eloriente.net\/IberoPuebla 5 de diciembre de 2013 ELORIENTE:NET pone a tu disposici\u00f3n la transmisi\u00f3n del primer panel del Foro Reforma Energ\u00e9tica, que se realiz\u00f3 el pasado 4 de septiembre de 2013, organizado por el Departamento de Ciencias Sociales de la Universidad Iberoamericana Puebla. El Foro estuvo conformado por dos paneles en los que se cont\u00f3 con [&#8230;]<\/p>\n<p>December 5, 2013<\/p>\n<p><a title=\"Permalink to Llamado de C\u00e1rdenas, AMLO y otros para \u201cdefender el petr\u00f3leo\u201d (\u00cdntegro)\" href=\"http:\/\/www.eloriente.net\/home\/2013\/09\/20\/llamado-de-cardenas-amlo-y-otros-para-defender-el-petroleo-integro\/\" rel=\"bookmark\">Llamado de C\u00e1rdenas, AMLO y otros para \u201cdefender el petr\u00f3leo\u201d (\u00cdntegro)<\/a><\/p>\n<div id=\"post-16550\"><a href=\"http:\/\/www.eloriente.net\/home\/2013\/09\/20\/llamado-de-cardenas-amlo-y-otros-para-defender-el-petroleo-integro\/\" rel=\"bookmark\"><img decoding=\"async\" title=\"Llamado de C\u00e1rdenas, AMLO y otros para \u201cdefender el petr\u00f3leo\u201d (\u00cdntegro)\" src=\"http:\/\/www.eloriente.net\/home\/wp-content\/themes\/city-desk\/timthumb.php?src=http%3A%2F%2Fwww.eloriente.net%2Fhome%2Fwp-content%2Fuploads%2F2013%2F09%2FAMLO-Defensa-petr%C3%B3leo-Algunos-derechos-reservados-por-Eneas.jpg&amp;q=90&amp;w=160&amp;h=106&amp;zc=1\" alt=\"Llamado de C\u00e1rdenas, AMLO y otros para \u201cdefender el petr\u00f3leo\u201d (\u00cdntegro)\" \/><\/a><\/div>\n<div><\/div>\n<div><\/div>\n<div>eloriente.net 20 de septiembre de 2013 M\u00e9xico, Distrito Federal, 19 de septiembre de 2013 Ante la grave emergencia del pa\u00eds y la amenaza de continuar la entrega de nuestros recursos, territorios y riquezas con la reforma energ\u00e9tica que promueve el gobierno, los suscritos llamamos a todas las mexicanas y mexicanos, sin distinci\u00f3n de creencias, ideolog\u00edas [&#8230;]<\/div>\n<div id=\"post-16550\">\n<p>September 20, 2013<\/p>\n<\/div>\n<div id=\"post-15979\">\n<p><a title=\"Permalink to Mensaje \u00edntegro de C\u00e1rdenas en Monumento a la Revoluci\u00f3n\" href=\"http:\/\/www.eloriente.net\/home\/2013\/08\/24\/mnesaje-integro-de-cardenas-en-monumento-a-la-revolucion\/\" rel=\"bookmark\">Mensaje \u00edntegro de C\u00e1rdenas en Monumento a la Revoluci\u00f3n<\/a><\/p>\n<p><a href=\"http:\/\/www.eloriente.net\/home\/2013\/08\/24\/mnesaje-integro-de-cardenas-en-monumento-a-la-revolucion\/\" rel=\"bookmark\"><img decoding=\"async\" title=\"Mensaje \u00edntegro de C\u00e1rdenas en Monumento a la Revoluci\u00f3n\" src=\"http:\/\/www.eloriente.net\/home\/wp-content\/themes\/city-desk\/timthumb.php?src=http%3A%2F%2Fwww.eloriente.net%2Fhome%2Fwp-content%2Fuploads%2F2013%2F08%2FC%C3%A1rdenas-monumento-a-la-revolucion-cccardenas.org_.jpg&amp;q=90&amp;w=160&amp;h=106&amp;zc=1\" alt=\"Mensaje \u00edntegro de C\u00e1rdenas en Monumento a la Revoluci\u00f3n\" \/><\/a><\/p>\n<p>eloriente.net \/ Cuauht\u00e9moc C\u00e1rdenas 24 de agosto de 2013 Por su trascendencia para el debate de la reforma energ\u00e9tica, hemos decidido compartir con nuestros lectores el mensaje \u00edntegro que el d\u00eda 19 de agosto de 2013 pronunci\u00f3 Cuauht\u00e9moc C\u00e1rdenas en el Monumento a la Revoluci\u00f3n, en raz\u00f3n de la reforma energ\u00e9tica. El texto es compartido [&#8230;]<\/p>\n<p>August 24, 2013<\/p>\n<\/div>\n\n\t\t\t  <div \n\t\t\t  \tclass = \"fb-comments\" \n\t\t\t  \tdata-href = \"http:\/\/www.eloriente.net\/home\/2013\/12\/05\/video-diez-mitos-inciertos-sobre-la-reforma-energetica-por-gerardo-esquivel\/\"\n\t\t\t  \tdata-numposts = \"10\"\n\t\t\t\tdata-colorscheme = \"dark\"\n\t\t\t\tdata-order-by = \"social\"\n\t\t\t\tdata-mobile=true>\n\t\t\t  <\/div>\n\t\t  <style>\n\t\t\t.fb_iframe_widget_fluid_desktop iframe {\n\t\t\t    width: 100% !important;\n\t\t\t}\n\t\t  <\/style>\n\t\t  ","protected":false},"excerpt":{"rendered":"<p>eloriente.net 5 de diciembre de 2013 En septiembre pasado, El Colegio de M\u00e9xico realiz\u00f3 un seminario de pol\u00edtica mexicana titulado como \u00abC\u00e1rdenas sobre C\u00e1rdenas: La disputa por el Petr\u00f3leo\u00bb, con el objetivo de contribuir en forma constructiva a la discusi\u00f3n sobre el futuro de la industria energ\u00e9tica nacional. Durante este evento, particip\u00f3 el Doctor en [&hellip;]<\/p>\n","protected":false},"author":26,"featured_media":18113,"comment_status":"open","ping_status":"open","sticky":false,"template":"","format":"standard","meta":{"_jetpack_memberships_contains_paid_content":false,"footnotes":""},"categories":[6,32,10,21],"tags":[],"class_list":["post-18111","post","type-post","status-publish","format-standard","has-post-thumbnail","hentry","category-canal-4-especiales","category-entradas","category-lo-mas-reciente","category-politica-y-gobierno"],"jetpack_featured_media_url":"http:\/\/www.eloriente.net\/home\/wp-content\/uploads\/2013\/12\/pemex.jpg","jetpack_sharing_enabled":true,"_links":{"self":[{"href":"http:\/\/www.eloriente.net\/home\/wp-json\/wp\/v2\/posts\/18111"}],"collection":[{"href":"http:\/\/www.eloriente.net\/home\/wp-json\/wp\/v2\/posts"}],"about":[{"href":"http:\/\/www.eloriente.net\/home\/wp-json\/wp\/v2\/types\/post"}],"author":[{"embeddable":true,"href":"http:\/\/www.eloriente.net\/home\/wp-json\/wp\/v2\/users\/26"}],"replies":[{"embeddable":true,"href":"http:\/\/www.eloriente.net\/home\/wp-json\/wp\/v2\/comments?post=18111"}],"version-history":[{"count":5,"href":"http:\/\/www.eloriente.net\/home\/wp-json\/wp\/v2\/posts\/18111\/revisions"}],"predecessor-version":[{"id":18117,"href":"http:\/\/www.eloriente.net\/home\/wp-json\/wp\/v2\/posts\/18111\/revisions\/18117"}],"wp:featuredmedia":[{"embeddable":true,"href":"http:\/\/www.eloriente.net\/home\/wp-json\/wp\/v2\/media\/18113"}],"wp:attachment":[{"href":"http:\/\/www.eloriente.net\/home\/wp-json\/wp\/v2\/media?parent=18111"}],"wp:term":[{"taxonomy":"category","embeddable":true,"href":"http:\/\/www.eloriente.net\/home\/wp-json\/wp\/v2\/categories?post=18111"},{"taxonomy":"post_tag","embeddable":true,"href":"http:\/\/www.eloriente.net\/home\/wp-json\/wp\/v2\/tags?post=18111"}],"curies":[{"name":"wp","href":"https:\/\/api.w.org\/{rel}","templated":true}]}}