{"id":18127,"date":"2013-12-06T10:26:06","date_gmt":"2013-12-06T16:26:06","guid":{"rendered":"http:\/\/www.eloriente.net\/home\/?p=18127"},"modified":"2014-01-24T10:59:39","modified_gmt":"2014-01-24T16:59:39","slug":"camara-de-diputados-aprueban-reforma-politica-electoral","status":"publish","type":"post","link":"http:\/\/www.eloriente.net\/home\/2013\/12\/06\/camara-de-diputados-aprueban-reforma-politica-electoral\/","title":{"rendered":"C\u00e1mara de Diputados aprueba Reforma Pol\u00edtica-Electoral; regresa al Senado para debate"},"content":{"rendered":"<p>eloriente.net<\/p>\n<p>6 de diciembre de 2013<\/p>\n<p>La C\u00e1mara de Diputados aprob\u00f3 ayer la reforma en materia pol\u00edtica-electoral, la cual contempla siete modificaciones a los art\u00edculos 26, 41, 54, 76, 78, 116, el d\u00e9cimo primero transitorio y el d\u00e9cimo segundo transitorio, de la Constituci\u00f3n Pol\u00edtica de los Estados Unidos Mexicanos.<\/p>\n<p>Dentro de dichas modificaciones, destaca un sistema de reelecci\u00f3n de legisladores y alcaldes, lo que permitir\u00e1 a los diputados federales reelegirse hasta por tres periodos y a los senadores en una ocasi\u00f3n. Se dar\u00e1 pie a esta prescripci\u00f3n a partir de la LXIII Legislatura, que ser\u00e1 electa en el a\u00f1o 2015, quienes podr\u00e1n ser ratificados en sus funciones en 2018. La reelecci\u00f3n no ser\u00e1 v\u00e1lida si su postulaci\u00f3n es con un partido diferente al que originalmente los llev\u00f3 al cargo; ser\u00e1 posible siempre y cuando hayan renunciado a su puesto antes de la segunda mitad de su comisi\u00f3n. A nivel local esta medida deber\u00e1 ser valorada y gestionada por los congresos locales para permitir la reelecci\u00f3n de sus legisladores.<\/p>\n<p>Se ratific\u00f3 un sistema de nulidad de los procesos electorales a nivel local o federal, que ser\u00e1 determinada en caso de que un candidato se vea involucrado en violaciones graves a la ley; si el gasto de su campa\u00f1a asciende a un monto superior al 5% mayor de su presupuesto autorizado; si se contratan espacios publicitarios en medios de comunicaci\u00f3n fuera de lo permitido por la ley; o si reciben financiamiento econ\u00f3mico de manera il\u00edcita.<\/p>\n<p>Por otra parte se concret\u00f3 la creaci\u00f3n del Instituto Nacional de Elecciones (INE), organismo de car\u00e1cter independiente en su toma de decisiones y funcionamiento que oficiar\u00e1 la organizaci\u00f3n de las elecciones locales, impidiendo la participaci\u00f3n de gestores y recursos ileg\u00edtimos.<\/p>\n<p>Un punto controversial dentro de la discusi\u00f3n sobre la reforma pol\u00edtica fue la posibilidad de una segunda vuelta electoral, que permitiera nuevamente realizar votaciones si ning\u00fan candidato de elecci\u00f3n popular obtiene m\u00e1s de la mitad de los sufragios, en la que \u00fanicamente participar\u00edan los dos candidatos punteros en las preferencias de los ciudadanos; dicha propuesta fue descartada.<\/p>\n<p>&nbsp;<\/p>\n<p><a href=\"http:\/\/www.eloriente.net\/home\/wp-content\/uploads\/2013\/11\/1024px-Mexico_Chamber_of_Deputies_backdrop.jpg\"><img loading=\"lazy\" decoding=\"async\" class=\"alignnone size-medium wp-image-17736\" title=\"1024px-Mexico_Chamber_of_Deputies_backdrop\" src=\"http:\/\/www.eloriente.net\/home\/wp-content\/uploads\/2013\/11\/1024px-Mexico_Chamber_of_Deputies_backdrop-300x199.jpg\" alt=\"\" width=\"300\" height=\"199\" srcset=\"http:\/\/www.eloriente.net\/home\/wp-content\/uploads\/2013\/11\/1024px-Mexico_Chamber_of_Deputies_backdrop-300x199.jpg 300w, http:\/\/www.eloriente.net\/home\/wp-content\/uploads\/2013\/11\/1024px-Mexico_Chamber_of_Deputies_backdrop.jpg 1024w\" sizes=\"(max-width: 300px) 100vw, 300px\" \/><\/a><\/p>\n<p>Foto: Wikimedia<\/p>\n<p>&nbsp;<\/p>\n<p><strong>Entradas relacionadas:\u00a0<\/strong><\/p>\n<p><a title=\"Permalink to Aqu\u00ed texto de dictamen enviado por el Senado a C\u00e1mara de Diputados con Reforma Pol\u00edtica\" href=\"http:\/\/www.eloriente.net\/home\/2013\/12\/04\/aqui-texto-de-dictamen-enviado-por-el-senado-a-camara-de-diputados-con-reforma-politica\/\" rel=\"bookmark\">Aqu\u00ed texto de dictamen enviado por el Senado a C\u00e1mara de Diputados con Reforma Pol\u00edtica<\/a><\/p>\n<p><a href=\"http:\/\/www.eloriente.net\/home\/2013\/12\/04\/aqui-texto-de-dictamen-enviado-por-el-senado-a-camara-de-diputados-con-reforma-politica\/\" rel=\"bookmark\"><img decoding=\"async\" title=\"Aqu\u00ed texto de dictamen enviado por el Senado a C\u00e1mara de Diputados con Reforma Pol\u00edtica\" src=\"http:\/\/www.eloriente.net\/home\/wp-content\/themes\/city-desk\/timthumb.php?src=http%3A%2F%2Fwww.eloriente.net%2Fhome%2Fwp-content%2Fuploads%2F2012%2F10%2FSenado-de-la-Rep%C3%BAblica.png&amp;q=90&amp;w=160&amp;h=106&amp;zc=1\" alt=\"Aqu\u00ed texto de dictamen enviado por el Senado a C\u00e1mara de Diputados con Reforma Pol\u00edtica\" \/><\/a><\/p>\n<p>eloriente.net 4 de diciembre de 2013 Luego de su aprobaci\u00f3n en el Senado de la Rep\u00fablica con 106 votos a favor, 15 en contra y 1 abstenci\u00f3n, este \u00f3rgano envi\u00f3 el dictamen respectivo a la C\u00e1mara de Diputados para su discusi\u00f3n y eventual aprobaci\u00f3n. A continuaci\u00f3n puede consultarse \u00edntegro este documento, compartido p\u00fablicamente en este [&#8230;]<\/p>\n<p>December 4, 2013<\/p>\n<div id=\"post-18010\">\n<p><a title=\"Permalink to IFE llama a no poner en riesgo \u201coperaci\u00f3n electoral\u201d en M\u00e9xico\" href=\"http:\/\/www.eloriente.net\/home\/2013\/12\/03\/una-reforma-electoral-que-no-venga-respaldada-por-todas-las-fuerzas-politicas-debilita-las-bases-de-las-instituciones-de-la-democracia-benito-nacif\/\" rel=\"bookmark\">IFE llama a no poner en riesgo \u201coperaci\u00f3n electoral\u201d en M\u00e9xico<\/a><\/p>\n<p><a href=\"http:\/\/www.eloriente.net\/home\/2013\/12\/03\/una-reforma-electoral-que-no-venga-respaldada-por-todas-las-fuerzas-politicas-debilita-las-bases-de-las-instituciones-de-la-democracia-benito-nacif\/\" rel=\"bookmark\"><img decoding=\"async\" title=\"IFE llama a no poner en riesgo \u201coperaci\u00f3n electoral\u201d en M\u00e9xico\" src=\"http:\/\/www.eloriente.net\/home\/wp-content\/themes\/city-desk\/timthumb.php?src=http%3A%2F%2Fwww.eloriente.net%2Fhome%2Fwp-content%2Fuploads%2F2013%2F12%2Fife_edificio.jpg&amp;q=90&amp;w=160&amp;h=106&amp;zc=1\" alt=\"IFE llama a no poner en riesgo \u201coperaci\u00f3n electoral\u201d en M\u00e9xico\" \/><\/a><\/p>\n<p>eloriente.net\/IFE 3 de diciembre de 2013 VERSI\u00d3N ESTENOGR\u00c1FICA DEL PRONUNCIAMIENTO SOBRE LA REFORMA POL\u00cdTICA, REALIZADO POR EL CONSEJERO PRESIDENTE PROVISIONAL BENITO NACIF, LA CONSEJERA Y LOS CONSEJEROS ELECTORALES DURANTE LA CONFERENCIA DE PRENSA OFRECIDA A DIVERSOS MEDIOS DE COMUNICACI\u00d3N, EN LA SALA DE PRENSA DEL PROPIO INSTITUTO. ENCARGADO DE DESPACHO DE LA COORDINADOR NACIONAL DE [&#8230;]<\/p>\n<p>December 3, 2013<\/p>\n<\/div>\n<div id=\"post-17881\">\n<p><a title=\"Permalink to Poder Legislativo en Oaxaca confirma sus Comisiones Permanentes\" href=\"http:\/\/www.eloriente.net\/home\/2013\/11\/29\/poder-legislativo-en-oaxaca-confirma-sus-comisiones-permanentes\/\" rel=\"bookmark\">Poder Legislativo en Oaxaca confirma sus Comisiones Permanentes<\/a><\/p>\n<p><a href=\"http:\/\/www.eloriente.net\/home\/2013\/11\/29\/poder-legislativo-en-oaxaca-confirma-sus-comisiones-permanentes\/\" rel=\"bookmark\"><img decoding=\"async\" title=\"Poder Legislativo en Oaxaca confirma sus Comisiones Permanentes\" src=\"http:\/\/www.eloriente.net\/home\/wp-content\/themes\/city-desk\/timthumb.php?src=http%3A%2F%2Fwww.eloriente.net%2Fhome%2Fwp-content%2Fuploads%2F2013%2F11%2Fcongreso.png&amp;q=90&amp;w=160&amp;h=106&amp;zc=1\" alt=\"Poder Legislativo en Oaxaca confirma sus Comisiones Permanentes\" \/><\/a><\/p>\n<p>eloriente.net\/congresooaxaca 29 de noviembre de 2013 El pleno de la LXII Legislatura del Estado aprob\u00f3 en su sesi\u00f3n ordinaria celebrada la noche de este jueves, por mayor\u00eda de votos, la creaci\u00f3n de dos nuevas comisiones, modific\u00f3 otras y design\u00f3 as\u00ed a los integrantes de un total de 39 Comisiones Permanentes que conformar\u00e1n el Poder Legislativo. [&#8230;]<\/p>\n<p>November 29, 2013<\/p>\n<\/div>\n<p>&nbsp;<\/p>\n\n\t\t\t  <div \n\t\t\t  \tclass = \"fb-comments\" \n\t\t\t  \tdata-href = \"http:\/\/www.eloriente.net\/home\/2013\/12\/06\/camara-de-diputados-aprueban-reforma-politica-electoral\/\"\n\t\t\t  \tdata-numposts = \"10\"\n\t\t\t\tdata-colorscheme = \"dark\"\n\t\t\t\tdata-order-by = \"social\"\n\t\t\t\tdata-mobile=true>\n\t\t\t  <\/div>\n\t\t  <style>\n\t\t\t.fb_iframe_widget_fluid_desktop iframe {\n\t\t\t    width: 100% !important;\n\t\t\t}\n\t\t  <\/style>\n\t\t  ","protected":false},"excerpt":{"rendered":"<p>eloriente.net 6 de diciembre de 2013 La C\u00e1mara de Diputados aprob\u00f3 ayer la reforma en materia pol\u00edtica-electoral, la cual contempla siete modificaciones a los art\u00edculos 26, 41, 54, 76, 78, 116, el d\u00e9cimo primero transitorio y el d\u00e9cimo segundo transitorio, de la Constituci\u00f3n Pol\u00edtica de los Estados Unidos Mexicanos. Dentro de dichas modificaciones, destaca un [&hellip;]<\/p>\n","protected":false},"author":26,"featured_media":17736,"comment_status":"open","ping_status":"open","sticky":false,"template":"","format":"standard","meta":{"_jetpack_memberships_contains_paid_content":false,"footnotes":""},"categories":[91,32,10,24,21,31],"tags":[],"class_list":["post-18127","post","type-post","status-publish","format-standard","has-post-thumbnail","hentry","category-congreso-y-justicia","category-entradas","category-lo-mas-reciente","category-mexico-y-el-mundo","category-politica-y-gobierno","category-principal"],"jetpack_featured_media_url":"http:\/\/www.eloriente.net\/home\/wp-content\/uploads\/2013\/11\/1024px-Mexico_Chamber_of_Deputies_backdrop.jpg","jetpack_sharing_enabled":true,"_links":{"self":[{"href":"http:\/\/www.eloriente.net\/home\/wp-json\/wp\/v2\/posts\/18127"}],"collection":[{"href":"http:\/\/www.eloriente.net\/home\/wp-json\/wp\/v2\/posts"}],"about":[{"href":"http:\/\/www.eloriente.net\/home\/wp-json\/wp\/v2\/types\/post"}],"author":[{"embeddable":true,"href":"http:\/\/www.eloriente.net\/home\/wp-json\/wp\/v2\/users\/26"}],"replies":[{"embeddable":true,"href":"http:\/\/www.eloriente.net\/home\/wp-json\/wp\/v2\/comments?post=18127"}],"version-history":[{"count":11,"href":"http:\/\/www.eloriente.net\/home\/wp-json\/wp\/v2\/posts\/18127\/revisions"}],"predecessor-version":[{"id":18139,"href":"http:\/\/www.eloriente.net\/home\/wp-json\/wp\/v2\/posts\/18127\/revisions\/18139"}],"wp:featuredmedia":[{"embeddable":true,"href":"http:\/\/www.eloriente.net\/home\/wp-json\/wp\/v2\/media\/17736"}],"wp:attachment":[{"href":"http:\/\/www.eloriente.net\/home\/wp-json\/wp\/v2\/media?parent=18127"}],"wp:term":[{"taxonomy":"category","embeddable":true,"href":"http:\/\/www.eloriente.net\/home\/wp-json\/wp\/v2\/categories?post=18127"},{"taxonomy":"post_tag","embeddable":true,"href":"http:\/\/www.eloriente.net\/home\/wp-json\/wp\/v2\/tags?post=18127"}],"curies":[{"name":"wp","href":"https:\/\/api.w.org\/{rel}","templated":true}]}}