{"id":18132,"date":"2013-12-06T10:50:36","date_gmt":"2013-12-06T16:50:36","guid":{"rendered":"http:\/\/www.eloriente.net\/home\/?p=18132"},"modified":"2013-12-06T10:58:19","modified_gmt":"2013-12-06T16:58:19","slug":"donde-estuvimos-cuando-todo-paso","status":"publish","type":"post","link":"http:\/\/www.eloriente.net\/home\/2013\/12\/06\/donde-estuvimos-cuando-todo-paso\/","title":{"rendered":"\u00bfD\u00f3nde estuvimos cuando todo pas\u00f3?"},"content":{"rendered":"<p>eloriente.net<\/p>\n<p>6 de diciembre de 2013<\/p>\n<p style=\"text-align: right;\">Por: Juan Pablo Vasconcelos<\/p>\n<p style=\"text-align: left;\"><strong>\u00bfD\u00f3nde estuvimos cuando todo pas\u00f3?<\/strong><\/p>\n<p>El instante lleva a drama o a comedia.<\/p>\n<p>De pronto, nos percatamos que se han tomado decisiones importantes mientras estuvimos distra\u00eddos, ensimismados en el d\u00eda a d\u00eda que es, a final de cuentas, todo lo que somos capaces de considerar <em>nuestro universo<\/em>. El d\u00eda a d\u00eda con su carga de instantes muertos, el despertar apresurado, la fatiga cr\u00f3nica en las oficinas, los comederos ansiosos, y el atardecer cuya esperanza radica en su final: la noche, que nos traslada a las catacumbas televisivas, y luego a las del sue\u00f1o.<\/p>\n<p>Pero en tanto <em>nuestro universo<\/em> se expande reiterada, sorda e imperceptiblemente, los dem\u00e1s toman las determinaciones.<\/p>\n<p>Graves resoluciones del tipo: el estado mexicano compartir\u00e1 la renta petrolera con empresas particulares; la Constituci\u00f3n (nuestro pacto) fue modificada para permitirlo; el lenguaje corriente tambi\u00e9n se ha reconfigurado, pues lo que entendiste siempre como \u201cprivatizaci\u00f3n\u201d, ahora no significa lo mismo, \u201cbajo ninguna \u00f3ptica\u201d, como gustan decir ciertos analistas y congresistas leales a su rep\u00fablica.<\/p>\n<p>As\u00ed, el instante en que recapacitas y miras c\u00f3mo han cambiado las cosas desde que bajaste la cabeza y te hundiste en el marasmo cotidiano y la apat\u00eda, es equivalente a ese lugar com\u00fan pero revelador del dinosaurio en la vigilia de Monterroso; o bien al todav\u00eda m\u00e1s grave momento que muchos sufrimos cuando ni\u00f1os: al voltear, el s\u00e1ndwich ya no estaba sobre el pupitre.<\/p>\n<p>El hambre entonces duraba hasta llegar de vuelta a casa.<\/p>\n<p>Pero en estos d\u00edas, se toman determinaciones cuyas consecuencias durar\u00e1n un poco m\u00e1s, un poco m\u00e1s.<\/p>\n<p>&nbsp;<\/p>\n<p><a href=\"http:\/\/www.eloriente.net\/home\/wp-content\/uploads\/2013\/12\/Revolucion.jpg\"><img loading=\"lazy\" decoding=\"async\" class=\"alignnone size-medium wp-image-18140\" src=\"http:\/\/www.eloriente.net\/home\/wp-content\/uploads\/2013\/12\/Revolucion-300x192.jpg\" alt=\"\" width=\"300\" height=\"192\" srcset=\"http:\/\/www.eloriente.net\/home\/wp-content\/uploads\/2013\/12\/Revolucion-300x192.jpg 300w, http:\/\/www.eloriente.net\/home\/wp-content\/uploads\/2013\/12\/Revolucion.jpg 640w\" sizes=\"(max-width: 300px) 100vw, 300px\" \/><\/a><\/p>\n<p>Foto:\u00a0<a href=\"http:\/\/www.flickr.com\/photos\/eneas\/\">Eneas<\/a><\/p>\n<p>&nbsp;<\/p>\n<p>Juan Pablo Vasconcelos es Magister en Gesti\u00f3n Cultural, por el Instituto de Estudios Universitarios Jos\u00e9 Ortega y Gasset.<\/p>\n<p>M\u00e1s de estos temas en: <a href=\"http:\/\/www.eloriente.net\">www.eloriente.net<\/a><\/p>\n<p><a href=\"mailto:direcciongeneral@eloriente.net\">direcciongeneral@eloriente.net<\/a><\/p>\n<p>&nbsp;<\/p>\n<p><strong>Entradas relacionadas:<\/strong><\/p>\n<p><a title=\"Permalink to Video: Diez mitos inciertos sobre la Reforma Energ\u00e9tica por Gerardo Esquivel\" href=\"http:\/\/www.eloriente.net\/home\/2013\/12\/05\/video-diez-mitos-inciertos-sobre-la-reforma-energetica-por-gerardo-esquivel\/\" rel=\"bookmark\">Video: Diez mitos inciertos sobre la Reforma Energ\u00e9tica por Gerardo Esquivel<\/a><\/p>\n<p><a href=\"http:\/\/www.eloriente.net\/home\/2013\/12\/05\/video-diez-mitos-inciertos-sobre-la-reforma-energetica-por-gerardo-esquivel\/\" rel=\"bookmark\"><img decoding=\"async\" src=\"http:\/\/www.eloriente.net\/home\/wp-content\/themes\/city-desk\/timthumb.php?src=http%3A%2F%2Fwww.eloriente.net%2Fhome%2Fwp-content%2Fuploads%2F2013%2F12%2Fpemex.jpg&amp;q=90&amp;w=160&amp;h=106&amp;zc=1\" alt=\"Video: Diez mitos inciertos sobre la Reforma Energ\u00e9tica por Gerardo Esquivel\" \/><\/a><\/p>\n<p>eloriente.net 5 de diciembre de 2013 En septiembre pasado, El Colegio de M\u00e9xico realiz\u00f3 un seminario de pol\u00edtica mexicana titulado como \u201cC\u00e1rdenas sobre C\u00e1rdenas: La disputa por el Petr\u00f3leo\u201d, con el objetivo de contribuir en forma constructiva a la discusi\u00f3n sobre el futuro de la industria energ\u00e9tica nacional. Durante este evento, particip\u00f3 el Doctor en [&#8230;]<\/p>\n<p>December 5, 2013<\/p>\n<div>\n<p><a title=\"Permalink to Foro Reforma Energ\u00e9tica desde Ibero Puebla\" href=\"http:\/\/www.eloriente.net\/home\/2013\/12\/05\/foro-reforma-energetica-desde-ibero-puebla\/\" rel=\"bookmark\">Foro Reforma Energ\u00e9tica desde Ibero Puebla<\/a><\/p>\n<p><a href=\"http:\/\/www.eloriente.net\/home\/2013\/12\/05\/foro-reforma-energetica-desde-ibero-puebla\/\" rel=\"bookmark\"><img decoding=\"async\" src=\"http:\/\/www.eloriente.net\/home\/wp-content\/themes\/city-desk\/timthumb.php?src=http%3A%2F%2Fwww.eloriente.net%2Fhome%2Fwp-content%2Fuploads%2F2013%2F12%2FForo-Ibero.jpg&amp;q=90&amp;w=160&amp;h=106&amp;zc=1\" alt=\"Foro Reforma Energ\u00e9tica desde Ibero Puebla\" \/><\/a><\/p>\n<p>eloriente.net\/IberoPuebla 5 de diciembre de 2013 ELORIENTE:NET pone a tu disposici\u00f3n la transmisi\u00f3n del primer panel del Foro Reforma Energ\u00e9tica, que se realiz\u00f3 el pasado 4 de septiembre de 2013, organizado por el Departamento de Ciencias Sociales de la Universidad Iberoamericana Puebla. El Foro estuvo conformado por dos paneles en los que se cont\u00f3 con [&#8230;]<\/p>\n<p>December 5, 2013<\/p>\n<\/div>\n<div>\n<p><a title=\"Permalink to Mensaje \u00edntegro de C\u00e1rdenas en Monumento a la Revoluci\u00f3n\" href=\"http:\/\/www.eloriente.net\/home\/2013\/08\/24\/mnesaje-integro-de-cardenas-en-monumento-a-la-revolucion\/\" rel=\"bookmark\">Mensaje \u00edntegro de C\u00e1rdenas en Monumento a la Revoluci\u00f3n<\/a><\/p>\n<p><a href=\"http:\/\/www.eloriente.net\/home\/2013\/08\/24\/mnesaje-integro-de-cardenas-en-monumento-a-la-revolucion\/\" rel=\"bookmark\"><img decoding=\"async\" src=\"http:\/\/www.eloriente.net\/home\/wp-content\/themes\/city-desk\/timthumb.php?src=http%3A%2F%2Fwww.eloriente.net%2Fhome%2Fwp-content%2Fuploads%2F2013%2F08%2FC%C3%A1rdenas-monumento-a-la-revolucion-cccardenas.org_.jpg&amp;q=90&amp;w=160&amp;h=106&amp;zc=1\" alt=\"Mensaje \u00edntegro de C\u00e1rdenas en Monumento a la Revoluci\u00f3n\" \/><\/a><\/p>\n<p>eloriente.net \/ Cuauht\u00e9moc C\u00e1rdenas 24 de agosto de 2013 Por su trascendencia para el debate de la reforma energ\u00e9tica, hemos decidido compartir con nuestros lectores el mensaje \u00edntegro que el d\u00eda 19 de agosto de 2013 pronunci\u00f3 Cuauht\u00e9moc C\u00e1rdenas en el Monumento a la Revoluci\u00f3n, en raz\u00f3n de la reforma energ\u00e9tica. El texto es compartido [&#8230;]<\/p>\n<p>August 24, 2013<\/p>\n<\/div>\n<p>&nbsp;<\/p>\n\n\t\t\t  <div \n\t\t\t  \tclass = \"fb-comments\" \n\t\t\t  \tdata-href = \"http:\/\/www.eloriente.net\/home\/2013\/12\/06\/donde-estuvimos-cuando-todo-paso\/\"\n\t\t\t  \tdata-numposts = \"10\"\n\t\t\t\tdata-colorscheme = \"dark\"\n\t\t\t\tdata-order-by = \"social\"\n\t\t\t\tdata-mobile=true>\n\t\t\t  <\/div>\n\t\t  <style>\n\t\t\t.fb_iframe_widget_fluid_desktop iframe {\n\t\t\t    width: 100% !important;\n\t\t\t}\n\t\t  <\/style>\n\t\t  ","protected":false},"excerpt":{"rendered":"<p>eloriente.net 6 de diciembre de 2013 Por: Juan Pablo Vasconcelos \u00bfD\u00f3nde estuvimos cuando todo pas\u00f3? El instante lleva a drama o a comedia. De pronto, nos percatamos que se han tomado decisiones importantes mientras estuvimos distra\u00eddos, ensimismados en el d\u00eda a d\u00eda que es, a final de cuentas, todo lo que somos capaces de considerar [&hellip;]<\/p>\n","protected":false},"author":13,"featured_media":18140,"comment_status":"open","ping_status":"open","sticky":false,"template":"","format":"standard","meta":{"_jetpack_memberships_contains_paid_content":false,"footnotes":""},"categories":[11,22,32,54,10],"tags":[],"class_list":["post-18132","post","type-post","status-publish","format-standard","has-post-thumbnail","hentry","category-colaboradores","category-derechos-humanos","category-entradas","category-juan-pablo-vasconcelos","category-lo-mas-reciente"],"jetpack_featured_media_url":"http:\/\/www.eloriente.net\/home\/wp-content\/uploads\/2013\/12\/Revolucion.jpg","jetpack_sharing_enabled":true,"_links":{"self":[{"href":"http:\/\/www.eloriente.net\/home\/wp-json\/wp\/v2\/posts\/18132"}],"collection":[{"href":"http:\/\/www.eloriente.net\/home\/wp-json\/wp\/v2\/posts"}],"about":[{"href":"http:\/\/www.eloriente.net\/home\/wp-json\/wp\/v2\/types\/post"}],"author":[{"embeddable":true,"href":"http:\/\/www.eloriente.net\/home\/wp-json\/wp\/v2\/users\/13"}],"replies":[{"embeddable":true,"href":"http:\/\/www.eloriente.net\/home\/wp-json\/wp\/v2\/comments?post=18132"}],"version-history":[{"count":3,"href":"http:\/\/www.eloriente.net\/home\/wp-json\/wp\/v2\/posts\/18132\/revisions"}],"predecessor-version":[{"id":18145,"href":"http:\/\/www.eloriente.net\/home\/wp-json\/wp\/v2\/posts\/18132\/revisions\/18145"}],"wp:featuredmedia":[{"embeddable":true,"href":"http:\/\/www.eloriente.net\/home\/wp-json\/wp\/v2\/media\/18140"}],"wp:attachment":[{"href":"http:\/\/www.eloriente.net\/home\/wp-json\/wp\/v2\/media?parent=18132"}],"wp:term":[{"taxonomy":"category","embeddable":true,"href":"http:\/\/www.eloriente.net\/home\/wp-json\/wp\/v2\/categories?post=18132"},{"taxonomy":"post_tag","embeddable":true,"href":"http:\/\/www.eloriente.net\/home\/wp-json\/wp\/v2\/tags?post=18132"}],"curies":[{"name":"wp","href":"https:\/\/api.w.org\/{rel}","templated":true}]}}