{"id":18147,"date":"2013-12-06T11:22:33","date_gmt":"2013-12-06T17:22:33","guid":{"rendered":"http:\/\/www.eloriente.net\/home\/?p=18147"},"modified":"2013-12-06T11:30:17","modified_gmt":"2013-12-06T17:30:17","slug":"la-comision-ejecutiva-a-cargo-de-la-facultad-de-enfermeria-de-la-uabjo-trabaja-de-cara-al-fin-de-semestre","status":"publish","type":"post","link":"http:\/\/www.eloriente.net\/home\/2013\/12\/06\/la-comision-ejecutiva-a-cargo-de-la-facultad-de-enfermeria-de-la-uabjo-trabaja-de-cara-al-fin-de-semestre\/","title":{"rendered":"Comisi\u00f3n Ejecutiva gestionar\u00e1 actividades acad\u00e9micas en Facultad de Enfermer\u00eda de la UABJO"},"content":{"rendered":"<p>eloriente.net\/UABJO<\/p>\n<p>6 de diciembre de 2013<\/p>\n<p><strong>Normalizan actividades acad\u00e9micas y administrativas.<\/strong><\/p>\n<p>La Comisi\u00f3n Ejecutiva\u2013Directiva a cargo de la Facultad de Enfermer\u00eda de la Universidad Aut\u00f3noma \u201cBenito Ju\u00e1rez\u201d de Oaxaca, refrend\u00f3 ayer su compromiso de trabajar por la normalizaci\u00f3n de las actividades acad\u00e9micas y administrativas de esa Instituci\u00f3n educativa.<\/p>\n<p>En entrevista, la Maestra Mar\u00eda del Refugio Caballero Merl\u00edn, presidenta de la Comisi\u00f3n, indic\u00f3 que las clases se han normalizado, adem\u00e1s las pr\u00e1cticas ya est\u00e1n programadas y autorizadas por diversas instituciones de salud y en breve, se aplicar\u00e1n los ex\u00e1menes de fin de semestre.<\/p>\n<p>La funcionaria destac\u00f3 que dicho organismo se encuentra trabajando con todas las atribuciones legales y el reconocimiento de estudiantes, docentes y trabajadores de la Facultad de Enfermer\u00eda.<\/p>\n<p>Caballero Merl\u00edn record\u00f3 que el pasado 20 de noviembre del a\u00f1o en curso, en sesi\u00f3n ordinaria, el Honorable Consejo Universitario de la UABJO, conoci\u00f3, analiz\u00f3, discuti\u00f3 y resolvi\u00f3 la problem\u00e1tica que aquej\u00f3 durante 30 d\u00edas a la Facultad de Enfermer\u00eda Oaxaca.<\/p>\n<p>\u201cEl resultado fue dar cumplimiento a lo dispuesto en los art\u00edculos 2, 3, 4, 5, 18 y 33 de la Ley Org\u00e1nica vigente, al nombrarse previo tutelaje de las garant\u00edas individuales universitarias, una Comisi\u00f3n Ejecutiva encargada de administrar las actividades acad\u00e9micas y de gesti\u00f3n de la mencionada Unidad\u201d, agreg\u00f3.<\/p>\n<p>Hizo hincapi\u00e9 en que la resoluci\u00f3n del citado \u00f3rgano colegiado, m\u00e1xima autoridad de la UABJO, obliga y compromete a docentes, alumnos y trabajadores administrativos, quien por su parte, han manifestado su respaldo a la Comisi\u00f3n, en aras de la normalizaci\u00f3n de las actividades acad\u00e9micas y administrativas de la Facultad.<\/p>\n<p>Consider\u00f3 importante mencionar que en d\u00edas pasados, un Juez de Distrito desech\u00f3 la petici\u00f3n para desconocer a la Comisi\u00f3n, respetando con ello la autonom\u00eda de la Universidad y dejando a la UABJO plena competencia en las actividades directivas que corresponden a la Facultad de Enfermer\u00eda.<\/p>\n<p>La Comisi\u00f3n se encuentra integrada por el Lic. Gabriel Andr\u00e9s Pizarro Castillo, el Mtro. Miguel Amado Wilches Ramiro y el C.D. V\u00edctor Antonio Ric\u00e1rdez Espinoza.<\/p>\n<p>&nbsp;<\/p>\n<p><a href=\"http:\/\/www.eloriente.net\/home\/wp-content\/uploads\/2013\/12\/enfermeras.jpg\"><img loading=\"lazy\" decoding=\"async\" class=\"alignnone size-medium wp-image-18148\" title=\"enfermeras\" src=\"http:\/\/www.eloriente.net\/home\/wp-content\/uploads\/2013\/12\/enfermeras-300x200.jpg\" alt=\"\" width=\"300\" height=\"200\" srcset=\"http:\/\/www.eloriente.net\/home\/wp-content\/uploads\/2013\/12\/enfermeras-300x200.jpg 300w, http:\/\/www.eloriente.net\/home\/wp-content\/uploads\/2013\/12\/enfermeras-1024x682.jpg 1024w, http:\/\/www.eloriente.net\/home\/wp-content\/uploads\/2013\/12\/enfermeras.jpg 1126w\" sizes=\"(max-width: 300px) 100vw, 300px\" \/><\/a><\/p>\n<p>Foto: UABJO<\/p>\n<p>&nbsp;<\/p>\n<p><strong>Entradas relacionadas:\u00a0<\/strong><\/p>\n<p><a title=\"Permalink to Escuela de Bellas Artes UABJO celebra el d\u00eda del m\u00fasico\" href=\"http:\/\/www.eloriente.net\/home\/2013\/12\/03\/escuela-de-bellas-artes-uabjo-celebra-el-dia-del-musico\/\" rel=\"bookmark\">Escuela de Bellas Artes UABJO celebra el d\u00eda del m\u00fasico<\/a><\/p>\n<p><a href=\"http:\/\/www.eloriente.net\/home\/2013\/12\/03\/escuela-de-bellas-artes-uabjo-celebra-el-dia-del-musico\/\" rel=\"bookmark\"><img decoding=\"async\" title=\"Escuela de Bellas Artes UABJO celebra el d\u00eda del m\u00fasico\" src=\"http:\/\/www.eloriente.net\/home\/wp-content\/themes\/city-desk\/timthumb.php?src=http%3A%2F%2Fwww.eloriente.net%2Fhome%2Fwp-content%2Fuploads%2F2013%2F12%2F3.jpg&amp;q=90&amp;w=160&amp;h=106&amp;zc=1\" alt=\"Escuela de Bellas Artes UABJO celebra el d\u00eda del m\u00fasico\" \/><\/a><\/p>\n<p>eloriente.net\/UABJO 3 de diciembre de 2013 La Escuela de Bellas Artes de la Universidad Aut\u00f3noma \u201cBenito Ju\u00e1rez\u201d de Oaxaca (UABJO) celebr\u00f3 el d\u00eda del m\u00fasico con un concierto a cargo de los alumnos en sus diferentes disciplinas. Alrededor de 40 alumnos participaron en diferentes grupos como el Ensamble de Alientos, Orquesta de Guitarras, Solistas y [&#8230;]<\/p>\n<p>December 3, 2013<\/p>\n<div id=\"post-17997\">\n<p><a title=\"Permalink to Inicia taller de Iniciaci\u00f3n al Peritaje\" href=\"http:\/\/www.eloriente.net\/home\/2013\/12\/03\/inicia-taller-de-iniciacion-al-peritaje\/\" rel=\"bookmark\">Inicia taller de Iniciaci\u00f3n al Peritaje<\/a><\/p>\n<p><a href=\"http:\/\/www.eloriente.net\/home\/2013\/12\/03\/inicia-taller-de-iniciacion-al-peritaje\/\" rel=\"bookmark\"><img decoding=\"async\" title=\"Inicia taller de Iniciaci\u00f3n al Peritaje\" src=\"http:\/\/www.eloriente.net\/home\/wp-content\/themes\/city-desk\/timthumb.php?src=http%3A%2F%2Fwww.eloriente.net%2Fhome%2Fwp-content%2Fuploads%2F2013%2F12%2FArte.jpeg&amp;q=90&amp;w=160&amp;h=106&amp;zc=1\" alt=\"Inicia taller de Iniciaci\u00f3n al Peritaje\" \/><\/a><\/p>\n<p>eloriente.net 3 de diciembre de 2013 Impartido por Alberto Soto Cort\u00e9s, coordinador de la Licenciatura en Historia del Arte de la Universidad Iberoamericana. Con el objetivo de conocer los elementos b\u00e1sicos para el peritaje de obra, Alel\u00ed &amp; Hildebrando Arte \u2013 Oaxaca en coordinaci\u00f3n con la Universidad Aut\u00f3noma Benito Ju\u00e1rez de Oaxaca (UABJO) y la [&#8230;]<\/p>\n<p>December 3, 2013<\/p>\n<\/div>\n<div id=\"post-17952\">\n<p><a title=\"Permalink to CECAD-UABJO anuncia cursos decembrinos y convocatoria de ingreso al Bachillerato Abierto y a Distancia\" href=\"http:\/\/www.eloriente.net\/home\/2013\/12\/02\/cecad-uabjo-anuncia-cursos-decembrinos-y-convocatoria-de-ingreso-al-bachillerato-abierto-y-a-distancia\/\" rel=\"bookmark\">CECAD-UABJO anuncia cursos decembrinos y convocatoria de ingreso al Bachillerato Abierto y a Distancia<\/a><\/p>\n<p><a href=\"http:\/\/www.eloriente.net\/home\/2013\/12\/02\/cecad-uabjo-anuncia-cursos-decembrinos-y-convocatoria-de-ingreso-al-bachillerato-abierto-y-a-distancia\/\" rel=\"bookmark\"><img decoding=\"async\" title=\"CECAD-UABJO anuncia cursos decembrinos y convocatoria de ingreso al Bachillerato Abierto y a Distancia\" src=\"http:\/\/www.eloriente.net\/home\/wp-content\/themes\/city-desk\/timthumb.php?src=http%3A%2F%2Fwww.eloriente.net%2Fhome%2Fwp-content%2Fuploads%2F2013%2F12%2F302.jpg&amp;q=90&amp;w=160&amp;h=106&amp;zc=1\" alt=\"CECAD-UABJO anuncia cursos decembrinos y convocatoria de ingreso al Bachillerato Abierto y a Distancia\" \/><\/a><\/p>\n<p>eloriente.net\/UABJO 2 de diciembre de 2013 El Centro de Educaci\u00f3n Continua, Abierta y a Distancia de la Universidad Aut\u00f3noma \u201cBenito Ju\u00e1rez\u201d de Oaxaca (CECAD-UABJO) anunci\u00f3 el curso de Dise\u00f1o Curricular en su modalidad virtual as\u00ed como Estrategias para la Elaboraci\u00f3n de Material Educativo para Docentes Usuarios de las TIC en la modalidad presencial y a [&#8230;]<\/p>\n<p>December 2, 2013<\/p>\n<\/div>\n\n\t\t\t  <div \n\t\t\t  \tclass = \"fb-comments\" \n\t\t\t  \tdata-href = \"http:\/\/www.eloriente.net\/home\/2013\/12\/06\/la-comision-ejecutiva-a-cargo-de-la-facultad-de-enfermeria-de-la-uabjo-trabaja-de-cara-al-fin-de-semestre\/\"\n\t\t\t  \tdata-numposts = \"10\"\n\t\t\t\tdata-colorscheme = \"dark\"\n\t\t\t\tdata-order-by = \"social\"\n\t\t\t\tdata-mobile=true>\n\t\t\t  <\/div>\n\t\t  <style>\n\t\t\t.fb_iframe_widget_fluid_desktop iframe {\n\t\t\t    width: 100% !important;\n\t\t\t}\n\t\t  <\/style>\n\t\t  ","protected":false},"excerpt":{"rendered":"<p>eloriente.net\/UABJO 6 de diciembre de 2013 Normalizan actividades acad\u00e9micas y administrativas. La Comisi\u00f3n Ejecutiva\u2013Directiva a cargo de la Facultad de Enfermer\u00eda de la Universidad Aut\u00f3noma \u201cBenito Ju\u00e1rez\u201d de Oaxaca, refrend\u00f3 ayer su compromiso de trabajar por la normalizaci\u00f3n de las actividades acad\u00e9micas y administrativas de esa Instituci\u00f3n educativa. En entrevista, la Maestra Mar\u00eda del Refugio [&hellip;]<\/p>\n","protected":false},"author":26,"featured_media":18148,"comment_status":"open","ping_status":"open","sticky":false,"template":"","format":"standard","meta":{"_jetpack_memberships_contains_paid_content":false,"footnotes":""},"categories":[18,32,10,84],"tags":[],"class_list":["post-18147","post","type-post","status-publish","format-standard","has-post-thumbnail","hentry","category-educacion-y-cultura","category-entradas","category-lo-mas-reciente","category-universidades"],"jetpack_featured_media_url":"http:\/\/www.eloriente.net\/home\/wp-content\/uploads\/2013\/12\/enfermeras.jpg","jetpack_sharing_enabled":true,"_links":{"self":[{"href":"http:\/\/www.eloriente.net\/home\/wp-json\/wp\/v2\/posts\/18147"}],"collection":[{"href":"http:\/\/www.eloriente.net\/home\/wp-json\/wp\/v2\/posts"}],"about":[{"href":"http:\/\/www.eloriente.net\/home\/wp-json\/wp\/v2\/types\/post"}],"author":[{"embeddable":true,"href":"http:\/\/www.eloriente.net\/home\/wp-json\/wp\/v2\/users\/26"}],"replies":[{"embeddable":true,"href":"http:\/\/www.eloriente.net\/home\/wp-json\/wp\/v2\/comments?post=18147"}],"version-history":[{"count":4,"href":"http:\/\/www.eloriente.net\/home\/wp-json\/wp\/v2\/posts\/18147\/revisions"}],"predecessor-version":[{"id":18154,"href":"http:\/\/www.eloriente.net\/home\/wp-json\/wp\/v2\/posts\/18147\/revisions\/18154"}],"wp:featuredmedia":[{"embeddable":true,"href":"http:\/\/www.eloriente.net\/home\/wp-json\/wp\/v2\/media\/18148"}],"wp:attachment":[{"href":"http:\/\/www.eloriente.net\/home\/wp-json\/wp\/v2\/media?parent=18147"}],"wp:term":[{"taxonomy":"category","embeddable":true,"href":"http:\/\/www.eloriente.net\/home\/wp-json\/wp\/v2\/categories?post=18147"},{"taxonomy":"post_tag","embeddable":true,"href":"http:\/\/www.eloriente.net\/home\/wp-json\/wp\/v2\/tags?post=18147"}],"curies":[{"name":"wp","href":"https:\/\/api.w.org\/{rel}","templated":true}]}}