{"id":18204,"date":"2013-12-07T09:30:15","date_gmt":"2013-12-07T15:30:15","guid":{"rendered":"http:\/\/www.eloriente.net\/home\/?p=18204"},"modified":"2013-12-06T17:47:32","modified_gmt":"2013-12-06T23:47:32","slug":"concluyen-servidores-publicos-del-poder-judicial-estudios-de-especializacion","status":"publish","type":"post","link":"http:\/\/www.eloriente.net\/home\/2013\/12\/07\/concluyen-servidores-publicos-del-poder-judicial-estudios-de-especializacion\/","title":{"rendered":"Concluyen servidores p\u00fablicos del Poder Judicial Estudios de Especializaci\u00f3n"},"content":{"rendered":"<p>eloriente.net\/TSJ<\/p>\n<p>7 de diciembre de 2013<\/p>\n<p><strong>El magistrado presidente, Alfredo Lagunas Rivera presidi\u00f3 este viernes la ceremonia de entrega de reconocimientos a los egresados de la d\u00e9cima quinta generaci\u00f3n.<\/strong><\/p>\n<p>Al clausurar el ciclo acad\u00e9mico de la d\u00e9cima quinta generaci\u00f3n de Estudios de Especializaci\u00f3n, el titular del Poder Judicial, magistrado Alfredo Lagunas Rivera, afirm\u00f3 que \u201cla profesionalizaci\u00f3n de los servidores p\u00fablicos es un tema transversal y una condici\u00f3n insoslayable para consolidar una justicia con valor, con cimientos \u00e9ticos y con perfiles democr\u00e1ticos que promuevan una instituci\u00f3n abierta, transparente, incluyente y vinculada con lo social\u201d.<\/p>\n<p>En un acto donde estuvieron presentes los magistrados presidentes de salas del Honorable Tribunal Superior de Justicia y de los tribunales especializados, consejeros de la judicatura, catedr\u00e1ticos y funcionarios judiciales, servidores p\u00fablicos de la Escuela Judicial y familiares de alumnos egresados, recalc\u00f3 que no hay mejor inversi\u00f3n que aquella que redit\u00fae en la sustentabilidad de la justicia.<\/p>\n<p>En este sentido, Alfredo Lagunas reiter\u00f3 el objetivo trazado en la Nueva Ley Org\u00e1nica del Poder Judicial que consiste en fomentar el valor de la profesionalizaci\u00f3n, pues es un requisito ineludible para la aspiraci\u00f3n al cargo de juzgador, \u00a0y cambiar \u201cla justicia de ocasi\u00f3n por la de preparaci\u00f3n y m\u00e9rito\u201d.<\/p>\n<p>Para cerrar con broche de oro el proceso de capacitaci\u00f3n de los 63 servidores judiciales que concluyeron satisfactoriamente el programa de estudios, el titular del Poder Judicial reiter\u00f3 el respaldo de la instituci\u00f3n para encaminar a la Judicatura local hacia est\u00e1ndares de profesionalizaci\u00f3n reconocidos por la sociedad y agradeci\u00f3 la dedicada y comprometida labor de magistrados, jueces y acad\u00e9micos que invirtieron tiempo en la formaci\u00f3n de los alumnos.<\/p>\n<p>Por su parte, el estudiante Alberto M\u00e9ndez D\u00edaz agradeci\u00f3 a la instituci\u00f3n la oportunidad de formarse e incrementar sus conocimientos en temas que constantemente se ponen en pr\u00e1ctica. \u201cEl poseer este conocimiento, afinado por el estudio y la dedicaci\u00f3n constante nos privilegia, pero tambi\u00e9n nos responsabiliza en un grado superior, pues en nosotros se conf\u00eda y nuestra cuota de participaci\u00f3n aumenta en el noble quehacer de este Poder Judicial\u201d, puntualiz\u00f3.<\/p>\n<p>Posteriormente, los alumnos que culminaron sus estudios entregaron un reconocimiento al magistrado presidente Alfredo Lagunas Rivera, por su compromiso indeclinable para propiciar la superaci\u00f3n de los funcionarios y el mejoramiento del servicio a los oaxaque\u00f1os, a trav\u00e9s de \u00a0la actualizaci\u00f3n de sus conocimientos.<\/p>\n<p>El curso, que tuvo una duraci\u00f3n de un a\u00f1o y se llev\u00f3 a cabo bajo la coordinaci\u00f3n de la Escuela Judicial del Consejo de la Judicatura, permiti\u00f3 a los estudiantes de las diferentes \u00e1reas del Poder Judicial, profesionalizarse en los temas de: Sistema Acusatorio Adversarial, Derecho Penal Sustantivo, Derecho Familiar y Derecho Civil Mercantil.<\/p>\n<p>&nbsp;<\/p>\n<p><a href=\"http:\/\/www.eloriente.net\/home\/wp-content\/uploads\/2013\/12\/TSJ.jpg\"><img loading=\"lazy\" decoding=\"async\" class=\"alignnone size-medium wp-image-18205\" title=\"TSJ\" src=\"http:\/\/www.eloriente.net\/home\/wp-content\/uploads\/2013\/12\/TSJ-300x200.jpg\" alt=\"\" width=\"300\" height=\"200\" srcset=\"http:\/\/www.eloriente.net\/home\/wp-content\/uploads\/2013\/12\/TSJ-300x200.jpg 300w, http:\/\/www.eloriente.net\/home\/wp-content\/uploads\/2013\/12\/TSJ.jpg 1024w\" sizes=\"(max-width: 300px) 100vw, 300px\" \/><\/a><\/p>\n<p>Foto: TSJ<\/p>\n<p>&nbsp;<\/p>\n<p><strong>Entradas relacionadas:\u00a0<\/strong><\/p>\n<p><a title=\"Permalink to El juicio oral y p\u00fablico, momento culminante del proceso penal\" href=\"http:\/\/www.eloriente.net\/home\/2013\/12\/04\/el-juicio-oral-y-publico-momento-culminante-del-proceso-penal\/\" rel=\"bookmark\">El juicio oral y p\u00fablico, momento culminante del proceso penal<\/a><\/p>\n<p><a href=\"http:\/\/www.eloriente.net\/home\/2013\/12\/04\/el-juicio-oral-y-publico-momento-culminante-del-proceso-penal\/\" rel=\"bookmark\"><img decoding=\"async\" title=\"El juicio oral y p\u00fablico, momento culminante del proceso penal\" src=\"http:\/\/www.eloriente.net\/home\/wp-content\/themes\/city-desk\/timthumb.php?src=http%3A%2F%2Fwww.eloriente.net%2Fhome%2Fwp-content%2Fuploads%2F2013%2F12%2Fsala-juicio-oral-01.jpg&amp;q=90&amp;w=160&amp;h=106&amp;zc=1\" alt=\"El juicio oral y p\u00fablico, momento culminante del proceso penal\" \/><\/a><\/p>\n<p>eloriente.net\/NSJP 4 de diciembre de 2013 El juez, las partes involucradas y el p\u00fablico que asiste a la audiencia de debate se enteran, al mismo tiempo, de las teor\u00edas del caso de la v\u00edctima y el imputado. En el Nuevo Sistema de Justicia Penal, la etapa de juicio oral constituye la parte central y decisiva [&#8230;]<\/p>\n<p>December 4, 2013<\/p>\n<div id=\"post-17989\">\n<p><a title=\"Permalink to Toma protesta C\u00e9sar Cervantes Hern\u00e1ndez como nuevo Consejero Juez de la Judicatura\" href=\"http:\/\/www.eloriente.net\/home\/2013\/12\/03\/toma-protesta-cesar-cervantes-hernandez-como-nuevo-consejero-juez-de-la-judicatura\/\" rel=\"bookmark\">Toma protesta C\u00e9sar Cervantes Hern\u00e1ndez como nuevo Consejero Juez de la Judicatura<\/a><\/p>\n<p><a href=\"http:\/\/www.eloriente.net\/home\/2013\/12\/03\/toma-protesta-cesar-cervantes-hernandez-como-nuevo-consejero-juez-de-la-judicatura\/\" rel=\"bookmark\"><img decoding=\"async\" title=\"Toma protesta C\u00e9sar Cervantes Hern\u00e1ndez como nuevo Consejero Juez de la Judicatura\" src=\"http:\/\/www.eloriente.net\/home\/wp-content\/themes\/city-desk\/timthumb.php?src=http%3A%2F%2Fwww.eloriente.net%2Fhome%2Fwp-content%2Fuploads%2F2013%2F12%2FConsejo-de-la-Judicatura-con-el-reci%C3%A9n-nombrado-Consejero-Juez-03.jpg&amp;q=90&amp;w=160&amp;h=106&amp;zc=1\" alt=\"Toma protesta C\u00e9sar Cervantes Hern\u00e1ndez como nuevo Consejero Juez de la Judicatura\" \/><\/a><\/p>\n<p>eloriente.net\/TSJ 3 de diciembre de 2013 Este lunes, en sesi\u00f3n solemne de Pleno, el presidente del\u00a0 Consejo de la Judicatura, magistrado Alfredo Lagunas Rivera, tom\u00f3 protesta a C\u00e9sar Mart\u00edn Cervantes Hern\u00e1ndez, como Consejero Juez de ese organismo, en sustituci\u00f3n de Violeta Margarita Sarmiento Sangin\u00e9s, quien de acuerdo a lo establecido en la Ley Org\u00e1nica del [&#8230;]<\/p>\n<p>December 3, 2013<\/p>\n<\/div>\n<div id=\"post-17805\">\n<p><a title=\"Permalink to CIDAC presenta hallazgos de la implementaci\u00f3n del nuevo Sistema de Justicia Penal en M\u00e9xico\" href=\"http:\/\/www.eloriente.net\/home\/2013\/11\/29\/cidac-presenta-hallazgos-de-la-implementacion-del-nuevo-sistema-de-justicia-penal-en-mexico\/\" rel=\"bookmark\">CIDAC presenta hallazgos de la implementaci\u00f3n del nuevo Sistema de Justicia Penal en M\u00e9xico<\/a><\/p>\n<p><a href=\"http:\/\/www.eloriente.net\/home\/2013\/11\/29\/cidac-presenta-hallazgos-de-la-implementacion-del-nuevo-sistema-de-justicia-penal-en-mexico\/\" rel=\"bookmark\"><img decoding=\"async\" title=\"CIDAC presenta hallazgos de la implementaci\u00f3n del nuevo Sistema de Justicia Penal en M\u00e9xico\" src=\"http:\/\/www.eloriente.net\/home\/wp-content\/themes\/city-desk\/timthumb.php?src=http%3A%2F%2Fwww.eloriente.net%2Fhome%2Fwp-content%2Fuploads%2F2013%2F11%2FSJP-web.jpg&amp;q=90&amp;w=160&amp;h=106&amp;zc=1\" alt=\"CIDAC presenta hallazgos de la implementaci\u00f3n del nuevo Sistema de Justicia Penal en M\u00e9xico\" \/><\/a><\/p>\n<p>eloriente.net 28 de noviembre de 2013 El Centro de Investigaci\u00f3n para el Desarrollo (CIDAC) present\u00f3 esta ma\u00f1ana el documento \u201cReporte de hallazgos sobre los avances de la implementacio\u0301n de la reforma penal en Me\u0301xico\u201d con la intencio\u0301n de dar a conocer la informacio\u0301n en relacio\u0301n con el proceso de implementacio\u0301n y operacio\u0301n de la reforma [&#8230;]<\/p>\n<p>November 29, 2013<\/p>\n<\/div>\n<p>&nbsp;<\/p>\n\n\t\t\t  <div \n\t\t\t  \tclass = \"fb-comments\" \n\t\t\t  \tdata-href = \"http:\/\/www.eloriente.net\/home\/2013\/12\/07\/concluyen-servidores-publicos-del-poder-judicial-estudios-de-especializacion\/\"\n\t\t\t  \tdata-numposts = \"10\"\n\t\t\t\tdata-colorscheme = \"dark\"\n\t\t\t\tdata-order-by = \"social\"\n\t\t\t\tdata-mobile=true>\n\t\t\t  <\/div>\n\t\t  <style>\n\t\t\t.fb_iframe_widget_fluid_desktop iframe {\n\t\t\t    width: 100% !important;\n\t\t\t}\n\t\t  <\/style>\n\t\t  ","protected":false},"excerpt":{"rendered":"<p>eloriente.net\/TSJ 7 de diciembre de 2013 El magistrado presidente, Alfredo Lagunas Rivera presidi\u00f3 este viernes la ceremonia de entrega de reconocimientos a los egresados de la d\u00e9cima quinta generaci\u00f3n. Al clausurar el ciclo acad\u00e9mico de la d\u00e9cima quinta generaci\u00f3n de Estudios de Especializaci\u00f3n, el titular del Poder Judicial, magistrado Alfredo Lagunas Rivera, afirm\u00f3 que \u201cla [&hellip;]<\/p>\n","protected":false},"author":26,"featured_media":18205,"comment_status":"open","ping_status":"open","sticky":false,"template":"","format":"standard","meta":{"_jetpack_memberships_contains_paid_content":false,"footnotes":""},"categories":[32,10,21],"tags":[],"class_list":["post-18204","post","type-post","status-publish","format-standard","has-post-thumbnail","hentry","category-entradas","category-lo-mas-reciente","category-politica-y-gobierno"],"jetpack_featured_media_url":"http:\/\/www.eloriente.net\/home\/wp-content\/uploads\/2013\/12\/TSJ.jpg","jetpack_sharing_enabled":true,"_links":{"self":[{"href":"http:\/\/www.eloriente.net\/home\/wp-json\/wp\/v2\/posts\/18204"}],"collection":[{"href":"http:\/\/www.eloriente.net\/home\/wp-json\/wp\/v2\/posts"}],"about":[{"href":"http:\/\/www.eloriente.net\/home\/wp-json\/wp\/v2\/types\/post"}],"author":[{"embeddable":true,"href":"http:\/\/www.eloriente.net\/home\/wp-json\/wp\/v2\/users\/26"}],"replies":[{"embeddable":true,"href":"http:\/\/www.eloriente.net\/home\/wp-json\/wp\/v2\/comments?post=18204"}],"version-history":[{"count":4,"href":"http:\/\/www.eloriente.net\/home\/wp-json\/wp\/v2\/posts\/18204\/revisions"}],"predecessor-version":[{"id":18209,"href":"http:\/\/www.eloriente.net\/home\/wp-json\/wp\/v2\/posts\/18204\/revisions\/18209"}],"wp:featuredmedia":[{"embeddable":true,"href":"http:\/\/www.eloriente.net\/home\/wp-json\/wp\/v2\/media\/18205"}],"wp:attachment":[{"href":"http:\/\/www.eloriente.net\/home\/wp-json\/wp\/v2\/media?parent=18204"}],"wp:term":[{"taxonomy":"category","embeddable":true,"href":"http:\/\/www.eloriente.net\/home\/wp-json\/wp\/v2\/categories?post=18204"},{"taxonomy":"post_tag","embeddable":true,"href":"http:\/\/www.eloriente.net\/home\/wp-json\/wp\/v2\/tags?post=18204"}],"curies":[{"name":"wp","href":"https:\/\/api.w.org\/{rel}","templated":true}]}}