{"id":18227,"date":"2013-12-08T12:02:47","date_gmt":"2013-12-08T18:02:47","guid":{"rendered":"http:\/\/www.eloriente.net\/home\/?p=18227"},"modified":"2014-01-24T10:59:17","modified_gmt":"2014-01-24T16:59:17","slug":"en-vivo-desde-senadomexicano-debate-sobre-reforma-energetica-en-comisiones","status":"publish","type":"post","link":"http:\/\/www.eloriente.net\/home\/2013\/12\/08\/en-vivo-desde-senadomexicano-debate-sobre-reforma-energetica-en-comisiones\/","title":{"rendered":"En Vivo desde @senadomexicano: Debate sobre Reforma Energ\u00e9tica en Comisiones"},"content":{"rendered":"<p>eloriente.net<\/p>\n<p>8 de diciembre de 2013<br \/>\n<object width=\"600\" height=\"400\" classid=\"clsid:d27cdb6e-ae6d-11cf-96b8-444553540000\" codebase=\"http:\/\/download.macromedia.com\/pub\/shockwave\/cabs\/flash\/swflash.cab#version=6,0,40,0\"><param name=\"src\" value=\"http:\/\/xsn-clientes.cloudapp.net\/plantillas\/playerCongreso\/player.swf\" \/><param name=\"allowscriptaccess\" value=\"always\" \/><param name=\"allowfullscreen\" value=\"true\" \/><param name=\"flashvars\" value=\"&amp;autostart=true&amp;bandwidth=228&amp;file=broadcast%2FCongreso.mp4&amp;plugins=viral-2d&amp;streamer=rtmp%3A%2F%2Fxsn-helix.cloudapp.net%2Frtmplive\" \/><\/object><\/p>\n<p>Agradecemos a <a href=\"http:\/\/aristeguinoticias.com\/0312\/multimedia\/en-vivo-comisiones-del-senado-discuten-pre-dictamen-de-reforma-energetica-2\/\" target=\"_blank\">Aristegui<\/a>\u00a0Noticias, la posibilidad de compartir la se\u00f1al en directo.<\/p>\n<p>&nbsp;<\/p>\n<p><a href=\"http:\/\/www.eloriente.net\/home\/wp-content\/uploads\/2013\/12\/Captura-de-pantalla-2013-12-08-a-las-11.58.15.png\"><img loading=\"lazy\" decoding=\"async\" class=\"alignnone size-medium wp-image-18228\" title=\"Captura de pantalla 2013-12-08 a la(s) 11.58.15\" src=\"http:\/\/www.eloriente.net\/home\/wp-content\/uploads\/2013\/12\/Captura-de-pantalla-2013-12-08-a-las-11.58.15-300x205.png\" alt=\"\" width=\"300\" height=\"205\" srcset=\"http:\/\/www.eloriente.net\/home\/wp-content\/uploads\/2013\/12\/Captura-de-pantalla-2013-12-08-a-las-11.58.15-300x205.png 300w, http:\/\/www.eloriente.net\/home\/wp-content\/uploads\/2013\/12\/Captura-de-pantalla-2013-12-08-a-las-11.58.15.png 523w\" sizes=\"(max-width: 300px) 100vw, 300px\" \/><\/a><\/p>\n<p><a title=\"Permalink to 08\/Dic\/13 9:30 En Vivo: Conferencia de Prensa @SenadoresPRD; fijan postura Reforma Energ\u00e9tica\" href=\"http:\/\/www.eloriente.net\/home\/2013\/12\/08\/08dic13-930-en-vivo-conferencia-de-prensa-senadoresprd-fijan-postura-reforma-energetica\/\" rel=\"bookmark\">08\/Dic\/13 9:30 En Vivo: Conferencia de Prensa @SenadoresPRD; fijan postura Reforma Energ\u00e9tica<\/a><\/p>\n<p><a href=\"http:\/\/www.eloriente.net\/home\/2013\/12\/08\/08dic13-930-en-vivo-conferencia-de-prensa-senadoresprd-fijan-postura-reforma-energetica\/\" rel=\"bookmark\"><img decoding=\"async\" title=\"08\/Dic\/13 9:30 En Vivo: Conferencia de Prensa @SenadoresPRD; fijan postura Reforma Energ\u00e9tica\" src=\"http:\/\/www.eloriente.net\/home\/wp-content\/themes\/city-desk\/timthumb.php?src=http%3A%2F%2Fwww.eloriente.net%2Fhome%2Fwp-content%2Fuploads%2F2013%2F12%2FSenadores-PRD.png&amp;q=90&amp;w=160&amp;h=106&amp;zc=1\" alt=\"08\/Dic\/13 9:30 En Vivo: Conferencia de Prensa @SenadoresPRD; fijan postura Reforma Energ\u00e9tica\" \/><\/a><\/p>\n<p>eloriente.net 8 de diciembre de 2013 Senadores de la fracci\u00f3n parlamentaria del Partido de la Revoluci\u00f3n Democr\u00e1tica fijan postura poco antes del inicio del debate en comisiones del Senado de la Reforma Energ\u00e9tica: \u00a0 Relacionadas: \u00bfD\u00f3nde estuvimos cuando todo pas\u00f3? eloriente.net 6 de diciembre de 2013 Por: Juan Pablo Vasconcelos \u00bfD\u00f3nde estuvimos cuando todo pas\u00f3? [&#8230;]<\/p>\n<p>December 8, 2013<\/p>\n<div id=\"post-18132\">\n<p><a title=\"Permalink to \u00bfD\u00f3nde estuvimos cuando todo pas\u00f3?\" href=\"http:\/\/www.eloriente.net\/home\/2013\/12\/06\/donde-estuvimos-cuando-todo-paso\/\" rel=\"bookmark\">\u00bfD\u00f3nde estuvimos cuando todo pas\u00f3?<\/a><\/p>\n<p><a href=\"http:\/\/www.eloriente.net\/home\/2013\/12\/06\/donde-estuvimos-cuando-todo-paso\/\" rel=\"bookmark\"><img decoding=\"async\" title=\"\u00bfD\u00f3nde estuvimos cuando todo pas\u00f3?\" src=\"http:\/\/www.eloriente.net\/home\/wp-content\/themes\/city-desk\/timthumb.php?src=http%3A%2F%2Fwww.eloriente.net%2Fhome%2Fwp-content%2Fuploads%2F2013%2F12%2FRevolucion.jpg&amp;q=90&amp;w=160&amp;h=106&amp;zc=1\" alt=\"\u00bfD\u00f3nde estuvimos cuando todo pas\u00f3?\" \/><\/a>eloriente.net 6 de diciembre de 2013 Por: Juan Pablo Vasconcelos \u00bfD\u00f3nde estuvimos cuando todo pas\u00f3? El instante lleva a drama o a comedia. De pronto, nos percatamos que se han tomado decisiones importantes mientras estuvimos distra\u00eddos, ensimismados en el d\u00eda a d\u00eda que es, a final de cuentas, todo lo que somos capaces de considerar [&#8230;]<\/p>\n<p>December 6, 2013<\/p>\n<\/div>\n<div id=\"post-18111\">\n<p><a title=\"Permalink to Video: Diez mitos inciertos sobre la Reforma Energ\u00e9tica por Gerardo Esquivel\" href=\"http:\/\/www.eloriente.net\/home\/2013\/12\/05\/video-diez-mitos-inciertos-sobre-la-reforma-energetica-por-gerardo-esquivel\/\" rel=\"bookmark\">Video: Diez mitos inciertos sobre la Reforma Energ\u00e9tica por Gerardo Esquivel<\/a><\/p>\n<p><a href=\"http:\/\/www.eloriente.net\/home\/2013\/12\/05\/video-diez-mitos-inciertos-sobre-la-reforma-energetica-por-gerardo-esquivel\/\" rel=\"bookmark\"><img decoding=\"async\" title=\"Video: Diez mitos inciertos sobre la Reforma Energ\u00e9tica por Gerardo Esquivel\" src=\"http:\/\/www.eloriente.net\/home\/wp-content\/themes\/city-desk\/timthumb.php?src=http%3A%2F%2Fwww.eloriente.net%2Fhome%2Fwp-content%2Fuploads%2F2013%2F12%2Fpemex.jpg&amp;q=90&amp;w=160&amp;h=106&amp;zc=1\" alt=\"Video: Diez mitos inciertos sobre la Reforma Energ\u00e9tica por Gerardo Esquivel\" \/><\/a>eloriente.net 5 de diciembre de 2013 En septiembre pasado, El Colegio de M\u00e9xico realiz\u00f3 un seminario de pol\u00edtica mexicana titulado como \u201cC\u00e1rdenas sobre C\u00e1rdenas: La disputa por el Petr\u00f3leo\u201d, con el objetivo de contribuir en forma constructiva a la discusi\u00f3n sobre el futuro de la industria energ\u00e9tica nacional. Durante este evento, particip\u00f3 el Doctor en [&#8230;]<\/p>\n<p>December 5, 2013<\/p>\n<\/div>\n\n\t\t\t  <div \n\t\t\t  \tclass = \"fb-comments\" \n\t\t\t  \tdata-href = \"http:\/\/www.eloriente.net\/home\/2013\/12\/08\/en-vivo-desde-senadomexicano-debate-sobre-reforma-energetica-en-comisiones\/\"\n\t\t\t  \tdata-numposts = \"10\"\n\t\t\t\tdata-colorscheme = \"dark\"\n\t\t\t\tdata-order-by = \"social\"\n\t\t\t\tdata-mobile=true>\n\t\t\t  <\/div>\n\t\t  <style>\n\t\t\t.fb_iframe_widget_fluid_desktop iframe {\n\t\t\t    width: 100% !important;\n\t\t\t}\n\t\t  <\/style>\n\t\t  ","protected":false},"excerpt":{"rendered":"<p>eloriente.net 8 de diciembre de 2013 Agradecemos a Aristegui\u00a0Noticias, la posibilidad de compartir la se\u00f1al en directo. &nbsp; 08\/Dic\/13 9:30 En Vivo: Conferencia de Prensa @SenadoresPRD; fijan postura Reforma Energ\u00e9tica eloriente.net 8 de diciembre de 2013 Senadores de la fracci\u00f3n parlamentaria del Partido de la Revoluci\u00f3n Democr\u00e1tica fijan postura poco antes del inicio del debate [&hellip;]<\/p>\n","protected":false},"author":1,"featured_media":18228,"comment_status":"open","ping_status":"open","sticky":false,"template":"","format":"standard","meta":{"_jetpack_memberships_contains_paid_content":false,"footnotes":""},"categories":[4,91,32,10,24,21],"tags":[],"class_list":["post-18227","post","type-post","status-publish","format-standard","has-post-thumbnail","hentry","category-canal-2-en-vivo","category-congreso-y-justicia","category-entradas","category-lo-mas-reciente","category-mexico-y-el-mundo","category-politica-y-gobierno"],"jetpack_featured_media_url":"http:\/\/www.eloriente.net\/home\/wp-content\/uploads\/2013\/12\/Captura-de-pantalla-2013-12-08-a-las-11.58.15.png","jetpack_sharing_enabled":true,"_links":{"self":[{"href":"http:\/\/www.eloriente.net\/home\/wp-json\/wp\/v2\/posts\/18227"}],"collection":[{"href":"http:\/\/www.eloriente.net\/home\/wp-json\/wp\/v2\/posts"}],"about":[{"href":"http:\/\/www.eloriente.net\/home\/wp-json\/wp\/v2\/types\/post"}],"author":[{"embeddable":true,"href":"http:\/\/www.eloriente.net\/home\/wp-json\/wp\/v2\/users\/1"}],"replies":[{"embeddable":true,"href":"http:\/\/www.eloriente.net\/home\/wp-json\/wp\/v2\/comments?post=18227"}],"version-history":[{"count":2,"href":"http:\/\/www.eloriente.net\/home\/wp-json\/wp\/v2\/posts\/18227\/revisions"}],"predecessor-version":[{"id":20071,"href":"http:\/\/www.eloriente.net\/home\/wp-json\/wp\/v2\/posts\/18227\/revisions\/20071"}],"wp:featuredmedia":[{"embeddable":true,"href":"http:\/\/www.eloriente.net\/home\/wp-json\/wp\/v2\/media\/18228"}],"wp:attachment":[{"href":"http:\/\/www.eloriente.net\/home\/wp-json\/wp\/v2\/media?parent=18227"}],"wp:term":[{"taxonomy":"category","embeddable":true,"href":"http:\/\/www.eloriente.net\/home\/wp-json\/wp\/v2\/categories?post=18227"},{"taxonomy":"post_tag","embeddable":true,"href":"http:\/\/www.eloriente.net\/home\/wp-json\/wp\/v2\/tags?post=18227"}],"curies":[{"name":"wp","href":"https:\/\/api.w.org\/{rel}","templated":true}]}}