{"id":18315,"date":"2013-12-10T16:37:01","date_gmt":"2013-12-10T22:37:01","guid":{"rendered":"http:\/\/www.eloriente.net\/home\/?p=18315"},"modified":"2013-12-10T16:37:01","modified_gmt":"2013-12-10T22:37:01","slug":"reconocen-a-docentes-por-su-antiguedad-en-la-labor-academica","status":"publish","type":"post","link":"http:\/\/www.eloriente.net\/home\/2013\/12\/10\/reconocen-a-docentes-por-su-antiguedad-en-la-labor-academica\/","title":{"rendered":"Reconocen a docentes por su antig\u00fcedad en la labor acad\u00e9mica"},"content":{"rendered":"<p>eloriente.net\/UABJO<\/p>\n<p>10 de diciembre de 2013<\/p>\n<p>Como ya es tradici\u00f3n, la Universidad Aut\u00f3noma \u201cBenito Ju\u00e1rez\u201d de Oaxaca (UABJO) hizo un reconocimiento a los docentes que han dedicado hasta 40 a\u00f1os de su vida a la ense\u00f1anza en las aulas de la M\u00e1xima Casa de estudios.<\/p>\n<p>El evento, encabezado por el Rector Eduardo Mart\u00ednez Helmes, se realiz\u00f3 en el auditorio de la Facultad de Derecho y Ciencias Sociales, y cont\u00f3 tambi\u00e9n con la presencia de Silviano Cabrera G\u00f3mez, Secretario de Administraci\u00f3n; Reynel V\u00e1squez Z\u00e1rate, Director de la Facultad de Derecho y Sa\u00fal Zenteno Ju\u00e1rez, Secretario de Finanzas universitario.<\/p>\n<p>Un total de 132 maestros y maestras recibieron una medalla conmemorativa, un diploma y un est\u00edmulo econ\u00f3mico por sus veinte, veinticinco, treinta, treinta y cinco y cuarenta a\u00f1os en que con su esfuerzo cotidiano han contribuido al fortalecimiento de la M\u00e1xima casa de Estudios en el Estado, formando a universitarios profesionales, comprometidos con su entorno.<\/p>\n<p>Entre los profesores galardonados, 29 fueron reconocidos por cumplir 20 a\u00f1os de servicio; 35 m\u00e1s por cubrir 25 a\u00f1os frente al aula, mientras que en la categor\u00eda de 30 a\u00f1os, se otorg\u00f3 el reconocimiento a 44 maestros; 20 m\u00e1s cumplieron 35 a\u00f1os de labor docente y s\u00f3lo 4 recibieron la distinci\u00f3n por 40 a\u00f1os de trabajo.<\/p>\n<p>En su intervenci\u00f3n, Mart\u00ednez Helmes felicit\u00f3 a los galardonados y destac\u00f3 la importancia de su labor en la formaci\u00f3n de los futuros profesionistas; asimismo, reconoci\u00f3 la trascendencia que tiene la labor docente en el desarrollo humano de los estudiantes, quienes adquieren en las aulas, adem\u00e1s de conocimientos, los valores y actitudes que orientar\u00e1n el resto de su vida.<\/p>\n<p>Finalmente, el Rector invit\u00f3 a los profesores a continuar prepar\u00e1ndose, para as\u00ed mantener el nivel de excelencia educativa con que se ha comprometido la universidad, en beneficio de la comunidad universitaria y la sociedad en su conjunto.<\/p>\n<p>&nbsp;<\/p>\n<p><a href=\"http:\/\/www.eloriente.net\/home\/wp-content\/uploads\/2013\/12\/10-1.jpg\"><img loading=\"lazy\" decoding=\"async\" class=\"alignnone size-medium wp-image-18316\" title=\"10 (1)\" src=\"http:\/\/www.eloriente.net\/home\/wp-content\/uploads\/2013\/12\/10-1-300x125.jpg\" alt=\"\" width=\"300\" height=\"125\" srcset=\"http:\/\/www.eloriente.net\/home\/wp-content\/uploads\/2013\/12\/10-1-300x125.jpg 300w, http:\/\/www.eloriente.net\/home\/wp-content\/uploads\/2013\/12\/10-1-1024x426.jpg 1024w\" sizes=\"(max-width: 300px) 100vw, 300px\" \/><\/a><\/p>\n<p>Foto: UABJO<\/p>\n<p>&nbsp;<\/p>\n<p><strong>Entradas relacionadas:<\/strong><\/p>\n<p><a title=\"Permalink to Se presenta la Ley de Educaci\u00f3n Superior del Estado de Oaxaca en el pleno de Rectores\" href=\"http:\/\/www.eloriente.net\/home\/2013\/12\/09\/la-uabjo-participa-en-la-segunda-reunion-del-pleno-de-rectores\/\" rel=\"bookmark\">Se presenta la Ley de Educaci\u00f3n Superior del Estado de Oaxaca en el pleno de Rectores<\/a><\/p>\n<p><a href=\"http:\/\/www.eloriente.net\/home\/2013\/12\/09\/la-uabjo-participa-en-la-segunda-reunion-del-pleno-de-rectores\/\" rel=\"bookmark\"><img decoding=\"async\" title=\"Se presenta la Ley de Educaci\u00f3n Superior del Estado de Oaxaca en el pleno de Rectores\" src=\"http:\/\/www.eloriente.net\/home\/wp-content\/themes\/city-desk\/timthumb.php?src=http%3A%2F%2Fwww.eloriente.net%2Fhome%2Fwp-content%2Fuploads%2F2013%2F12%2F7.jpg&amp;q=90&amp;w=160&amp;h=106&amp;zc=1\" alt=\"Se presenta la Ley de Educaci\u00f3n Superior del Estado de Oaxaca en el pleno de Rectores\" \/><\/a><\/p>\n<p>eloriente.net\/UABJO 9 de diciembre de 2013 Presentan proyecto de creaci\u00f3n de la Ley de Educaci\u00f3n Superior del Estado de Oaxaca\u00a0 En la segunda reuni\u00f3n ordinaria 2013 del pleno de rectores y directores, celebrada en la Universidad Regional del Sureste, se present\u00f3 el proyecto de la Ley de Educaci\u00f3n Superior del Estado de Oaxaca, donde la [&#8230;]<\/p>\n<p>December 9, 2013<\/p>\n<div id=\"post-18147\">\n<p><a title=\"Permalink to Comisi\u00f3n Ejecutiva gestionar\u00e1 actividades acad\u00e9micas en Facultad de Enfermer\u00eda de la UABJO\" href=\"http:\/\/www.eloriente.net\/home\/2013\/12\/06\/la-comision-ejecutiva-a-cargo-de-la-facultad-de-enfermeria-de-la-uabjo-trabaja-de-cara-al-fin-de-semestre\/\" rel=\"bookmark\">Comisi\u00f3n Ejecutiva gestionar\u00e1 actividades acad\u00e9micas en Facultad de Enfermer\u00eda de la UABJO<\/a><\/p>\n<p><a href=\"http:\/\/www.eloriente.net\/home\/2013\/12\/06\/la-comision-ejecutiva-a-cargo-de-la-facultad-de-enfermeria-de-la-uabjo-trabaja-de-cara-al-fin-de-semestre\/\" rel=\"bookmark\"><img decoding=\"async\" title=\"Comisi\u00f3n Ejecutiva gestionar\u00e1 actividades acad\u00e9micas en Facultad de Enfermer\u00eda de la UABJO\" src=\"http:\/\/www.eloriente.net\/home\/wp-content\/themes\/city-desk\/timthumb.php?src=http%3A%2F%2Fwww.eloriente.net%2Fhome%2Fwp-content%2Fuploads%2F2013%2F12%2Fenfermeras.jpg&amp;q=90&amp;w=160&amp;h=106&amp;zc=1\" alt=\"Comisi\u00f3n Ejecutiva gestionar\u00e1 actividades acad\u00e9micas en Facultad de Enfermer\u00eda de la UABJO\" \/><\/a><\/p>\n<p>eloriente.net\/UABJO 6 de diciembre de 2013 Normalizan actividades acad\u00e9micas y administrativas. La Comisi\u00f3n Ejecutiva\u2013Directiva a cargo de la Facultad de Enfermer\u00eda de la Universidad Aut\u00f3noma \u201cBenito Ju\u00e1rez\u201d de Oaxaca, refrend\u00f3 ayer su compromiso de trabajar por la normalizaci\u00f3n de las actividades acad\u00e9micas y administrativas de esa Instituci\u00f3n educativa. En entrevista, la Maestra Mar\u00eda del Refugio [&#8230;]<\/p>\n<p>December 6, 2013<\/p>\n<\/div>\n<div id=\"post-18021\">\n<p><a title=\"Permalink to Escuela de Bellas Artes UABJO celebra el d\u00eda del m\u00fasico\" href=\"http:\/\/www.eloriente.net\/home\/2013\/12\/03\/escuela-de-bellas-artes-uabjo-celebra-el-dia-del-musico\/\" rel=\"bookmark\">Escuela de Bellas Artes UABJO celebra el d\u00eda del m\u00fasico<\/a><\/p>\n<p><a href=\"http:\/\/www.eloriente.net\/home\/2013\/12\/03\/escuela-de-bellas-artes-uabjo-celebra-el-dia-del-musico\/\" rel=\"bookmark\"><img decoding=\"async\" title=\"Escuela de Bellas Artes UABJO celebra el d\u00eda del m\u00fasico\" src=\"http:\/\/www.eloriente.net\/home\/wp-content\/themes\/city-desk\/timthumb.php?src=http%3A%2F%2Fwww.eloriente.net%2Fhome%2Fwp-content%2Fuploads%2F2013%2F12%2F3.jpg&amp;q=90&amp;w=160&amp;h=106&amp;zc=1\" alt=\"Escuela de Bellas Artes UABJO celebra el d\u00eda del m\u00fasico\" \/><\/a><\/p>\n<p>eloriente.net\/UABJO 3 de diciembre de 2013 La Escuela de Bellas Artes de la Universidad Aut\u00f3noma \u201cBenito Ju\u00e1rez\u201d de Oaxaca (UABJO) celebr\u00f3 el d\u00eda del m\u00fasico con un concierto a cargo de los alumnos en sus diferentes disciplinas. Alrededor de 40 alumnos participaron en diferentes grupos como el Ensamble de Alientos, Orquesta de Guitarras, Solistas y [&#8230;]<\/p>\n<p>December 3, 2013<\/p>\n<\/div>\n<p>&nbsp;<\/p>\n\n\t\t\t  <div \n\t\t\t  \tclass = \"fb-comments\" \n\t\t\t  \tdata-href = \"http:\/\/www.eloriente.net\/home\/2013\/12\/10\/reconocen-a-docentes-por-su-antiguedad-en-la-labor-academica\/\"\n\t\t\t  \tdata-numposts = \"10\"\n\t\t\t\tdata-colorscheme = \"dark\"\n\t\t\t\tdata-order-by = \"social\"\n\t\t\t\tdata-mobile=true>\n\t\t\t  <\/div>\n\t\t  <style>\n\t\t\t.fb_iframe_widget_fluid_desktop iframe {\n\t\t\t    width: 100% !important;\n\t\t\t}\n\t\t  <\/style>\n\t\t  ","protected":false},"excerpt":{"rendered":"<p>eloriente.net\/UABJO 10 de diciembre de 2013 Como ya es tradici\u00f3n, la Universidad Aut\u00f3noma \u201cBenito Ju\u00e1rez\u201d de Oaxaca (UABJO) hizo un reconocimiento a los docentes que han dedicado hasta 40 a\u00f1os de su vida a la ense\u00f1anza en las aulas de la M\u00e1xima Casa de estudios. El evento, encabezado por el Rector Eduardo Mart\u00ednez Helmes, se [&hellip;]<\/p>\n","protected":false},"author":26,"featured_media":18316,"comment_status":"open","ping_status":"open","sticky":false,"template":"","format":"standard","meta":{"_jetpack_memberships_contains_paid_content":false,"footnotes":""},"categories":[18,32,10,84],"tags":[],"class_list":["post-18315","post","type-post","status-publish","format-standard","has-post-thumbnail","hentry","category-educacion-y-cultura","category-entradas","category-lo-mas-reciente","category-universidades"],"jetpack_featured_media_url":"http:\/\/www.eloriente.net\/home\/wp-content\/uploads\/2013\/12\/10-1.jpg","jetpack_sharing_enabled":true,"_links":{"self":[{"href":"http:\/\/www.eloriente.net\/home\/wp-json\/wp\/v2\/posts\/18315"}],"collection":[{"href":"http:\/\/www.eloriente.net\/home\/wp-json\/wp\/v2\/posts"}],"about":[{"href":"http:\/\/www.eloriente.net\/home\/wp-json\/wp\/v2\/types\/post"}],"author":[{"embeddable":true,"href":"http:\/\/www.eloriente.net\/home\/wp-json\/wp\/v2\/users\/26"}],"replies":[{"embeddable":true,"href":"http:\/\/www.eloriente.net\/home\/wp-json\/wp\/v2\/comments?post=18315"}],"version-history":[{"count":4,"href":"http:\/\/www.eloriente.net\/home\/wp-json\/wp\/v2\/posts\/18315\/revisions"}],"predecessor-version":[{"id":18320,"href":"http:\/\/www.eloriente.net\/home\/wp-json\/wp\/v2\/posts\/18315\/revisions\/18320"}],"wp:featuredmedia":[{"embeddable":true,"href":"http:\/\/www.eloriente.net\/home\/wp-json\/wp\/v2\/media\/18316"}],"wp:attachment":[{"href":"http:\/\/www.eloriente.net\/home\/wp-json\/wp\/v2\/media?parent=18315"}],"wp:term":[{"taxonomy":"category","embeddable":true,"href":"http:\/\/www.eloriente.net\/home\/wp-json\/wp\/v2\/categories?post=18315"},{"taxonomy":"post_tag","embeddable":true,"href":"http:\/\/www.eloriente.net\/home\/wp-json\/wp\/v2\/tags?post=18315"}],"curies":[{"name":"wp","href":"https:\/\/api.w.org\/{rel}","templated":true}]}}