{"id":18364,"date":"2013-12-11T17:25:29","date_gmt":"2013-12-11T23:25:29","guid":{"rendered":"http:\/\/www.eloriente.net\/home\/?p=18364"},"modified":"2022-01-26T16:41:29","modified_gmt":"2022-01-26T22:41:29","slug":"ana-luz-ramos-soto-recibe-premio-irene-robledo","status":"publish","type":"post","link":"http:\/\/www.eloriente.net\/home\/2013\/12\/11\/ana-luz-ramos-soto-recibe-premio-irene-robledo\/","title":{"rendered":"Ana Luz Ramos Soto recibe premio \u2018Irene Robledo\u2019 de la Universidad de Guadalajara"},"content":{"rendered":"<p><center><script async src=\"https:\/\/pagead2.googlesyndication.com\/pagead\/js\/adsbygoogle.js\"><\/script><br \/>\n<!-- BANNER ELORIENTE INCRUSTADO NOTAS --><br \/>\n<ins class=\"adsbygoogle\" style=\"display: inline-block; width: 300px; height: 250px;\" data-ad-client=\"ca-pub-1136171134853753\" data-ad-slot=\"7974633627\"><\/ins><br \/>\n<script>\n     (adsbygoogle = window.adsbygoogle || []).push({});\n<\/script><center>\u00a0<\/center><\/center>eloriente.net<\/p>\n<p>11 de diciembre de 2013<\/p>\n<p>La Dra. Ana Luz Ramos Soto, coordinadora de la Agencia de Desarrollo Social ADIS UABJO-SEDESOL,\u00a0fue galardonada con la presea \u2018Irene Robledo\u2019 en la categor\u00eda Aportaciones acad\u00e9micas individuales, por el proyecto \u2018La Guelaguetza de acervo bibliogr\u00e1fico para municipios marginados del estado de Oaxaca\u2019, el cual promueve la uni\u00f3n entre diferentes organizaciones para recolectar libros y posteriormente ser distribuidos a municipios de alta marginaci\u00f3n.<\/p>\n<p>Los municipios que han sido beneficiados por este programa fueron escogidos porque poseen un \u00cdndice de Desarrollo Humano bajo, consecuente a su nivel educativo; estas poblaciones reportaron que el 55% de sus habitantes son analfabetas y el promedio de escolaridad no cumple con la educaci\u00f3n b\u00e1sica.<\/p>\n<p>La Dra. Ana Luz Ramos Soto cont\u00f3 con el apoyo del Mtro. Aar\u00f3n Juan Sanch\u00e9z, Dra. Rosa Mar\u00eda Vel\u00e1squez S\u00e1nchez, Dr. Mauro Alberto S\u00e1nchez Hern\u00e1ndez, Abraham Espejo Mart\u00ednez, Mtra. Carmen Elo\u00edsa Cruz Robles y Mtra. Sandra Zavaleta para la implementaci\u00f3n de su proyecto.<\/p>\n<p>El premio \u2018Irene Robledo\u2019 es entregado por la Universidad de Guadalajara y tiene como objetivo reconocer a integrantes de la sociedad mexicana, instituciones, asociaciones civiles, estudiantes, investigadores, administrativos y acad\u00e9micos, que se hayan destacado por su importante participaci\u00f3n en el desempe\u00f1o en distintos proyectos sociales.<\/p>\n<p>En este 2013, se inscribieron en la contienda representantes de 99 universidades de todo el pa\u00eds.<\/p>\n<h2><script async src=\"https:\/\/pagead2.googlesyndication.com\/pagead\/js\/adsbygoogle.js\"><\/script><br \/>\n<ins class=\"adsbygoogle\" style=\"display: block; text-align: center;\" data-ad-layout=\"in-article\" data-ad-format=\"fluid\" data-ad-client=\"ca-pub-1136171134853753\" data-ad-slot=\"4724569608\"><\/ins><br \/>\n<script>\n     (adsbygoogle = window.adsbygoogle || []).push({});\n<\/script>\u00bfQui\u00e9n fue Irene Robledo?<\/h2>\n<p>La presea \u2018Irene Robledo\u2019 recibe ese nombre en homenaje a la Doctora y Maestra Irene Robledo Garc\u00eda, una mujer pionera de la educaci\u00f3n y pieza fundamental en la fundaci\u00f3n e institucionalizaci\u00f3n acad\u00e9mica del servicio social en M\u00e9xico. Este es un reconocimiento importante para la comunidad de la Universidad de Guadalajara, ya que es un s\u00edmbolo que les permite continuar impulsando su labor del servicio social a favor de quien menos oportunidades tienen, en pro de una sociedad m\u00e1s justa, humana y equitativa.<\/p>\n<p>Para conocer la descripci\u00f3n completa del proyecto \u2018Guelaguetza de acervo bibliogr\u00e1fico para municipios marginados del estado de Oaxaca\u2019, da click en la siguiente liga de <a href=\"http:\/\/www.fca-uabjo.com\/blog\/wp-content\/uploads\/2013\/01\/presentaci%C3%B3n-vegas-2013.pptx\" target=\"_blank\" rel=\"noopener\">descarga<\/a>.<\/p>\n<p><script async src=\"https:\/\/pagead2.googlesyndication.com\/pagead\/js\/adsbygoogle.js\"><\/script><br \/>\n<ins class=\"adsbygoogle\" style=\"display: block;\" data-ad-format=\"autorelaxed\" data-ad-client=\"ca-pub-1136171134853753\" data-ad-slot=\"4595267748\"><\/ins><br \/>\n<script>\n     (adsbygoogle = window.adsbygoogle || []).push({});\n<\/script><\/p>\n<p><a href=\"http:\/\/www.eloriente.net\/home\/wp-content\/uploads\/2013\/12\/Libros.png\"><img loading=\"lazy\" decoding=\"async\" class=\"alignnone size-medium wp-image-18366\" title=\"Libros\" src=\"http:\/\/www.eloriente.net\/home\/wp-content\/uploads\/2013\/12\/Libros-300x171.png\" alt=\"\" width=\"300\" height=\"171\" srcset=\"http:\/\/www.eloriente.net\/home\/wp-content\/uploads\/2013\/12\/Libros-300x171.png 300w, http:\/\/www.eloriente.net\/home\/wp-content\/uploads\/2013\/12\/Libros.png 866w\" sizes=\"(max-width: 300px) 100vw, 300px\" \/><\/a><\/p>\n<p>Foto: Proyecto &#8216;Guelaguetza&#8217;<\/p>\n<p><strong>Entradas relacionadas:<\/strong><\/p>\n<p><a title=\"Permalink to Nuevo Sistema de Justicia Penal garantiza pleno ejercicio de Derechos: Juez Gonz\u00e1lez\" href=\"http:\/\/www.eloriente.net\/home\/2013\/12\/11\/nuevo-sistema-de-justicia-penal-garantiza-pleno-ejercicio-de-derechos-humanos\/\" rel=\"bookmark\">Nuevo Sistema de Justicia Penal garantiza pleno ejercicio de Derechos: Juez Gonz\u00e1lez<\/a><\/p>\n<p><a href=\"http:\/\/www.eloriente.net\/home\/2013\/12\/11\/nuevo-sistema-de-justicia-penal-garantiza-pleno-ejercicio-de-derechos-humanos\/\" rel=\"bookmark\"><img decoding=\"async\" title=\"Nuevo Sistema de Justicia Penal garantiza pleno ejercicio de Derechos: Juez Gonz\u00e1lez\" src=\"http:\/\/www.eloriente.net\/home\/wp-content\/themes\/city-desk\/timthumb.php?src=http%3A%2F%2Fwww.eloriente.net%2Fhome%2Fwp-content%2Fuploads%2F2013%2F12%2Fpenal.jpg&amp;q=90&amp;w=160&amp;h=106&amp;zc=1\" alt=\"Nuevo Sistema de Justicia Penal garantiza pleno ejercicio de Derechos: Juez Gonz\u00e1lez\" \/><\/a><\/p>\n<p>eloriente.net\/NSJP 11 de diciembre de 2013 Israel Gonz\u00e1lez Zurita, juez coordinador de los Juzgados de Garant\u00eda de Tuxtepec, se\u00f1al\u00f3 que el Sistema Acusatorio Adversarial suprime los tr\u00e1mites dilatados y engorrosos. La implementaci\u00f3n del nuevo sistema de justicia penal representa un paso firme de los Tres Poderes del Estado hacia la transformaci\u00f3n en la entidad de [&#8230;]<\/p>\n<p>December 11, 2013<\/p>\n<div id=\"post-18287\">\n<p><a title=\"Permalink to En D\u00eda de los Derechos Humanos, conoce organizaciones mexicanas que los protegen\" href=\"http:\/\/www.eloriente.net\/home\/2013\/12\/10\/organizaciones-mexicanas-a-favor-de-los-derechos-humanos\/\" rel=\"bookmark\">En D\u00eda de los Derechos Humanos, conoce organizaciones mexicanas que los protegen<\/a><\/p>\n<p><a href=\"http:\/\/www.eloriente.net\/home\/2013\/12\/10\/organizaciones-mexicanas-a-favor-de-los-derechos-humanos\/\" rel=\"bookmark\"><img decoding=\"async\" title=\"En D\u00eda de los Derechos Humanos, conoce organizaciones mexicanas que los protegen\" src=\"http:\/\/www.eloriente.net\/home\/wp-content\/themes\/city-desk\/timthumb.php?src=http%3A%2F%2Fwww.eloriente.net%2Fhome%2Fwp-content%2Fuploads%2F2013%2F12%2Fderechos.jpg&amp;q=90&amp;w=160&amp;h=106&amp;zc=1\" alt=\"En D\u00eda de los Derechos Humanos, conoce organizaciones mexicanas que los protegen\" \/><\/a><\/p>\n<p>eloriente.net 10 de diciembre de 2013 En 1950, la Asamblea General de la Organizaci\u00f3n de las Naciones Unidas (ONU) proclam\u00f3 el 10 de diciembre como D\u00eda de los Derechos Humanos, como un acto de conmemoraci\u00f3n por la aprobaci\u00f3n de la Declaraci\u00f3n Universal de Derechos Humanos, firmada dos a\u00f1os atr\u00e1s, como un ideal com\u00fan de todos [&#8230;]<\/p>\n<p>December 10, 2013<\/p>\n<\/div>\n<div id=\"post-18274\">\n<p><a title=\"Permalink to D\u00eda Internacional contra la Corrupci\u00f3n: la realidad en M\u00e9xico\" href=\"http:\/\/www.eloriente.net\/home\/2013\/12\/09\/dia-internacional-contra-la-corrupcion-la-realidad-en-mexico\/\" rel=\"bookmark\">D\u00eda Internacional contra la Corrupci\u00f3n: la realidad en M\u00e9xico<\/a><\/p>\n<p><a href=\"http:\/\/www.eloriente.net\/home\/2013\/12\/09\/dia-internacional-contra-la-corrupcion-la-realidad-en-mexico\/\" rel=\"bookmark\"><img decoding=\"async\" title=\"D\u00eda Internacional contra la Corrupci\u00f3n: la realidad en M\u00e9xico\" src=\"http:\/\/www.eloriente.net\/home\/wp-content\/themes\/city-desk\/timthumb.php?src=http%3A%2F%2Fwww.eloriente.net%2Fhome%2Fwp-content%2Fuploads%2F2013%2F12%2Fcorrupcion.jpg&amp;q=90&amp;w=160&amp;h=106&amp;zc=1\" alt=\"D\u00eda Internacional contra la Corrupci\u00f3n: la realidad en M\u00e9xico\" \/><\/a><\/p>\n<p>eloriente.net 9 de diciembre de 2013 El 31 de octubre de 2003, la Asamblea General de la Organizaci\u00f3n de Naciones Unidas aprob\u00f3 la Convenci\u00f3n contra la corrupci\u00f3n, con la finalidad de difundir el valioso papel de este tratado, crear conciencia, prevenir y combatir este vicio, por lo que se design\u00f3 el 9 de diciembre como [&#8230;]<\/p>\n<p>December 9, 2013<\/p>\n<\/div>\n\n\t\t\t  <div \n\t\t\t  \tclass = \"fb-comments\" \n\t\t\t  \tdata-href = \"http:\/\/www.eloriente.net\/home\/2013\/12\/11\/ana-luz-ramos-soto-recibe-premio-irene-robledo\/\"\n\t\t\t  \tdata-numposts = \"10\"\n\t\t\t\tdata-colorscheme = \"dark\"\n\t\t\t\tdata-order-by = \"social\"\n\t\t\t\tdata-mobile=true>\n\t\t\t  <\/div>\n\t\t  <style>\n\t\t\t.fb_iframe_widget_fluid_desktop iframe {\n\t\t\t    width: 100% !important;\n\t\t\t}\n\t\t  <\/style>\n\t\t  ","protected":false},"excerpt":{"rendered":"<p>\u00a0eloriente.net 11 de diciembre de 2013 La Dra. Ana Luz Ramos Soto, coordinadora de la Agencia de Desarrollo Social ADIS UABJO-SEDESOL,\u00a0fue galardonada con la presea \u2018Irene Robledo\u2019 en la categor\u00eda Aportaciones acad\u00e9micas individuales, por el proyecto \u2018La Guelaguetza de acervo bibliogr\u00e1fico para municipios marginados del estado de Oaxaca\u2019, el cual promueve la uni\u00f3n entre diferentes [&hellip;]<\/p>\n","protected":false},"author":26,"featured_media":18366,"comment_status":"open","ping_status":"open","sticky":false,"template":"","format":"standard","meta":{"_jetpack_memberships_contains_paid_content":false,"footnotes":""},"categories":[49,18,32,10,23,84],"tags":[12620,12621,182],"class_list":["post-18364","post","type-post","status-publish","format-standard","has-post-thumbnail","hentry","category-destacadas","category-educacion-y-cultura","category-entradas","category-lo-mas-reciente","category-municipios","category-universidades","tag-ana-luz-ramos","tag-premio-irene-robledo","tag-uabjo"],"jetpack_featured_media_url":"http:\/\/www.eloriente.net\/home\/wp-content\/uploads\/2013\/12\/Libros.png","jetpack_sharing_enabled":true,"_links":{"self":[{"href":"http:\/\/www.eloriente.net\/home\/wp-json\/wp\/v2\/posts\/18364"}],"collection":[{"href":"http:\/\/www.eloriente.net\/home\/wp-json\/wp\/v2\/posts"}],"about":[{"href":"http:\/\/www.eloriente.net\/home\/wp-json\/wp\/v2\/types\/post"}],"author":[{"embeddable":true,"href":"http:\/\/www.eloriente.net\/home\/wp-json\/wp\/v2\/users\/26"}],"replies":[{"embeddable":true,"href":"http:\/\/www.eloriente.net\/home\/wp-json\/wp\/v2\/comments?post=18364"}],"version-history":[{"count":5,"href":"http:\/\/www.eloriente.net\/home\/wp-json\/wp\/v2\/posts\/18364\/revisions"}],"predecessor-version":[{"id":65373,"href":"http:\/\/www.eloriente.net\/home\/wp-json\/wp\/v2\/posts\/18364\/revisions\/65373"}],"wp:featuredmedia":[{"embeddable":true,"href":"http:\/\/www.eloriente.net\/home\/wp-json\/wp\/v2\/media\/18366"}],"wp:attachment":[{"href":"http:\/\/www.eloriente.net\/home\/wp-json\/wp\/v2\/media?parent=18364"}],"wp:term":[{"taxonomy":"category","embeddable":true,"href":"http:\/\/www.eloriente.net\/home\/wp-json\/wp\/v2\/categories?post=18364"},{"taxonomy":"post_tag","embeddable":true,"href":"http:\/\/www.eloriente.net\/home\/wp-json\/wp\/v2\/tags?post=18364"}],"curies":[{"name":"wp","href":"https:\/\/api.w.org\/{rel}","templated":true}]}}