{"id":18402,"date":"2013-12-12T11:22:02","date_gmt":"2013-12-12T17:22:02","guid":{"rendered":"http:\/\/www.eloriente.net\/home\/?p=18402"},"modified":"2013-12-12T11:22:02","modified_gmt":"2013-12-12T17:22:02","slug":"inicia-diplomado-de-planeacion-universitaria-en-la-uabjo","status":"publish","type":"post","link":"http:\/\/www.eloriente.net\/home\/2013\/12\/12\/inicia-diplomado-de-planeacion-universitaria-en-la-uabjo\/","title":{"rendered":"Inicia diplomado de planeaci\u00f3n universitaria en la UABJO"},"content":{"rendered":"<p>eloriente.net\/UABJO<\/p>\n<p>12 de diciembre de 2013<\/p>\n<p>Con el prop\u00f3sito de dotar de herramientas necesarias al personal administrativo de la Universidad Aut\u00f3noma \u201cBenito Ju\u00e1rez\u201d de Oaxaca (UABJO), inici\u00f3 el Diplomado de Planeaci\u00f3n Universitaria, el cual brindar\u00e1 asesor\u00edas para la adecuaci\u00f3n de los planes de desarrollo de las diferentes Secretar\u00edas y direcciones de todas las Unidades Acad\u00e9micas.<\/p>\n<p>Lo anterior en el marco del Programa Integral de Fortalecimiento Institucional (PIFI) 2014, pues de conformidad con lo dispuesto en el art\u00edculo 43 de la Ley Federal de Presupuesto y Responsabilidad Hacendaria, se emiten reglas de operaci\u00f3n para ser beneficiados.<\/p>\n<p>Al respecto, el titular de la Secretar\u00eda de Planeaci\u00f3n, Aristeo Segura Salvador mencion\u00f3 que el diplomado encamina sus objetivos hacia la presentaci\u00f3n de propuestas concretas que articulen de manera eficaz y eficiente la integraci\u00f3n y operaci\u00f3n del Plan Institucional de Desarrollo (PID) de la administraci\u00f3n universitaria actual encabezada por el rector, Eduardo Mart\u00ednez Helmes.<\/p>\n<p>En este sentido se generar\u00e1n cincuenta Planes de Desarrollo que a su vez incidir\u00e1n directamente en el PIFI 2014, cumpliendo con lo establecido: objetivos, lineamientos generales, poblaci\u00f3n objetivo, caracter\u00edsticas y tipos de apoyo, montos, beneficiarios, entre otros.<\/p>\n<p>El funcionario coment\u00f3 que al finalizar el diplomado, los participantes ser\u00e1n capaces de dise\u00f1ar, implementar y dar seguimiento a los Programas de desarrollo de sus centros de trabajo y operar\u00e1n el PID 2012-2016, lo cual implica fortalecer y consolidar la cultura institucional de planeaci\u00f3n en la universidad.<\/p>\n<p>As\u00ed, a lo largo de m\u00e1s de 160 horas de trabajo, se generar\u00e1n metas de acci\u00f3n a corto y mediano plazo que respondan a los ejes estrat\u00e9gicos de la actual administraci\u00f3n del rector, respondiendo a las metas de cada Unidad Acad\u00e9mica.<\/p>\n<p>Cabe se\u00f1alar que este trabajo se coordinad por la rector\u00eda y se realiza por la Secretar\u00eda de Planeaci\u00f3n, dedicado a directores, coordinadores y secretarios.<\/p>\n<p>Las bases se sientan en un diagnostico emitido por la SEP, el cual busca promover que las Instituciones de Educaci\u00f3n Superior P\u00fablicas (IES), realicen ejercicios de planeaci\u00f3n estrat\u00e9gica participativa en el que se involucra a los principales actores de la vida acad\u00e9mica universitaria para que formulen el PIFI.<\/p>\n<p>&nbsp;<\/p>\n<p><a href=\"http:\/\/www.eloriente.net\/home\/wp-content\/uploads\/2013\/12\/Planeacion-universitaria.jpg\"><img loading=\"lazy\" decoding=\"async\" class=\"alignnone size-medium wp-image-18404\" title=\"Planeacion universitaria\" src=\"http:\/\/www.eloriente.net\/home\/wp-content\/uploads\/2013\/12\/Planeacion-universitaria-300x187.jpg\" alt=\"\" width=\"300\" height=\"187\" srcset=\"http:\/\/www.eloriente.net\/home\/wp-content\/uploads\/2013\/12\/Planeacion-universitaria-300x187.jpg 300w, http:\/\/www.eloriente.net\/home\/wp-content\/uploads\/2013\/12\/Planeacion-universitaria.jpg 816w\" sizes=\"(max-width: 300px) 100vw, 300px\" \/><\/a><\/p>\n<p>Foto: UABJO<\/p>\n<p>&nbsp;<\/p>\n<p><strong>Entradas relacionadas:<\/strong><\/p>\n<p><a title=\"Permalink to Ana Luz Ramos Soto recibe premio \u2018Irene Robledo\u2019 de la Universidad de Guadalajara\" href=\"http:\/\/www.eloriente.net\/home\/2013\/12\/11\/ana-luz-ramos-soto-recibe-premio-irene-robledo\/\" rel=\"bookmark\">Ana Luz Ramos Soto recibe premio \u2018Irene Robledo\u2019 de la Universidad de Guadalajara<\/a><\/p>\n<p><a href=\"http:\/\/www.eloriente.net\/home\/2013\/12\/11\/ana-luz-ramos-soto-recibe-premio-irene-robledo\/\" rel=\"bookmark\"><img decoding=\"async\" title=\"Ana Luz Ramos Soto recibe premio \u2018Irene Robledo\u2019 de la Universidad de Guadalajara\" src=\"http:\/\/www.eloriente.net\/home\/wp-content\/themes\/city-desk\/timthumb.php?src=http%3A%2F%2Fwww.eloriente.net%2Fhome%2Fwp-content%2Fuploads%2F2013%2F12%2FLibros.png&amp;q=90&amp;w=160&amp;h=106&amp;zc=1\" alt=\"Ana Luz Ramos Soto recibe premio \u2018Irene Robledo\u2019 de la Universidad de Guadalajara\" \/><\/a><\/p>\n<p>eloriente.net 11 de diciembre de 2013 La Dra. Ana Luz Ramos Soto, coordinadora de la Agencia de Desarrollo Social ADIS UABJO-SEDESOL,\u00a0fue galardonada con la presea \u2018Irene Robledo\u2019 en la categor\u00eda Aportaciones acad\u00e9micas individuales, por el proyecto \u2018La Guelaguetza de acervo bibliogr\u00e1fico para municipios marginados del estado de Oaxaca\u2019, el cual promueve la uni\u00f3n entre diferentes [&#8230;]<\/p>\n<p>December 11, 2013<\/p>\n<div id=\"post-18350\">\n<p><a title=\"Permalink to M\u00e9xico entre los 5 pa\u00edses donde las remesas disminuir\u00e1n en 2013\" href=\"http:\/\/www.eloriente.net\/home\/2013\/12\/11\/mexico-entre-los-5-paises-donde-las-remesas-disminuiran-en-2013\/\" rel=\"bookmark\">M\u00e9xico entre los 5 pa\u00edses donde las remesas disminuir\u00e1n en 2013<\/a><\/p>\n<p><a href=\"http:\/\/www.eloriente.net\/home\/2013\/12\/11\/mexico-entre-los-5-paises-donde-las-remesas-disminuiran-en-2013\/\" rel=\"bookmark\"><img decoding=\"async\" title=\"M\u00e9xico entre los 5 pa\u00edses donde las remesas disminuir\u00e1n en 2013\" src=\"http:\/\/www.eloriente.net\/home\/wp-content\/themes\/city-desk\/timthumb.php?src=http%3A%2F%2Fwww.eloriente.net%2Fhome%2Fwp-content%2Fuploads%2F2013%2F12%2FMigrantes-Trabajando.jpg&amp;q=90&amp;w=160&amp;h=106&amp;zc=1\" alt=\"M\u00e9xico entre los 5 pa\u00edses donde las remesas disminuir\u00e1n en 2013\" \/><\/a><\/p>\n<p>eloriente.net 11 de diciembre de 2013 M\u00e9xico es el cuarto pa\u00eds con mayor cantidad de remesas en el mundo al cierre de 2013 al recibir un total de 22,000 millones de d\u00f3lares, pese a que se tiene proyectado en este a\u00f1o una disminuci\u00f3n del 5.9% en comparaci\u00f3n de 2012, de acuerdo con datos del Banco [&#8230;]<\/p>\n<p>December 11, 2013<\/p>\n<\/div>\n<div id=\"post-18315\">\n<p><a title=\"Permalink to Reconocen a docentes por su antig\u00fcedad en la labor acad\u00e9mica\" href=\"http:\/\/www.eloriente.net\/home\/2013\/12\/10\/reconocen-a-docentes-por-su-antiguedad-en-la-labor-academica\/\" rel=\"bookmark\">Reconocen a docentes por su antig\u00fcedad en la labor acad\u00e9mica<\/a><\/p>\n<p><a href=\"http:\/\/www.eloriente.net\/home\/2013\/12\/10\/reconocen-a-docentes-por-su-antiguedad-en-la-labor-academica\/\" rel=\"bookmark\"><img decoding=\"async\" title=\"Reconocen a docentes por su antig\u00fcedad en la labor acad\u00e9mica\" src=\"http:\/\/www.eloriente.net\/home\/wp-content\/themes\/city-desk\/timthumb.php?src=http%3A%2F%2Fwww.eloriente.net%2Fhome%2Fwp-content%2Fuploads%2F2013%2F12%2F10-1.jpg&amp;q=90&amp;w=160&amp;h=106&amp;zc=1\" alt=\"Reconocen a docentes por su antig\u00fcedad en la labor acad\u00e9mica\" \/><\/a><\/p>\n<p>eloriente.net\/UABJO 10 de diciembre de 2013 Como ya es tradici\u00f3n, la Universidad Aut\u00f3noma \u201cBenito Ju\u00e1rez\u201d de Oaxaca (UABJO) hizo un reconocimiento a los docentes que han dedicado hasta 40 a\u00f1os de su vida a la ense\u00f1anza en las aulas de la M\u00e1xima Casa de estudios. El evento, encabezado por el Rector Eduardo Mart\u00ednez Helmes, se [&#8230;]<\/p>\n<p>December 10, 2013<\/p>\n<\/div>\n\n\t\t\t  <div \n\t\t\t  \tclass = \"fb-comments\" \n\t\t\t  \tdata-href = \"http:\/\/www.eloriente.net\/home\/2013\/12\/12\/inicia-diplomado-de-planeacion-universitaria-en-la-uabjo\/\"\n\t\t\t  \tdata-numposts = \"10\"\n\t\t\t\tdata-colorscheme = \"dark\"\n\t\t\t\tdata-order-by = \"social\"\n\t\t\t\tdata-mobile=true>\n\t\t\t  <\/div>\n\t\t  <style>\n\t\t\t.fb_iframe_widget_fluid_desktop iframe {\n\t\t\t    width: 100% !important;\n\t\t\t}\n\t\t  <\/style>\n\t\t  ","protected":false},"excerpt":{"rendered":"<p>eloriente.net\/UABJO 12 de diciembre de 2013 Con el prop\u00f3sito de dotar de herramientas necesarias al personal administrativo de la Universidad Aut\u00f3noma \u201cBenito Ju\u00e1rez\u201d de Oaxaca (UABJO), inici\u00f3 el Diplomado de Planeaci\u00f3n Universitaria, el cual brindar\u00e1 asesor\u00edas para la adecuaci\u00f3n de los planes de desarrollo de las diferentes Secretar\u00edas y direcciones de todas las Unidades Acad\u00e9micas. [&hellip;]<\/p>\n","protected":false},"author":26,"featured_media":18404,"comment_status":"open","ping_status":"open","sticky":false,"template":"","format":"standard","meta":{"_jetpack_memberships_contains_paid_content":false,"footnotes":""},"categories":[18,32,10,84],"tags":[],"class_list":["post-18402","post","type-post","status-publish","format-standard","has-post-thumbnail","hentry","category-educacion-y-cultura","category-entradas","category-lo-mas-reciente","category-universidades"],"jetpack_featured_media_url":"http:\/\/www.eloriente.net\/home\/wp-content\/uploads\/2013\/12\/Planeacion-universitaria.jpg","jetpack_sharing_enabled":true,"_links":{"self":[{"href":"http:\/\/www.eloriente.net\/home\/wp-json\/wp\/v2\/posts\/18402"}],"collection":[{"href":"http:\/\/www.eloriente.net\/home\/wp-json\/wp\/v2\/posts"}],"about":[{"href":"http:\/\/www.eloriente.net\/home\/wp-json\/wp\/v2\/types\/post"}],"author":[{"embeddable":true,"href":"http:\/\/www.eloriente.net\/home\/wp-json\/wp\/v2\/users\/26"}],"replies":[{"embeddable":true,"href":"http:\/\/www.eloriente.net\/home\/wp-json\/wp\/v2\/comments?post=18402"}],"version-history":[{"count":4,"href":"http:\/\/www.eloriente.net\/home\/wp-json\/wp\/v2\/posts\/18402\/revisions"}],"predecessor-version":[{"id":18407,"href":"http:\/\/www.eloriente.net\/home\/wp-json\/wp\/v2\/posts\/18402\/revisions\/18407"}],"wp:featuredmedia":[{"embeddable":true,"href":"http:\/\/www.eloriente.net\/home\/wp-json\/wp\/v2\/media\/18404"}],"wp:attachment":[{"href":"http:\/\/www.eloriente.net\/home\/wp-json\/wp\/v2\/media?parent=18402"}],"wp:term":[{"taxonomy":"category","embeddable":true,"href":"http:\/\/www.eloriente.net\/home\/wp-json\/wp\/v2\/categories?post=18402"},{"taxonomy":"post_tag","embeddable":true,"href":"http:\/\/www.eloriente.net\/home\/wp-json\/wp\/v2\/tags?post=18402"}],"curies":[{"name":"wp","href":"https:\/\/api.w.org\/{rel}","templated":true}]}}