{"id":18464,"date":"2013-12-13T10:48:34","date_gmt":"2013-12-13T16:48:34","guid":{"rendered":"http:\/\/www.eloriente.net\/home\/?p=18464"},"modified":"2013-12-13T20:28:36","modified_gmt":"2013-12-14T02:28:36","slug":"facultad-de-arquitectura-implementara-programas-academicos-en-su-campo-de-estudio","status":"publish","type":"post","link":"http:\/\/www.eloriente.net\/home\/2013\/12\/13\/facultad-de-arquitectura-implementara-programas-academicos-en-su-campo-de-estudio\/","title":{"rendered":"Facultad de Arquitectura implementar\u00e1 programas acad\u00e9micos en su campo de estudio"},"content":{"rendered":"<p>eloriente.net\/UABJO<\/p>\n<p>13 de diciembre de 2013<\/p>\n<p>En sesi\u00f3n extraordinaria de Consejo T\u00e9cnico, efectuada en el DOIA, el director de la Facultad de Arquitectura C.U de la Universidad Aut\u00f3noma \u201cBenito Ju\u00e1rez\u201d de Oaxaca (UABJO), Enrique Mayoral Guzm\u00e1n rindi\u00f3 su primer informe de actividades acad\u00e9mico administrativas.<\/p>\n<p>As\u00ed, en presencia del rector de la M\u00e1xima Casa de Estudios Eduardo Mart\u00ednez Helmes, el directivo dio a conocer que la Facultad cuenta con 4 cuerpos acad\u00e9micos, 3 de ellos en estatus de \u201cformaci\u00f3n\u201d, los cuales son: \u201cestudios de arquitectura\u201d; \u201cdise\u00f1o, arquitectura, sustentabilidad e historia\u201d y \u201carquitectura y habitat\u201d. Otro m\u00e1s \u201cdise\u00f1o arquitect\u00f3nico y urbano\u201d en su categor\u00eda de \u201cconsolidaci\u00f3n\u201d.<\/p>\n<p>A nivel posgrado, se inform\u00f3 que el Honorable Consejo Universitario aprob\u00f3 la implementaci\u00f3n de la maestr\u00eda en Arquitectura y Urbanismo con \u00e9nfasis en: \u201cdise\u00f1o arquitect\u00f3nico arquitectura patrimonial y tecnolog\u00edas\u201d y \u201cplanificaci\u00f3n urbana gesti\u00f3n urbana e impacto ambiental\u201d.<\/p>\n<p>En este rubro acad\u00e9mico, se efectuaron talleres de capacitaci\u00f3n docente y disciplinar, congresos, conferencias, talleres, seminarios y encuentros.<\/p>\n<p>Se particip\u00f3 en el Congreso Nacional de Arquitectura 2013: la arquitectura polit\u00e9cnica a trav\u00e9s de im\u00e1genes, un recorrido por la historia del IPN.<\/p>\n<p>En cuanto a infraestructura se realiz\u00f3 la habilitaci\u00f3n de coordinaciones administrativas, de becas, vinculaci\u00f3n, movilidad, apoyo estudiantil, titulaci\u00f3n, servicio social, lo cual contempl\u00f3 adquisici\u00f3n de mobiliario y equipo.<\/p>\n<p>De igual forma se equip\u00f3 con mesas de trabajo al centro de c\u00f3mputo, se habilit\u00f3 y construy\u00f3 el sal\u00f3n de Consejo T\u00e9cnico y se remodel\u00f3 el \u00e1rea administrativa general de la facultad.<\/p>\n<p>En lo correspondiente a vinculaci\u00f3n social y movilidad estudiantil se ha tenido contacto permanente con el sector social y empresarial donde los j\u00f3venes han desempe\u00f1ado diversos proyectos.<\/p>\n<p>Para concluir su informe, el acad\u00e9mico fij\u00f3 metas en el \u00e1mbito acad\u00e9mico y de infraestructura como son: revisi\u00f3n y evaluaci\u00f3n de los planes de estudio, tanto de licenciatura como posgrado, construcci\u00f3n de un n\u00facleo sanitario y reconstrucci\u00f3n paulatina de las plazas de acceso a la facultad.<\/p>\n<p>Luego de escuchar atentamente la informaci\u00f3n detallada de las acciones realizadas, el rector recibi\u00f3 de manos del director un ejemplar escrito, donde se fundamenta todo el trabajo expuesto, con las evidencias correspondientes.<\/p>\n<p>Mart\u00ednez Helmes aprovech\u00f3 el momento para felicitar a la planta docente y estudiantil, por las acciones\u00a0 concretadas, y al director por hacer cumplir lo establecido por la Ley Org\u00e1nica en el art\u00edculo 58.\u00a0 De tal forma que aplaudi\u00f3 el rendimiento de cuentas a la comunidad universitaria.<\/p>\n<p>As\u00ed, la UABJO avanza hacia una nueva cultura acad\u00e9mica y administrativa, donde se refleja el trabajo organizado, con direcci\u00f3n, pero sobre todo con el compromiso de ser universitario y de saber hacer las cosas bien.<\/p>\n<p>&nbsp;<\/p>\n<p><a href=\"http:\/\/www.eloriente.net\/home\/wp-content\/uploads\/2013\/12\/13-7.jpg\"><img loading=\"lazy\" decoding=\"async\" class=\"alignnone size-medium wp-image-18465\" title=\"13 (7)\" src=\"http:\/\/www.eloriente.net\/home\/wp-content\/uploads\/2013\/12\/13-7-300x200.jpg\" alt=\"\" width=\"300\" height=\"200\" srcset=\"http:\/\/www.eloriente.net\/home\/wp-content\/uploads\/2013\/12\/13-7-300x200.jpg 300w, http:\/\/www.eloriente.net\/home\/wp-content\/uploads\/2013\/12\/13-7-1024x682.jpg 1024w\" sizes=\"(max-width: 300px) 100vw, 300px\" \/><\/a><\/p>\n<p>Foto: UABJO<\/p>\n<p>&nbsp;<\/p>\n<p><strong>Entradas relacionadas:\u00a0<\/strong><\/p>\n<p><a title=\"Permalink to Inicia diplomado de planeaci\u00f3n universitaria en la UABJO\" href=\"http:\/\/www.eloriente.net\/home\/2013\/12\/12\/inicia-diplomado-de-planeacion-universitaria-en-la-uabjo\/\" rel=\"bookmark\">Inicia diplomado de planeaci\u00f3n universitaria en la UABJO<\/a><\/p>\n<p><a href=\"http:\/\/www.eloriente.net\/home\/2013\/12\/12\/inicia-diplomado-de-planeacion-universitaria-en-la-uabjo\/\" rel=\"bookmark\"><img decoding=\"async\" title=\"Inicia diplomado de planeaci\u00f3n universitaria en la UABJO\" src=\"http:\/\/www.eloriente.net\/home\/wp-content\/themes\/city-desk\/timthumb.php?src=http%3A%2F%2Fwww.eloriente.net%2Fhome%2Fwp-content%2Fuploads%2F2013%2F12%2FPlaneacion-universitaria.jpg&amp;q=90&amp;w=160&amp;h=106&amp;zc=1\" alt=\"Inicia diplomado de planeaci\u00f3n universitaria en la UABJO\" \/><\/a><\/p>\n<p>eloriente.net\/UABJO 12 de diciembre de 2013 Con el prop\u00f3sito de dotar de herramientas necesarias al personal administrativo de la Universidad Aut\u00f3noma \u201cBenito Ju\u00e1rez\u201d de Oaxaca (UABJO), inici\u00f3 el Diplomado de Planeaci\u00f3n Universitaria, el cual brindar\u00e1 asesor\u00edas para la adecuaci\u00f3n de los planes de desarrollo de las diferentes Secretar\u00edas y direcciones de todas las Unidades Acad\u00e9micas. [&#8230;]<\/p>\n<p>December 12, 2013<\/p>\n<div id=\"post-18364\">\n<p><a title=\"Permalink to Ana Luz Ramos Soto recibe premio \u2018Irene Robledo\u2019 de la Universidad de Guadalajara\" href=\"http:\/\/www.eloriente.net\/home\/2013\/12\/11\/ana-luz-ramos-soto-recibe-premio-irene-robledo\/\" rel=\"bookmark\">Ana Luz Ramos Soto recibe premio \u2018Irene Robledo\u2019 de la Universidad de Guadalajara<\/a><\/p>\n<p><a href=\"http:\/\/www.eloriente.net\/home\/2013\/12\/11\/ana-luz-ramos-soto-recibe-premio-irene-robledo\/\" rel=\"bookmark\"><img decoding=\"async\" title=\"Ana Luz Ramos Soto recibe premio \u2018Irene Robledo\u2019 de la Universidad de Guadalajara\" src=\"http:\/\/www.eloriente.net\/home\/wp-content\/themes\/city-desk\/timthumb.php?src=http%3A%2F%2Fwww.eloriente.net%2Fhome%2Fwp-content%2Fuploads%2F2013%2F12%2FLibros.png&amp;q=90&amp;w=160&amp;h=106&amp;zc=1\" alt=\"Ana Luz Ramos Soto recibe premio \u2018Irene Robledo\u2019 de la Universidad de Guadalajara\" \/><\/a><\/p>\n<p>eloriente.net 11 de diciembre de 2013 La Dra. Ana Luz Ramos Soto, coordinadora de la Agencia de Desarrollo Social ADIS UABJO-SEDESOL,\u00a0fue galardonada con la presea \u2018Irene Robledo\u2019 en la categor\u00eda Aportaciones acad\u00e9micas individuales, por el proyecto \u2018La Guelaguetza de acervo bibliogr\u00e1fico para municipios marginados del estado de Oaxaca\u2019, el cual promueve la uni\u00f3n entre diferentes [&#8230;]<\/p>\n<p>December 11, 2013<\/p>\n<\/div>\n<div id=\"post-18315\">\n<p><a title=\"Permalink to Reconocen a docentes por su antig\u00fcedad en la labor acad\u00e9mica\" href=\"http:\/\/www.eloriente.net\/home\/2013\/12\/10\/reconocen-a-docentes-por-su-antiguedad-en-la-labor-academica\/\" rel=\"bookmark\">Reconocen a docentes por su antig\u00fcedad en la labor acad\u00e9mica<\/a><\/p>\n<p><a href=\"http:\/\/www.eloriente.net\/home\/2013\/12\/10\/reconocen-a-docentes-por-su-antiguedad-en-la-labor-academica\/\" rel=\"bookmark\"><img decoding=\"async\" title=\"Reconocen a docentes por su antig\u00fcedad en la labor acad\u00e9mica\" src=\"http:\/\/www.eloriente.net\/home\/wp-content\/themes\/city-desk\/timthumb.php?src=http%3A%2F%2Fwww.eloriente.net%2Fhome%2Fwp-content%2Fuploads%2F2013%2F12%2F10-1.jpg&amp;q=90&amp;w=160&amp;h=106&amp;zc=1\" alt=\"Reconocen a docentes por su antig\u00fcedad en la labor acad\u00e9mica\" \/><\/a><\/p>\n<p>eloriente.net\/UABJO 10 de diciembre de 2013 Como ya es tradici\u00f3n, la Universidad Aut\u00f3noma \u201cBenito Ju\u00e1rez\u201d de Oaxaca (UABJO) hizo un reconocimiento a los docentes que han dedicado hasta 40 a\u00f1os de su vida a la ense\u00f1anza en las aulas de la M\u00e1xima Casa de estudios. El evento, encabezado por el Rector Eduardo Mart\u00ednez Helmes, se [&#8230;]<\/p>\n<p>December 10, 2013<\/p>\n<\/div>\n\n\t\t\t  <div \n\t\t\t  \tclass = \"fb-comments\" \n\t\t\t  \tdata-href = \"http:\/\/www.eloriente.net\/home\/2013\/12\/13\/facultad-de-arquitectura-implementara-programas-academicos-en-su-campo-de-estudio\/\"\n\t\t\t  \tdata-numposts = \"10\"\n\t\t\t\tdata-colorscheme = \"dark\"\n\t\t\t\tdata-order-by = \"social\"\n\t\t\t\tdata-mobile=true>\n\t\t\t  <\/div>\n\t\t  <style>\n\t\t\t.fb_iframe_widget_fluid_desktop iframe {\n\t\t\t    width: 100% !important;\n\t\t\t}\n\t\t  <\/style>\n\t\t  ","protected":false},"excerpt":{"rendered":"<p>eloriente.net\/UABJO 13 de diciembre de 2013 En sesi\u00f3n extraordinaria de Consejo T\u00e9cnico, efectuada en el DOIA, el director de la Facultad de Arquitectura C.U de la Universidad Aut\u00f3noma \u201cBenito Ju\u00e1rez\u201d de Oaxaca (UABJO), Enrique Mayoral Guzm\u00e1n rindi\u00f3 su primer informe de actividades acad\u00e9mico administrativas. As\u00ed, en presencia del rector de la M\u00e1xima Casa de Estudios [&hellip;]<\/p>\n","protected":false},"author":26,"featured_media":18465,"comment_status":"open","ping_status":"open","sticky":false,"template":"","format":"standard","meta":{"_jetpack_memberships_contains_paid_content":false,"footnotes":""},"categories":[18,32,10,84],"tags":[],"class_list":["post-18464","post","type-post","status-publish","format-standard","has-post-thumbnail","hentry","category-educacion-y-cultura","category-entradas","category-lo-mas-reciente","category-universidades"],"jetpack_featured_media_url":"http:\/\/www.eloriente.net\/home\/wp-content\/uploads\/2013\/12\/13-7.jpg","jetpack_sharing_enabled":true,"_links":{"self":[{"href":"http:\/\/www.eloriente.net\/home\/wp-json\/wp\/v2\/posts\/18464"}],"collection":[{"href":"http:\/\/www.eloriente.net\/home\/wp-json\/wp\/v2\/posts"}],"about":[{"href":"http:\/\/www.eloriente.net\/home\/wp-json\/wp\/v2\/types\/post"}],"author":[{"embeddable":true,"href":"http:\/\/www.eloriente.net\/home\/wp-json\/wp\/v2\/users\/26"}],"replies":[{"embeddable":true,"href":"http:\/\/www.eloriente.net\/home\/wp-json\/wp\/v2\/comments?post=18464"}],"version-history":[{"count":5,"href":"http:\/\/www.eloriente.net\/home\/wp-json\/wp\/v2\/posts\/18464\/revisions"}],"predecessor-version":[{"id":18506,"href":"http:\/\/www.eloriente.net\/home\/wp-json\/wp\/v2\/posts\/18464\/revisions\/18506"}],"wp:featuredmedia":[{"embeddable":true,"href":"http:\/\/www.eloriente.net\/home\/wp-json\/wp\/v2\/media\/18465"}],"wp:attachment":[{"href":"http:\/\/www.eloriente.net\/home\/wp-json\/wp\/v2\/media?parent=18464"}],"wp:term":[{"taxonomy":"category","embeddable":true,"href":"http:\/\/www.eloriente.net\/home\/wp-json\/wp\/v2\/categories?post=18464"},{"taxonomy":"post_tag","embeddable":true,"href":"http:\/\/www.eloriente.net\/home\/wp-json\/wp\/v2\/tags?post=18464"}],"curies":[{"name":"wp","href":"https:\/\/api.w.org\/{rel}","templated":true}]}}