{"id":18481,"date":"2013-12-13T19:42:50","date_gmt":"2013-12-14T01:42:50","guid":{"rendered":"http:\/\/www.eloriente.net\/home\/?p=18481"},"modified":"2014-01-24T10:58:51","modified_gmt":"2014-01-24T16:58:51","slug":"discurso-del-titular-del-poder-judicial-informe-de-actividades-2013","status":"publish","type":"post","link":"http:\/\/www.eloriente.net\/home\/2013\/12\/13\/discurso-del-titular-del-poder-judicial-informe-de-actividades-2013\/","title":{"rendered":"Discurso del Titular del Poder Judicial, Informe de Actividades 2013"},"content":{"rendered":"<p>eloriente.net\/Tribunal Superior de Justicia<\/p>\n<p>13 de diciembre de 2013<\/p>\n<p><a href=\"http:\/\/www.eloriente.net\/home\/wp-content\/uploads\/2013\/12\/TSJ-Informe.jpg\"><img loading=\"lazy\" decoding=\"async\" class=\"alignnone size-medium wp-image-18483\" title=\"TSJ-Informe\" src=\"http:\/\/www.eloriente.net\/home\/wp-content\/uploads\/2013\/12\/TSJ-Informe-300x204.jpg\" alt=\"\" width=\"300\" height=\"204\" srcset=\"http:\/\/www.eloriente.net\/home\/wp-content\/uploads\/2013\/12\/TSJ-Informe-300x204.jpg 300w, http:\/\/www.eloriente.net\/home\/wp-content\/uploads\/2013\/12\/TSJ-Informe-1024x697.jpg 1024w\" sizes=\"(max-width: 300px) 100vw, 300px\" \/><\/a><\/p>\n<p>Foto: eloriente.net<\/p>\n<p>Este mediod\u00eda, el Presidente del Tribunal Superior de Justicia de Oaxaca, Alfredo Lagunas Rivera, present\u00f3 su Informe de Actividades 2013, en el Sal\u00f3n de Plenos del propio Tribunal, con la presencia del resto de los magistrados de dicha instancia, as\u00ed como de los representantes de los poderes legislativo y ejecutivo del estado, diputado Jes\u00fas L\u00f3pez y gobernador Gabino Cu\u00e9, respectivamente.<\/p>\n<p>En el af\u00e1n de registro y memoria, presentamos a continuaci\u00f3n la parte medular del discurso \u00edntegro del magistrado Lagunas, en el que informa de las actividades efectuadas este 2013. M\u00e1s abajo, la informaci\u00f3n general y m\u00e1s relevante del acto:<\/p>\n<p><em><strong>Honorable pleno del Tribunal Superior de Justicia y del Consejo de la Judicatura.<\/strong><\/em><\/p>\n<p><em><strong>Representantes de los poderes del estado.<\/strong><\/em><\/p>\n<p><em><strong>Jueces y funcionarios del Poder Judicial.<\/strong><\/em><\/p>\n<p><em><strong>Ciudadanos Oaxaque\u00f1os:<\/strong><\/em><\/p>\n<p>Como he dado cuenta a la sociedad oaxaque\u00f1a, el Poder Judicial del Estado ha dejado de ser una instituci\u00f3n anclada en la pasividad de los expedientes, para transitar a la justicia en movimiento en la que las acciones emprendidas este a\u00f1o, se dirigen a solucionar los problemas jur\u00eddicos con la mayor eficacia e idoneidad y quitar los obst\u00e1culos que inhiben la cercan\u00eda del acceso a la justicia, con calidad, dignidad y transparencia para las oaxaque\u00f1as y oaxaque\u00f1os.<\/p>\n<p>Los datos que damos a conocer en este informe, reflejan que nuestra sociedad es intensa, momento a momento en su exigencia por el derecho a la justicia y que quienes integramos el poder judicial hemos dado respuesta de manera sensata y transparente siguiendo la trayectoria de objetivos, metas y acciones del plan estrat\u00e9gico para el mejoramiento de la administraci\u00f3n de justicia, que nos trazamos para optimizar las condiciones desde adentro y desde afuera, en la relaci\u00f3n con los \u00f3rganos de justicia y ciudadanos.<\/p>\n<p>En este sentido, el Poder Judicial se ha instituido como una pieza clave de los procesos pol\u00edticos para la consolidaci\u00f3n de la democracia, es garante de los derechos humanos, es respetuoso de la pluralidad y diferencias, propicia y participa en las relaciones para seguir en el camino de una justicia con valores y contenidos sustanciales para el desarrollo fundado en la dignidad y paz de los oaxaque\u00f1os.<\/p>\n<p>La relevancia del ejercicio judicial como catalizador para el cambio de una sociedad de malestar a una cultura de bienestar es evidente y en ello nos ocupamos; por tal raz\u00f3n, reconozco esta convicci\u00f3n a magistrados, consejeros, jueces y a todas las mujeres y hombres que integra el Poder Judicial por su confianza, compromiso y esfuerzo por transitar hacia este camino en el que andamos todos.<\/p>\n<p>La posibilidad de toda transformaci\u00f3n como principio para el desarrollo y bienestar no es fruto de un ejercicio protag\u00f3nico e insular, sino la corresponsabilidad y coordinaci\u00f3n institucional es la clave para arribar a buen puerto.<\/p>\n<p>Esta inteligencia de Estado la ha tenido el Gobernador Constitucional, licenciado Gabino Cu\u00e9 Monteagudo, a quien reconozco su empat\u00eda por revertir las dificultades sociales y el fortalecimiento de la administraci\u00f3n de justicia, l\u00edder de un di\u00e1logo entre la sociedad y las instituciones que ha contribuido a que nuestro Poder Judicial se direccione con la organizaci\u00f3n y estructura que los retos de una sociedad de derechos impone.<\/p>\n<p>En este di\u00e1logo con las instituciones, agradezco al diputado Jes\u00fas L\u00f3pez Rodr\u00edguez, Presidente de la Mesa Directiva de la Sexag\u00e9sima Segunda Legislatura del Congreso del Estado, al diputado Alejandro Avil\u00e9s \u00c1lvarez, Presidente de la Junta de Coordinaci\u00f3n Pol\u00edtica de esa misma legislatura y a los se\u00f1ores diputados su presencia; a quienes desde este espacio p\u00fablico deseamos que la comunicaci\u00f3n con el Poder Judicial y los actores de la justicia se materialice en las mejores leyes para afianzar y proyectar los principios de igualdad y no discriminaci\u00f3n, desarrollo y bienestar de los oaxaque\u00f1os; encontrando siempre nuestra colaboraci\u00f3n en aquellos proyectos que, desde el respeto de las atribuciones, podamos contribuir para estos objetivos fundamentales.<\/p>\n<p>Se\u00f1oras y se\u00f1ores:<\/p>\n<p>En el Poder Judicial somos part\u00edcipes de una conciencia social de diferencias y contrastes considerables que nos obligan a contribuir con todas las acciones y pol\u00edticas p\u00fablicas que sean posibles para resolver los problemas de acceso a la justicia.<\/p>\n<p>No descansaremos para conducir con todo esfuerzo e inteligencia la materialidad de expectativas de una sociedad de derechos y democracia en que la dignidad de las oaxaque\u00f1as y los oaxaque\u00f1os sea infranqueable por los factores institucionales o de facto, que pueden llegar a mermar su realidad y a la usanza aristot\u00e9lica; haremos de la justicia una \u00e9tica que se irradie en la sociedad como un orden moral en que la dignidad sea un di\u00e1logo de civilidad permanente y perpetuo para el presente, el futuro y la historia de Oaxaca.<\/p>\n<p>Muchas gracias.<\/p>\n<p><iframe loading=\"lazy\" src=\"\/\/www.youtube.com\/embed\/Wg10cq2yZFI\" frameborder=\"0\" width=\"560\" height=\"315\"><\/iframe><\/p>\n<p><strong>Informaci\u00f3n:<\/strong><\/p>\n<p>El Poder Judicial se ha instituido como una pieza clave de los procesos pol\u00edticos para la consolidaci\u00f3n de la democracia, pues es un \u00f3rgano de impartici\u00f3n de justicia garante de los derechos humanos, respetuoso de la pluralidad y que participa en las relaciones para seguir en el camino de una justicia con valores, a trav\u00e9s de la labor interinstitucional, afirm\u00f3 el magistrado Alfredo Lagunas Rivera, al presentar su informe de actividades 2013.<\/p>\n<p>En sesi\u00f3n solemne del Pleno, a la que asistieron como invitados especiales el gobernador Gabino Cu\u00e9 Monteagudo y el presidente de la Mesa Directiva de la LXII legislatura local, diputado Jes\u00fas L\u00f3pez Rodr\u00edguez, el Magistrado Presidente destac\u00f3 la relevancia del ejercicio judicial como catalizador para la transformaci\u00f3n de una sociedad de malestar a una cultura de bienestar, a trav\u00e9s de las acciones emprendidas por las diversas \u00e1reas del Honorable Tribunal Superior de Justicia y del Consejo de la Judicatura.<\/p>\n<p>En un acto que pondera los principios de transparencia y rendici\u00f3n de cuentas, el magistrado Lagunas Rivera dijo que d\u00eda a d\u00eda, el personal que integra este \u00f3rgano colegiado se encamina para lograr los objetivos trazados al inicio de su mandato, a trav\u00e9s del Plan Estrat\u00e9gico para el Mejoramiento de la Administraci\u00f3n de Justicia.<\/p>\n<p>En este sentido y en presencia de magistrados, consejeros de la Judicatura, jueces, servidores p\u00fablicos judiciales y funcionarios del gobierno estatal, destac\u00f3 que \u201cel Poder Judicial del Estado ha dejado de ser una instituci\u00f3n anclada en la pasividad de los expedientes, para transitar a la justicia en movimiento en la que las acciones emprendidas este a\u00f1o, se dirigen a solucionar los problemas jur\u00eddicos con la mayor eficacia e idoneidad\u201d.<\/p>\n<p>Asimismo, reconoci\u00f3 la labor de los magistrados, consejeros, jueces y funcionarios del Poder Judicial por su compromiso y esfuerzo para transitar por la ruta de la transformaci\u00f3n en la forma de impartir justicia. \u201cNo descansaremos para hacer de la justicia una \u00e9tica que se irradie en la sociedad como un orden moral en que la dignidad sea un di\u00e1logo de civilidad permanente y perpetuo para el presente, el futuro y la historia de Oaxaca\u201d, recalc\u00f3.<\/p>\n<p>Como un acto de reconocimiento, el titular del Poder Judicial agradeci\u00f3 al gobernador Gabino Cu\u00e9 su aportaci\u00f3n para que esta instituci\u00f3n se direccione con la organizaci\u00f3n y estructura que los retos de la sociedad de derechos impone; mientras tanto, extern\u00f3 su disposici\u00f3n para establecer una comunicaci\u00f3n con el Poder Legislativo, a fin de generar mejores leyes que enaltezcan los principios de igualdad, no discriminaci\u00f3n, desarrollo y bienestar de los oaxaque\u00f1os.<\/p>\n<p><strong>Poder Judicial rinde cuentas<\/strong><\/p>\n<p>Durante la presentaci\u00f3n de su Informe, el magistrado Lagunas Rivera dio a conocer que en su funci\u00f3n como presidente del Tribunal Superior de Justicia, se desahogaron dos mil 235 audiencias, las cuales fueron canalizadas a las diversas instancias de este \u00f3rgano colegiado para darles oportuno cumplimiento.<\/p>\n<p>En el \u00e1rea jurisdiccional mencion\u00f3 que m\u00e1s de cuatro mil 600 asuntos fueron atendidos desde las tres Salas Penales, dos Civiles, una Familiar y una Constitucional; mientras que a trav\u00e9s de los 99 juzgados civiles, familiares, mercantiles y penales se conocieron de 27 mil 758 casos en las ocho regiones.<\/p>\n<p>As\u00ed tambi\u00e9n en lo que corresponde a los juzgados de Juicio Oral se recibieron un total de 963 causas correspondientes a las regiones del Istmo, Mixteca, Costa y Cuenca, de las cuales se resolvieron 58.<\/p>\n<p>A trav\u00e9s de la Direcci\u00f3n de Derechos Humanos se dio puntual seguimiento a 115 quejas presentadas ante la Defensor\u00eda de los Derechos Humanos del Pueblo de Oaxaca (DDHPO), emiti\u00e9ndose tres propuestas de conciliaci\u00f3n que fueron aceptadas y cumplidas en su totalidad. Adem\u00e1s, se recibieron 52 solicitudes de colaboraci\u00f3n que fueron atendidas oportunamente, subray\u00f3.<\/p>\n<p>En el rubro de justicia para adolescentes, el magistrado Lagunas Rivera indic\u00f3 que el 2013 fue un a\u00f1o hist\u00f3rico para el Poder Judicial del Estado, al dar reconocimiento a Oaxaca como entidad pionera en el impulso y organizaci\u00f3n del Primer Congreso Internacional de Justicia Juvenil, realizado el a\u00f1o anterior.<\/p>\n<p>Respecto a la formaci\u00f3n judicial, indic\u00f3 que \u00a0se realizaron 188 actividades que beneficiaron a m\u00e1s de cinco mil 760 personas; destacando la preparaci\u00f3n especializada a trav\u00e9s de cursos de actualizaci\u00f3n jur\u00eddica, diplomados, talleres y giras regionales de capacitaci\u00f3n.<\/p>\n<p>Gracias a la labor de esta instituci\u00f3n y de su Centro de Justicia Alternativa, Oaxaca fue sede del XII Congreso Nacional de Mediaci\u00f3n, evento al que asistieron funcionarios de toda la rep\u00fablica; mientras que, m\u00e1s de 10 mil 400 personas fueron beneficiadas en las diferentes \u00e1reas de atenci\u00f3n, inform\u00f3.<\/p>\n<p>Entre los logros relevantes, el titular del Poder Judicial resalt\u00f3 que para fortalecer la protecci\u00f3n de los Derechos Humanos en Oaxaca se instal\u00f3 formalmente en octubre pasado la Sala Constitucional, en cumplimiento a la reforma Constitucional de 2011.<\/p>\n<div>\u00a0<strong>Entradas relacionadas:<\/strong><\/div>\n<p><a title=\"Permalink to Nuevo Sistema de Justicia Penal garantiza pleno ejercicio de Derechos: Juez Gonz\u00e1lez\" href=\"http:\/\/www.eloriente.net\/home\/2013\/12\/11\/nuevo-sistema-de-justicia-penal-garantiza-pleno-ejercicio-de-derechos-humanos\/\" rel=\"bookmark\">Nuevo Sistema de Justicia Penal garantiza pleno ejercicio de Derechos: Juez Gonz\u00e1lez<\/a><\/p>\n<p><a href=\"http:\/\/www.eloriente.net\/home\/2013\/12\/11\/nuevo-sistema-de-justicia-penal-garantiza-pleno-ejercicio-de-derechos-humanos\/\" rel=\"bookmark\"><img decoding=\"async\" title=\"Nuevo Sistema de Justicia Penal garantiza pleno ejercicio de Derechos: Juez Gonz\u00e1lez\" src=\"http:\/\/www.eloriente.net\/home\/wp-content\/themes\/city-desk\/timthumb.php?src=http%3A%2F%2Fwww.eloriente.net%2Fhome%2Fwp-content%2Fuploads%2F2013%2F12%2Fpenal.jpg&amp;q=90&amp;w=160&amp;h=106&amp;zc=1\" alt=\"Nuevo Sistema de Justicia Penal garantiza pleno ejercicio de Derechos: Juez Gonz\u00e1lez\" \/><\/a><\/p>\n<p>eloriente.net\/NSJP 11 de diciembre de 2013 Israel Gonz\u00e1lez Zurita, juez coordinador de los Juzgados de Garant\u00eda de Tuxtepec, se\u00f1al\u00f3 que el Sistema Acusatorio Adversarial suprime los tr\u00e1mites dilatados y engorrosos. La implementaci\u00f3n del nuevo sistema de justicia penal representa un paso firme de los Tres Poderes del Estado hacia la transformaci\u00f3n en la entidad de [&#8230;]<\/p>\n<p>December 11, 2013<\/p>\n<div id=\"post-18204\">\n<p><a title=\"Permalink to Concluyen servidores p\u00fablicos del Poder Judicial Estudios de Especializaci\u00f3n\" href=\"http:\/\/www.eloriente.net\/home\/2013\/12\/07\/concluyen-servidores-publicos-del-poder-judicial-estudios-de-especializacion\/\" rel=\"bookmark\">Concluyen servidores p\u00fablicos del Poder Judicial Estudios de Especializaci\u00f3n<\/a><\/p>\n<p><a href=\"http:\/\/www.eloriente.net\/home\/2013\/12\/07\/concluyen-servidores-publicos-del-poder-judicial-estudios-de-especializacion\/\" rel=\"bookmark\"><img decoding=\"async\" title=\"Concluyen servidores p\u00fablicos del Poder Judicial Estudios de Especializaci\u00f3n\" src=\"http:\/\/www.eloriente.net\/home\/wp-content\/themes\/city-desk\/timthumb.php?src=http%3A%2F%2Fwww.eloriente.net%2Fhome%2Fwp-content%2Fuploads%2F2013%2F12%2FTSJ.jpg&amp;q=90&amp;w=160&amp;h=106&amp;zc=1\" alt=\"Concluyen servidores p\u00fablicos del Poder Judicial Estudios de Especializaci\u00f3n\" \/><\/a><\/p>\n<p>eloriente.net\/TSJ 7 de diciembre de 2013 El magistrado presidente, Alfredo Lagunas Rivera presidi\u00f3 este viernes la ceremonia de entrega de reconocimientos a los egresados de la d\u00e9cima quinta generaci\u00f3n. Al clausurar el ciclo acad\u00e9mico de la d\u00e9cima quinta generaci\u00f3n de Estudios de Especializaci\u00f3n, el titular del Poder Judicial, magistrado Alfredo Lagunas Rivera, afirm\u00f3 que \u201cla [&#8230;]<\/p>\n<p>December 7, 2013<\/p>\n<\/div>\n<div id=\"post-18031\">\n<p><a title=\"Permalink to El juicio oral y p\u00fablico, momento culminante del proceso penal\" href=\"http:\/\/www.eloriente.net\/home\/2013\/12\/04\/el-juicio-oral-y-publico-momento-culminante-del-proceso-penal\/\" rel=\"bookmark\">El juicio oral y p\u00fablico, momento culminante del proceso penal<\/a><\/p>\n<p><a href=\"http:\/\/www.eloriente.net\/home\/2013\/12\/04\/el-juicio-oral-y-publico-momento-culminante-del-proceso-penal\/\" rel=\"bookmark\"><img decoding=\"async\" title=\"El juicio oral y p\u00fablico, momento culminante del proceso penal\" src=\"http:\/\/www.eloriente.net\/home\/wp-content\/themes\/city-desk\/timthumb.php?src=http%3A%2F%2Fwww.eloriente.net%2Fhome%2Fwp-content%2Fuploads%2F2013%2F12%2Fsala-juicio-oral-01.jpg&amp;q=90&amp;w=160&amp;h=106&amp;zc=1\" alt=\"El juicio oral y p\u00fablico, momento culminante del proceso penal\" \/><\/a><\/p>\n<p>eloriente.net\/NSJP 4 de diciembre de 2013 El juez, las partes involucradas y el p\u00fablico que asiste a la audiencia de debate se enteran, al mismo tiempo, de las teor\u00edas del caso de la v\u00edctima y el imputado. En el Nuevo Sistema de Justicia Penal, la etapa de juicio oral constituye la parte central y decisiva [&#8230;]<\/p>\n<p>December 4, 2013<\/p>\n<\/div>\n\n\t\t\t  <div \n\t\t\t  \tclass = \"fb-comments\" \n\t\t\t  \tdata-href = \"http:\/\/www.eloriente.net\/home\/2013\/12\/13\/discurso-del-titular-del-poder-judicial-informe-de-actividades-2013\/\"\n\t\t\t  \tdata-numposts = \"10\"\n\t\t\t\tdata-colorscheme = \"dark\"\n\t\t\t\tdata-order-by = \"social\"\n\t\t\t\tdata-mobile=true>\n\t\t\t  <\/div>\n\t\t  <style>\n\t\t\t.fb_iframe_widget_fluid_desktop iframe {\n\t\t\t    width: 100% !important;\n\t\t\t}\n\t\t  <\/style>\n\t\t  ","protected":false},"excerpt":{"rendered":"<p>eloriente.net\/Tribunal Superior de Justicia 13 de diciembre de 2013 Foto: eloriente.net Este mediod\u00eda, el Presidente del Tribunal Superior de Justicia de Oaxaca, Alfredo Lagunas Rivera, present\u00f3 su Informe de Actividades 2013, en el Sal\u00f3n de Plenos del propio Tribunal, con la presencia del resto de los magistrados de dicha instancia, as\u00ed como de los representantes [&hellip;]<\/p>\n","protected":false},"author":26,"featured_media":18483,"comment_status":"open","ping_status":"open","sticky":false,"template":"","format":"standard","meta":{"_jetpack_memberships_contains_paid_content":false,"footnotes":""},"categories":[91,32,13,63,23,21,31],"tags":[],"class_list":["post-18481","post","type-post","status-publish","format-standard","has-post-thumbnail","hentry","category-congreso-y-justicia","category-entradas","category-especiales","category-estados","category-municipios","category-politica-y-gobierno","category-principal"],"jetpack_featured_media_url":"http:\/\/www.eloriente.net\/home\/wp-content\/uploads\/2013\/12\/TSJ-Informe.jpg","jetpack_sharing_enabled":true,"_links":{"self":[{"href":"http:\/\/www.eloriente.net\/home\/wp-json\/wp\/v2\/posts\/18481"}],"collection":[{"href":"http:\/\/www.eloriente.net\/home\/wp-json\/wp\/v2\/posts"}],"about":[{"href":"http:\/\/www.eloriente.net\/home\/wp-json\/wp\/v2\/types\/post"}],"author":[{"embeddable":true,"href":"http:\/\/www.eloriente.net\/home\/wp-json\/wp\/v2\/users\/26"}],"replies":[{"embeddable":true,"href":"http:\/\/www.eloriente.net\/home\/wp-json\/wp\/v2\/comments?post=18481"}],"version-history":[{"count":21,"href":"http:\/\/www.eloriente.net\/home\/wp-json\/wp\/v2\/posts\/18481\/revisions"}],"predecessor-version":[{"id":20070,"href":"http:\/\/www.eloriente.net\/home\/wp-json\/wp\/v2\/posts\/18481\/revisions\/20070"}],"wp:featuredmedia":[{"embeddable":true,"href":"http:\/\/www.eloriente.net\/home\/wp-json\/wp\/v2\/media\/18483"}],"wp:attachment":[{"href":"http:\/\/www.eloriente.net\/home\/wp-json\/wp\/v2\/media?parent=18481"}],"wp:term":[{"taxonomy":"category","embeddable":true,"href":"http:\/\/www.eloriente.net\/home\/wp-json\/wp\/v2\/categories?post=18481"},{"taxonomy":"post_tag","embeddable":true,"href":"http:\/\/www.eloriente.net\/home\/wp-json\/wp\/v2\/tags?post=18481"}],"curies":[{"name":"wp","href":"https:\/\/api.w.org\/{rel}","templated":true}]}}