{"id":18498,"date":"2013-12-13T20:02:08","date_gmt":"2013-12-14T02:02:08","guid":{"rendered":"http:\/\/www.eloriente.net\/home\/?p=18498"},"modified":"2013-12-13T20:02:08","modified_gmt":"2013-12-14T02:02:08","slug":"entrega-del-archivo-historico-municipal-y-distrital-de-cuicatlan","status":"publish","type":"post","link":"http:\/\/www.eloriente.net\/home\/2013\/12\/13\/entrega-del-archivo-historico-municipal-y-distrital-de-cuicatlan\/","title":{"rendered":"Entrega del Archivo Hist\u00f3rico Municipal y Distrital de Cuicatl\u00e1n"},"content":{"rendered":"<p>todooaxacaradio.com\/FAHHO<\/p>\n<p>13 de diciembre de 2013<\/p>\n<p>La Fundaci\u00f3n Alfredo Harp Hel\u00fa Oaxaca invita al p\u00fablico en general a asistir a la entrega del Archivo Hist\u00f3rico Municipal\u00a0y Distrital de Cuicatl\u00e1n, en dicha localidad.<\/p>\n<div title=\"Page 2\">\n<p>Un archivo hist\u00f3rico es un documento que dejaron los antepasados de alguna regi\u00f3n, es de utilidad a personas interesadas en conocer la historia de sus familias o comunidades. A trave\u0301s de ellas se puede conocer su manera de vivir, sus luchas y conflictos, sus intereses y preocupaciones. Algunas personas ven en los archivos histo\u0301ricos so\u0301lo \u2018papeles viejos que no sirven\u2019, y desconocen su importancia y utilidad.<\/p>\n<div title=\"Page 2\">\n<p>El archivo hist\u00f3rico de Cuicatla\u0301n contiene acervos de muy diversas tema\u0301ticas: padrones, documentos del registro civil y oficios de las autoridades, el cual permite conocer el proceso de construccio\u0301n y desarrollo del ferrocarril en La Can\u0303ada, las adjudicaciones de tierras en la Sierra a favor de inversionistas para el cultivo del cafe\u0301, la explotacio\u0301n de minas y \u00a0los mapas hechos por la Comisio\u0301n Exploradora. Tambie\u0301n hay papeles sobre las primeras escuelas del distrito, la compra-venta de terrenos, conflictos sobre la tierras, y muchos temas ma\u0301s.<\/p>\n<\/div>\n<p>El evento se llevar\u00e1 a cabo el d\u00eda domingo 15 de diciembre de 2013 a las 18:00 horas en Cuicatl\u00e1n. Previamente se ofrecer\u00e1 una comida a todos los asistentes por parte de la comunidad.<\/p>\n<p>&nbsp;<\/p>\n<\/div>\n<p><a href=\"http:\/\/www.eloriente.net\/home\/wp-content\/uploads\/2013\/12\/Cuicatlan.jpg\"><img loading=\"lazy\" decoding=\"async\" class=\"alignnone size-medium wp-image-18499\" title=\"Cuicatlan\" src=\"http:\/\/www.eloriente.net\/home\/wp-content\/uploads\/2013\/12\/Cuicatlan-300x229.jpg\" alt=\"\" width=\"300\" height=\"229\" srcset=\"http:\/\/www.eloriente.net\/home\/wp-content\/uploads\/2013\/12\/Cuicatlan-300x229.jpg 300w, http:\/\/www.eloriente.net\/home\/wp-content\/uploads\/2013\/12\/Cuicatlan-1024x784.jpg 1024w, http:\/\/www.eloriente.net\/home\/wp-content\/uploads\/2013\/12\/Cuicatlan.jpg 1108w\" sizes=\"(max-width: 300px) 100vw, 300px\" \/><\/a><\/p>\n<p>&nbsp;<\/p>\n<p><strong>Entradas relacionadas:<\/strong><\/p>\n<p><a title=\"Permalink to Facultad de Arquitectura implementar\u00e1 programas acad\u00e9micos en su campo de estudio\" href=\"http:\/\/www.eloriente.net\/home\/2013\/12\/13\/facultad-de-arquitectura-implementara-programas-academicos-en-su-campo-de-estudio\/\" rel=\"bookmark\">Facultad de Arquitectura implementar\u00e1 programas acad\u00e9micos en su campo de estudio<\/a><\/p>\n<p><a href=\"http:\/\/www.eloriente.net\/home\/2013\/12\/13\/facultad-de-arquitectura-implementara-programas-academicos-en-su-campo-de-estudio\/\" rel=\"bookmark\"><img decoding=\"async\" title=\"Facultad de Arquitectura implementar\u00e1 programas acad\u00e9micos en su campo de estudio\" src=\"http:\/\/www.eloriente.net\/home\/wp-content\/themes\/city-desk\/timthumb.php?src=http%3A%2F%2Fwww.eloriente.net%2Fhome%2Fwp-content%2Fuploads%2F2013%2F12%2F13-7.jpg&amp;q=90&amp;w=160&amp;h=106&amp;zc=1\" alt=\"Facultad de Arquitectura implementar\u00e1 programas acad\u00e9micos en su campo de estudio\" \/><\/a><\/p>\n<p>eloriente.net\/UABJO 13 de diciembre de 2013 En sesi\u00f3n extraordinaria de Consejo T\u00e9cnico, efectuada en el DOIA, el director de la Facultad de Arquitectura C.U de la Universidad Aut\u00f3noma \u201cBenito Ju\u00e1rez\u201d de Oaxaca (UABJO), Enrique Mayoral Guzm\u00e1n rindi\u00f3 su primer informe de actividades acad\u00e9mico administrativas. As\u00ed, en presencia del rector de la M\u00e1xima Casa de Estudios [&#8230;]<\/p>\n<p>December 13, 2013<\/p>\n<div id=\"post-18450\">\n<p><a title=\"Permalink to Huatulco obtiene certificaciones Earth Check y Blue Flag\" href=\"http:\/\/www.eloriente.net\/home\/2013\/12\/13\/huatulco-obtiene-certificaciones-earth-check-y-blue-flag\/\" rel=\"bookmark\">Huatulco obtiene certificaciones Earth Check y Blue Flag<\/a><\/p>\n<p><a href=\"http:\/\/www.eloriente.net\/home\/2013\/12\/13\/huatulco-obtiene-certificaciones-earth-check-y-blue-flag\/\" rel=\"bookmark\"><img decoding=\"async\" title=\"Huatulco obtiene certificaciones Earth Check y Blue Flag\" src=\"http:\/\/www.eloriente.net\/home\/wp-content\/themes\/city-desk\/timthumb.php?src=http%3A%2F%2Fwww.eloriente.net%2Fhome%2Fwp-content%2Fuploads%2F2013%2F12%2FHuatulco.jpg&amp;q=90&amp;w=160&amp;h=106&amp;zc=1\" alt=\"Huatulco obtiene certificaciones Earth Check y Blue Flag\" \/><\/a><\/p>\n<p>eloriente.net 13 de diciembre de 2013 Por su compromiso ecol\u00f3gico y sustentable, Huatulco fue reconocida con las certificaciones Earth Check y Blue Flag, debido a las acciones que se han llevado a cabo en beneficio del municipio y la industria tur\u00edstica de la regi\u00f3n. Por parte de la Organizaci\u00f3n EarthCheck, Huatulco recibi\u00f3 el certificado \u201cOro\u201d. [&#8230;]<\/p>\n<p>December 13, 2013<\/p>\n<\/div>\n<div id=\"post-18430\">\n<p><a title=\"Permalink to Uruguay legaliza la marihuana; es el primer pa\u00eds en Am\u00e9rica Latina\" href=\"http:\/\/www.eloriente.net\/home\/2013\/12\/12\/uruguay-legaliza-la-marihuana-es-el-primer-pais-en-america-latina\/\" rel=\"bookmark\">Uruguay legaliza la marihuana; es el primer pa\u00eds en Am\u00e9rica Latina<\/a><\/p>\n<p><a href=\"http:\/\/www.eloriente.net\/home\/2013\/12\/12\/uruguay-legaliza-la-marihuana-es-el-primer-pais-en-america-latina\/\" rel=\"bookmark\"><img decoding=\"async\" title=\"Uruguay legaliza la marihuana; es el primer pa\u00eds en Am\u00e9rica Latina\" src=\"http:\/\/www.eloriente.net\/home\/wp-content\/themes\/city-desk\/timthumb.php?src=http%3A%2F%2Fwww.eloriente.net%2Fhome%2Fwp-content%2Fuploads%2F2013%2F12%2Furuguay-marihuana.jpg&amp;q=90&amp;w=160&amp;h=106&amp;zc=1\" alt=\"Uruguay legaliza la marihuana; es el primer pa\u00eds en Am\u00e9rica Latina\" \/><\/a><\/p>\n<p>eloriente.net 12 de diciembre de 2013 Uruguay se convirti\u00f3 en el primer pa\u00eds en legalizar el cultivo, la venta y el consumo de la marihuana, luego de que ayer martes el Senado ratificara el proyecto de ley aprobado por la C\u00e1mara de Diputados, esto con el objetivo de arrebatar el negocio de los delincuentes en [&#8230;]<\/p>\n<p>December 12, 2013<\/p>\n<\/div>\n\n\t\t\t  <div \n\t\t\t  \tclass = \"fb-comments\" \n\t\t\t  \tdata-href = \"http:\/\/www.eloriente.net\/home\/2013\/12\/13\/entrega-del-archivo-historico-municipal-y-distrital-de-cuicatlan\/\"\n\t\t\t  \tdata-numposts = \"10\"\n\t\t\t\tdata-colorscheme = \"dark\"\n\t\t\t\tdata-order-by = \"social\"\n\t\t\t\tdata-mobile=true>\n\t\t\t  <\/div>\n\t\t  <style>\n\t\t\t.fb_iframe_widget_fluid_desktop iframe {\n\t\t\t    width: 100% !important;\n\t\t\t}\n\t\t  <\/style>\n\t\t  ","protected":false},"excerpt":{"rendered":"<p>todooaxacaradio.com\/FAHHO 13 de diciembre de 2013 La Fundaci\u00f3n Alfredo Harp Hel\u00fa Oaxaca invita al p\u00fablico en general a asistir a la entrega del Archivo Hist\u00f3rico Municipal\u00a0y Distrital de Cuicatl\u00e1n, en dicha localidad. Un archivo hist\u00f3rico es un documento que dejaron los antepasados de alguna regi\u00f3n, es de utilidad a personas interesadas en conocer la historia [&hellip;]<\/p>\n","protected":false},"author":26,"featured_media":18499,"comment_status":"open","ping_status":"open","sticky":false,"template":"","format":"standard","meta":{"_jetpack_memberships_contains_paid_content":false,"footnotes":""},"categories":[8,32,10],"tags":[],"class_list":["post-18498","post","type-post","status-publish","format-standard","has-post-thumbnail","hentry","category-agenda","category-entradas","category-lo-mas-reciente"],"jetpack_featured_media_url":"http:\/\/www.eloriente.net\/home\/wp-content\/uploads\/2013\/12\/Cuicatlan.jpg","jetpack_sharing_enabled":true,"_links":{"self":[{"href":"http:\/\/www.eloriente.net\/home\/wp-json\/wp\/v2\/posts\/18498"}],"collection":[{"href":"http:\/\/www.eloriente.net\/home\/wp-json\/wp\/v2\/posts"}],"about":[{"href":"http:\/\/www.eloriente.net\/home\/wp-json\/wp\/v2\/types\/post"}],"author":[{"embeddable":true,"href":"http:\/\/www.eloriente.net\/home\/wp-json\/wp\/v2\/users\/26"}],"replies":[{"embeddable":true,"href":"http:\/\/www.eloriente.net\/home\/wp-json\/wp\/v2\/comments?post=18498"}],"version-history":[{"count":2,"href":"http:\/\/www.eloriente.net\/home\/wp-json\/wp\/v2\/posts\/18498\/revisions"}],"predecessor-version":[{"id":18501,"href":"http:\/\/www.eloriente.net\/home\/wp-json\/wp\/v2\/posts\/18498\/revisions\/18501"}],"wp:featuredmedia":[{"embeddable":true,"href":"http:\/\/www.eloriente.net\/home\/wp-json\/wp\/v2\/media\/18499"}],"wp:attachment":[{"href":"http:\/\/www.eloriente.net\/home\/wp-json\/wp\/v2\/media?parent=18498"}],"wp:term":[{"taxonomy":"category","embeddable":true,"href":"http:\/\/www.eloriente.net\/home\/wp-json\/wp\/v2\/categories?post=18498"},{"taxonomy":"post_tag","embeddable":true,"href":"http:\/\/www.eloriente.net\/home\/wp-json\/wp\/v2\/tags?post=18498"}],"curies":[{"name":"wp","href":"https:\/\/api.w.org\/{rel}","templated":true}]}}