{"id":18517,"date":"2013-12-14T09:29:10","date_gmt":"2013-12-14T15:29:10","guid":{"rendered":"http:\/\/www.eloriente.net\/home\/?p=18517"},"modified":"2013-12-14T11:30:08","modified_gmt":"2013-12-14T17:30:08","slug":"dignidad-y-protesta-en-material-fotografico-de-sebastiao-salgado","status":"publish","type":"post","link":"http:\/\/www.eloriente.net\/home\/2013\/12\/14\/dignidad-y-protesta-en-material-fotografico-de-sebastiao-salgado\/","title":{"rendered":"Dignidad y protesta en material fotogr\u00e1fico de Sebasti\u00e3o Salgado"},"content":{"rendered":"<p>eloriente.net<\/p>\n<p>14 de diciembre de 2013<\/p>\n<p><a href=\"http:\/\/www.eloriente.net\/home\/wp-content\/uploads\/2013\/12\/Salgado.jpg\"><img loading=\"lazy\" decoding=\"async\" class=\"alignnone size-medium wp-image-18518\" title=\"Salgado\" src=\"http:\/\/www.eloriente.net\/home\/wp-content\/uploads\/2013\/12\/Salgado-300x121.jpg\" alt=\"\" width=\"300\" height=\"121\" srcset=\"http:\/\/www.eloriente.net\/home\/wp-content\/uploads\/2013\/12\/Salgado-300x121.jpg 300w, http:\/\/www.eloriente.net\/home\/wp-content\/uploads\/2013\/12\/Salgado.jpg 938w\" sizes=\"(max-width: 300px) 100vw, 300px\" \/><\/a><\/p>\n<p>Foto:\u00a0Edmond Terakopian<\/p>\n<p>&nbsp;<\/p>\n<p>Sebasti\u00e3o Salgado es un fot\u00f3grafo brasile\u00f1o, reconocido en el mundo como uno de los mejores reporteros gr\u00e1ficos, quien ha sido galardonado con premios distinguidos como Premio Pr\u00edncipe de Asturias de las Artes y Premio Internacional de la Fundaci\u00f3n Hasselblad, por su material fotogr\u00e1fico con un enfoque social.<\/p>\n<p>Inici\u00f3 su carrera profesional como fot\u00f3grafo al descubrir sus habilidades visuales cuando estaba trabajando como economista para la Organizaci\u00f3n Internacional del Caf\u00e9; \u00e9l constantemente era asignado a realizar misiones en \u00c1frica para el Banco Mundial, en dichos lugares, Salgado tomaba im\u00e1genes de sus experiencias. Posteriormente abandon\u00f3 sus labores financieras y obtuvo un empleo como fot\u00f3grafo de asignaciones de noticias, antes de decidirse por el giro de tipo documental.<\/p>\n<p>A trav\u00e9s de sus fotograf\u00edas, Salgado intenta determinar y comunicar el significado profundo de la dignidad humana, a la vez que protesta contra su violaci\u00f3n, a causa de la guerra, la pobreza y otras injusticias.<\/p>\n<p>Sebasti\u00e3o Salgado despu\u00e9s de haber colaborado con la foto agencia Sygma y Gamma con sede en Par\u00eds; y con la cooperativa internacional de fot\u00f3grafos, Magnus Photos, form\u00f3 su propia firma Amazonas Images para poder presentar sus obras en la capital francesa.<\/p>\n<p>Sus trabajos han sido publicados en numerosas revistas y peri\u00f3dicos, exposiciones, sitios de internet y en libros como Otras Am\u00e9ricas (1986), Sahel: l&#8217; homme en d\u00e9tresse (1986), Sahel: El Fin del camino (1988), Trabajadores (1993), Terra (1997), Migraciones y Retratos (2000) y \u00c1frica (2007).<\/p>\n<p>El 3 de abril de 2001 fue nombrado Embajador de Buena Voluntad del UNICEF; tambi\u00e9n es\u00a0miembro honorario de la Academia de las Artes y las Ciencias de Estados Unidos. Salgado ha viajado en m\u00e1s de 100 pa\u00edses para sus proyectos fotogr\u00e1ficos. El director de la galer\u00eda &#8216;El veterano&#8217;, Hal Gould, lo considera como el fot\u00f3grafo m\u00e1s importante de principios del siglo XXI.<\/p>\n<p>En 2004, Sebasti\u00e3o Salgado realiz\u00f3 uno de sus proyectos m\u00e1s importantes llamado \u00abG\u00e9nesis\u00bb, esta obra consiste en una serie de fotograf\u00edas de paisajes y vida silvestre , as\u00ed como de las comunidades humanas que siguen preservando sus tradiciones y culturas ancestrales. Este trabajo lo han considerado como un redescubrimiento de la humanidad de s\u00ed misma en la naturaleza.<\/p>\n<p>ELORIENTE.NET pone a tu disposici\u00f3n una compilaci\u00f3n de im\u00e1genes del fotoperiodista\u00a0Sebasti\u00e3o Salgado.<\/p>\n<p>&nbsp;<\/p>\n<p><iframe loading=\"lazy\" src=\"\/\/www.youtube.com\/embed\/iPyGB5SN4hI\" frameborder=\"0\" width=\"560\" height=\"315\"><\/iframe><\/p>\n<p>Video: <a dir=\"ltr\" href=\"http:\/\/www.youtube.com\/user\/PatrickMateus1991?feature=watch\" data-sessionlink=\"feature=watch&amp;ei=r3msUoypBrT0kQLiwIDADg\" data-ytid=\"UCMQ0G575I2OKBdVqw8sbMXQ\" data-name=\"watch\">Patrick Mateus<\/a><\/p>\n<p>&nbsp;<\/p>\n<p><strong>Entradas relacionadas:\u00a0<\/strong><\/p>\n<p><a title=\"Permalink to Huatulco obtiene certificaciones Earth Check y Blue Flag\" href=\"http:\/\/www.eloriente.net\/home\/2013\/12\/13\/huatulco-obtiene-certificaciones-earth-check-y-blue-flag\/\" rel=\"bookmark\">Huatulco obtiene certificaciones Earth Check y Blue Flag<\/a><\/p>\n<p><a href=\"http:\/\/www.eloriente.net\/home\/2013\/12\/13\/huatulco-obtiene-certificaciones-earth-check-y-blue-flag\/\" rel=\"bookmark\"><img decoding=\"async\" title=\"Huatulco obtiene certificaciones Earth Check y Blue Flag\" src=\"http:\/\/www.eloriente.net\/home\/wp-content\/themes\/city-desk\/timthumb.php?src=http%3A%2F%2Fwww.eloriente.net%2Fhome%2Fwp-content%2Fuploads%2F2013%2F12%2FHuatulco.jpg&amp;q=90&amp;w=160&amp;h=106&amp;zc=1\" alt=\"Huatulco obtiene certificaciones Earth Check y Blue Flag\" \/><\/a><\/p>\n<p>eloriente.net 13 de diciembre de 2013 Por su compromiso ecol\u00f3gico y sustentable, Huatulco fue reconocida con las certificaciones Earth Check y Blue Flag, debido a las acciones que se han llevado a cabo en beneficio del municipio y la industria tur\u00edstica de la regi\u00f3n. Por parte de la Organizaci\u00f3n EarthCheck, Huatulco recibi\u00f3 el certificado \u201cOro\u201d. [&#8230;]<\/p>\n<p>December 13, 2013<\/p>\n<div id=\"post-18430\">\n<p><a title=\"Permalink to Uruguay legaliza la marihuana; es el primer pa\u00eds en Am\u00e9rica Latina\" href=\"http:\/\/www.eloriente.net\/home\/2013\/12\/12\/uruguay-legaliza-la-marihuana-es-el-primer-pais-en-america-latina\/\" rel=\"bookmark\">Uruguay legaliza la marihuana; es el primer pa\u00eds en Am\u00e9rica Latina<\/a><\/p>\n<p><a href=\"http:\/\/www.eloriente.net\/home\/2013\/12\/12\/uruguay-legaliza-la-marihuana-es-el-primer-pais-en-america-latina\/\" rel=\"bookmark\"><img decoding=\"async\" title=\"Uruguay legaliza la marihuana; es el primer pa\u00eds en Am\u00e9rica Latina\" src=\"http:\/\/www.eloriente.net\/home\/wp-content\/themes\/city-desk\/timthumb.php?src=http%3A%2F%2Fwww.eloriente.net%2Fhome%2Fwp-content%2Fuploads%2F2013%2F12%2Furuguay-marihuana.jpg&amp;q=90&amp;w=160&amp;h=106&amp;zc=1\" alt=\"Uruguay legaliza la marihuana; es el primer pa\u00eds en Am\u00e9rica Latina\" \/><\/a><\/p>\n<p>eloriente.net 12 de diciembre de 2013 Uruguay se convirti\u00f3 en el primer pa\u00eds en legalizar el cultivo, la venta y el consumo de la marihuana, luego de que ayer martes el Senado ratificara el proyecto de ley aprobado por la C\u00e1mara de Diputados, esto con el objetivo de arrebatar el negocio de los delincuentes en [&#8230;]<\/p>\n<p>December 12, 2013<\/p>\n<\/div>\n<div id=\"post-18415\">\n<p><a title=\"Permalink to Resultados del Programa Internacional de Evaluaci\u00f3n de los Alumnos: OCDE\" href=\"http:\/\/www.eloriente.net\/home\/2013\/12\/12\/resultados-pisa-2012\/\" rel=\"bookmark\">Resultados del Programa Internacional de Evaluaci\u00f3n de los Alumnos: OCDE<\/a><\/p>\n<p><a href=\"http:\/\/www.eloriente.net\/home\/2013\/12\/12\/resultados-pisa-2012\/\" rel=\"bookmark\"><img decoding=\"async\" title=\"Resultados del Programa Internacional de Evaluaci\u00f3n de los Alumnos: OCDE\" src=\"http:\/\/www.eloriente.net\/home\/wp-content\/themes\/city-desk\/timthumb.php?src=http%3A%2F%2Fwww.eloriente.net%2Fhome%2Fwp-content%2Fuploads%2F2013%2F12%2Feducacion.jpg&amp;q=90&amp;w=160&amp;h=106&amp;zc=1\" alt=\"Resultados del Programa Internacional de Evaluaci\u00f3n de los Alumnos: OCDE\" \/><\/a><\/p>\n<p>eloriente.net 12 de diciembre de 2013 Por: Miguel Carbonell La Organizaci\u00f3n para la Cooperaci\u00f3n y el Desarrollo Econ\u00f3micos (OCDE) present\u00f3 los resultados relativos al a\u00f1o 2012 del Programa para la Evaluaci\u00f3n Internacional de Alumnos (PISA, por sus siglas en ingl\u00e9s), que se centraron en las matem\u00e1ticas, la lectura, la ciencia y las \u00e1reas de mayor [&#8230;]<\/p>\n<p>December 12, 2013<\/p>\n<\/div>\n\n\t\t\t  <div \n\t\t\t  \tclass = \"fb-comments\" \n\t\t\t  \tdata-href = \"http:\/\/www.eloriente.net\/home\/2013\/12\/14\/dignidad-y-protesta-en-material-fotografico-de-sebastiao-salgado\/\"\n\t\t\t  \tdata-numposts = \"10\"\n\t\t\t\tdata-colorscheme = \"dark\"\n\t\t\t\tdata-order-by = \"social\"\n\t\t\t\tdata-mobile=true>\n\t\t\t  <\/div>\n\t\t  <style>\n\t\t\t.fb_iframe_widget_fluid_desktop iframe {\n\t\t\t    width: 100% !important;\n\t\t\t}\n\t\t  <\/style>\n\t\t  ","protected":false},"excerpt":{"rendered":"<p>eloriente.net 14 de diciembre de 2013 Foto:\u00a0Edmond Terakopian &nbsp; Sebasti\u00e3o Salgado es un fot\u00f3grafo brasile\u00f1o, reconocido en el mundo como uno de los mejores reporteros gr\u00e1ficos, quien ha sido galardonado con premios distinguidos como Premio Pr\u00edncipe de Asturias de las Artes y Premio Internacional de la Fundaci\u00f3n Hasselblad, por su material fotogr\u00e1fico con un enfoque [&hellip;]<\/p>\n","protected":false},"author":26,"featured_media":18518,"comment_status":"open","ping_status":"open","sticky":false,"template":"","format":"standard","meta":{"_jetpack_memberships_contains_paid_content":false,"footnotes":""},"categories":[6,18,32,31],"tags":[],"class_list":["post-18517","post","type-post","status-publish","format-standard","has-post-thumbnail","hentry","category-canal-4-especiales","category-educacion-y-cultura","category-entradas","category-principal"],"jetpack_featured_media_url":"http:\/\/www.eloriente.net\/home\/wp-content\/uploads\/2013\/12\/Salgado.jpg","jetpack_sharing_enabled":true,"_links":{"self":[{"href":"http:\/\/www.eloriente.net\/home\/wp-json\/wp\/v2\/posts\/18517"}],"collection":[{"href":"http:\/\/www.eloriente.net\/home\/wp-json\/wp\/v2\/posts"}],"about":[{"href":"http:\/\/www.eloriente.net\/home\/wp-json\/wp\/v2\/types\/post"}],"author":[{"embeddable":true,"href":"http:\/\/www.eloriente.net\/home\/wp-json\/wp\/v2\/users\/26"}],"replies":[{"embeddable":true,"href":"http:\/\/www.eloriente.net\/home\/wp-json\/wp\/v2\/comments?post=18517"}],"version-history":[{"count":12,"href":"http:\/\/www.eloriente.net\/home\/wp-json\/wp\/v2\/posts\/18517\/revisions"}],"predecessor-version":[{"id":18535,"href":"http:\/\/www.eloriente.net\/home\/wp-json\/wp\/v2\/posts\/18517\/revisions\/18535"}],"wp:featuredmedia":[{"embeddable":true,"href":"http:\/\/www.eloriente.net\/home\/wp-json\/wp\/v2\/media\/18518"}],"wp:attachment":[{"href":"http:\/\/www.eloriente.net\/home\/wp-json\/wp\/v2\/media?parent=18517"}],"wp:term":[{"taxonomy":"category","embeddable":true,"href":"http:\/\/www.eloriente.net\/home\/wp-json\/wp\/v2\/categories?post=18517"},{"taxonomy":"post_tag","embeddable":true,"href":"http:\/\/www.eloriente.net\/home\/wp-json\/wp\/v2\/tags?post=18517"}],"curies":[{"name":"wp","href":"https:\/\/api.w.org\/{rel}","templated":true}]}}