{"id":18619,"date":"2013-12-16T11:10:00","date_gmt":"2013-12-16T17:10:00","guid":{"rendered":"http:\/\/www.eloriente.net\/home\/?p=18619"},"modified":"2013-12-16T11:10:00","modified_gmt":"2013-12-16T17:10:00","slug":"consejo-ciudadano-entrega-premio-nacional-de-periodismo","status":"publish","type":"post","link":"http:\/\/www.eloriente.net\/home\/2013\/12\/16\/consejo-ciudadano-entrega-premio-nacional-de-periodismo\/","title":{"rendered":"Consejo Ciudadano entrega Premio Nacional de Periodismo"},"content":{"rendered":"<p>eloriente.net\/UABJO<\/p>\n<p>16 de diciembre de 2013<\/p>\n<p>El Consejo Ciudadano del Premio Nacional de Periodismo entreg\u00f3 el Premio Nacional de Periodismo 2012 con el que se distingue cada a\u00f1o a los mejores trabajos por su calidad period\u00edstica ejercida en beneficio de la opini\u00f3n p\u00fablica.<\/p>\n<p>En esta ocasi\u00f3n dicho consejo estuvo integrado por un grupo de periodistas, acad\u00e9micos y ciudadanos involucrados en el \u00e1mbito period\u00edstico de la talla del escritor, Ren\u00e9 Avil\u00e9s Fabila, quien fungi\u00f3 como Presidente, de igual forma estuvieron Agust\u00edn Serna Zamarr\u00f3n, Isabel Hern\u00e1ndez Medel, Javier Valdez C\u00e1rdenas, Jorge Alberto Lamoyi Bocanegra, Justine Dupuy, Mar\u00eda F\u00e9lix Escalante Romero, Pedro Cervantes Roque, Yenizar Sousa Aubert, entre otros.<\/p>\n<p>Ellos determinaron de manera independiente, imparcial y con responsabilidad, que el Premio Nacional de Periodismo 2012 fuera otorgado, en sus ocho categor\u00edas: Noticia, Reportaje \/ Periodismo de Investigaci\u00f3n, Cr\u00f3nica, Entrevista, Fotograf\u00eda, Art\u00edculo de Fondo \/ Opini\u00f3n, Caricatura \/ Humor, Divulgaci\u00f3n Cient\u00edfica y Cultural, y Trayectoria Period\u00edstica.<\/p>\n<p>Cada trabajo que se presenta ante el jurado calificador es digno y sobre todo importante, debido a que cada participante busca la excelencia period\u00edstica en su labor diaria y considera que es merecedora de competir entre los mejores trabajos de M\u00e9xico. Considerando lo anterior es evidente que no s\u00f3lo es importante trabajar para obtener un bien material, sino por la satisfacci\u00f3n de incluirse en una sana competencia, adem\u00e1s por el hecho de la valoraci\u00f3n hacia el esfuerzo y la energ\u00eda que cada uno de los participantes demand\u00f3 durante la elaboraci\u00f3n de los trabajos period\u00edsticos, de esa manera motivar a todos los periodistas a elevar el grado de compromiso sirviendo como un ejemplo y modelo a seguir.<\/p>\n<p>Las instituciones que con conforman el Consejo Ciudadano son: Universidad Aut\u00f3noma \u201cBenito Ju\u00e1rez\u201d de Oaxaca (UABJO); Universidad Ju\u00e1rez Aut\u00f3noma de Tabasco (Presidencia 2013); Instituto Polit\u00e9cnico Nacional; Universidad Iberoamericana; Universidad Nacional Aut\u00f3noma de M\u00e9xico; Benem\u00e9rita Universidad Aut\u00f3noma de Puebla; Universidad Aut\u00f3noma de Quer\u00e9taro; Escuela de Periodismo Carlos Septi\u00e9n Garc\u00eda; Asociaci\u00f3n de Editores de los Estados; C\u00e1mara Nacional de la Industria de Radio y Televisi\u00f3n; por mencionar algunas.<\/p>\n<p>&nbsp;<\/p>\n<p><a href=\"http:\/\/www.eloriente.net\/home\/wp-content\/uploads\/2013\/12\/unnamed.jpg\"><img loading=\"lazy\" decoding=\"async\" class=\"alignnone size-medium wp-image-18620\" title=\"unnamed\" src=\"http:\/\/www.eloriente.net\/home\/wp-content\/uploads\/2013\/12\/unnamed-300x225.jpg\" alt=\"\" width=\"300\" height=\"225\" srcset=\"http:\/\/www.eloriente.net\/home\/wp-content\/uploads\/2013\/12\/unnamed-300x225.jpg 300w, http:\/\/www.eloriente.net\/home\/wp-content\/uploads\/2013\/12\/unnamed.jpg 570w\" sizes=\"(max-width: 300px) 100vw, 300px\" \/><\/a><\/p>\n<p>Foto: UABJO<\/p>\n<p>&nbsp;<\/p>\n<p><strong>Entradas relacionadas:\u00a0<\/strong><\/p>\n<p><a title=\"Permalink to Facultad de Arquitectura implementar\u00e1 programas acad\u00e9micos en su campo de estudio\" href=\"http:\/\/www.eloriente.net\/home\/2013\/12\/13\/facultad-de-arquitectura-implementara-programas-academicos-en-su-campo-de-estudio\/\" rel=\"bookmark\">Facultad de Arquitectura implementar\u00e1 programas acad\u00e9micos en su campo de estudio<\/a><\/p>\n<p><a href=\"http:\/\/www.eloriente.net\/home\/2013\/12\/13\/facultad-de-arquitectura-implementara-programas-academicos-en-su-campo-de-estudio\/\" rel=\"bookmark\"><img decoding=\"async\" title=\"Facultad de Arquitectura implementar\u00e1 programas acad\u00e9micos en su campo de estudio\" src=\"http:\/\/www.eloriente.net\/home\/wp-content\/themes\/city-desk\/timthumb.php?src=http%3A%2F%2Fwww.eloriente.net%2Fhome%2Fwp-content%2Fuploads%2F2013%2F12%2F13-7.jpg&amp;q=90&amp;w=160&amp;h=106&amp;zc=1\" alt=\"Facultad de Arquitectura implementar\u00e1 programas acad\u00e9micos en su campo de estudio\" \/><\/a><\/p>\n<p>eloriente.net\/UABJO 13 de diciembre de 2013 En sesi\u00f3n extraordinaria de Consejo T\u00e9cnico, efectuada en el DOIA, el director de la Facultad de Arquitectura C.U de la Universidad Aut\u00f3noma \u201cBenito Ju\u00e1rez\u201d de Oaxaca (UABJO), Enrique Mayoral Guzm\u00e1n rindi\u00f3 su primer informe de actividades acad\u00e9mico administrativas. As\u00ed, en presencia del rector de la M\u00e1xima Casa de Estudios [&#8230;]<\/p>\n<p>December 13, 2013<\/p>\n<div id=\"post-18402\">\n<p><a title=\"Permalink to Inicia diplomado de planeaci\u00f3n universitaria en la UABJO\" href=\"http:\/\/www.eloriente.net\/home\/2013\/12\/12\/inicia-diplomado-de-planeacion-universitaria-en-la-uabjo\/\" rel=\"bookmark\">Inicia diplomado de planeaci\u00f3n universitaria en la UABJO<\/a><\/p>\n<p><a href=\"http:\/\/www.eloriente.net\/home\/2013\/12\/12\/inicia-diplomado-de-planeacion-universitaria-en-la-uabjo\/\" rel=\"bookmark\"><img decoding=\"async\" title=\"Inicia diplomado de planeaci\u00f3n universitaria en la UABJO\" src=\"http:\/\/www.eloriente.net\/home\/wp-content\/themes\/city-desk\/timthumb.php?src=http%3A%2F%2Fwww.eloriente.net%2Fhome%2Fwp-content%2Fuploads%2F2013%2F12%2FPlaneacion-universitaria.jpg&amp;q=90&amp;w=160&amp;h=106&amp;zc=1\" alt=\"Inicia diplomado de planeaci\u00f3n universitaria en la UABJO\" \/><\/a><\/p>\n<p>eloriente.net\/UABJO 12 de diciembre de 2013 Con el prop\u00f3sito de dotar de herramientas necesarias al personal administrativo de la Universidad Aut\u00f3noma \u201cBenito Ju\u00e1rez\u201d de Oaxaca (UABJO), inici\u00f3 el Diplomado de Planeaci\u00f3n Universitaria, el cual brindar\u00e1 asesor\u00edas para la adecuaci\u00f3n de los planes de desarrollo de las diferentes Secretar\u00edas y direcciones de todas las Unidades Acad\u00e9micas. [&#8230;]<\/p>\n<p>December 12, 2013<\/p>\n<\/div>\n<div id=\"post-18364\">\n<p><a title=\"Permalink to Ana Luz Ramos Soto recibe premio \u2018Irene Robledo\u2019 de la Universidad de Guadalajara\" href=\"http:\/\/www.eloriente.net\/home\/2013\/12\/11\/ana-luz-ramos-soto-recibe-premio-irene-robledo\/\" rel=\"bookmark\">Ana Luz Ramos Soto recibe premio \u2018Irene Robledo\u2019 de la Universidad de Guadalajara<\/a><\/p>\n<p><a href=\"http:\/\/www.eloriente.net\/home\/2013\/12\/11\/ana-luz-ramos-soto-recibe-premio-irene-robledo\/\" rel=\"bookmark\"><img decoding=\"async\" title=\"Ana Luz Ramos Soto recibe premio \u2018Irene Robledo\u2019 de la Universidad de Guadalajara\" src=\"http:\/\/www.eloriente.net\/home\/wp-content\/themes\/city-desk\/timthumb.php?src=http%3A%2F%2Fwww.eloriente.net%2Fhome%2Fwp-content%2Fuploads%2F2013%2F12%2FLibros.png&amp;q=90&amp;w=160&amp;h=106&amp;zc=1\" alt=\"Ana Luz Ramos Soto recibe premio \u2018Irene Robledo\u2019 de la Universidad de Guadalajara\" \/><\/a><\/p>\n<p>eloriente.net 11 de diciembre de 2013 La Dra. Ana Luz Ramos Soto, coordinadora de la Agencia de Desarrollo Social ADIS UABJO-SEDESOL,\u00a0fue galardonada con la presea \u2018Irene Robledo\u2019 en la categor\u00eda Aportaciones acad\u00e9micas individuales, por el proyecto \u2018La Guelaguetza de acervo bibliogr\u00e1fico para municipios marginados del estado de Oaxaca\u2019, el cual promueve la uni\u00f3n entre diferentes [&#8230;]<\/p>\n<p>December 11, 2013<\/p>\n<\/div>\n\n\t\t\t  <div \n\t\t\t  \tclass = \"fb-comments\" \n\t\t\t  \tdata-href = \"http:\/\/www.eloriente.net\/home\/2013\/12\/16\/consejo-ciudadano-entrega-premio-nacional-de-periodismo\/\"\n\t\t\t  \tdata-numposts = \"10\"\n\t\t\t\tdata-colorscheme = \"dark\"\n\t\t\t\tdata-order-by = \"social\"\n\t\t\t\tdata-mobile=true>\n\t\t\t  <\/div>\n\t\t  <style>\n\t\t\t.fb_iframe_widget_fluid_desktop iframe {\n\t\t\t    width: 100% !important;\n\t\t\t}\n\t\t  <\/style>\n\t\t  ","protected":false},"excerpt":{"rendered":"<p>eloriente.net\/UABJO 16 de diciembre de 2013 El Consejo Ciudadano del Premio Nacional de Periodismo entreg\u00f3 el Premio Nacional de Periodismo 2012 con el que se distingue cada a\u00f1o a los mejores trabajos por su calidad period\u00edstica ejercida en beneficio de la opini\u00f3n p\u00fablica. En esta ocasi\u00f3n dicho consejo estuvo integrado por un grupo de periodistas, [&hellip;]<\/p>\n","protected":false},"author":26,"featured_media":18620,"comment_status":"open","ping_status":"open","sticky":false,"template":"","format":"standard","meta":{"_jetpack_memberships_contains_paid_content":false,"footnotes":""},"categories":[18,32,10,84],"tags":[],"class_list":["post-18619","post","type-post","status-publish","format-standard","has-post-thumbnail","hentry","category-educacion-y-cultura","category-entradas","category-lo-mas-reciente","category-universidades"],"jetpack_featured_media_url":"http:\/\/www.eloriente.net\/home\/wp-content\/uploads\/2013\/12\/unnamed.jpg","jetpack_sharing_enabled":true,"_links":{"self":[{"href":"http:\/\/www.eloriente.net\/home\/wp-json\/wp\/v2\/posts\/18619"}],"collection":[{"href":"http:\/\/www.eloriente.net\/home\/wp-json\/wp\/v2\/posts"}],"about":[{"href":"http:\/\/www.eloriente.net\/home\/wp-json\/wp\/v2\/types\/post"}],"author":[{"embeddable":true,"href":"http:\/\/www.eloriente.net\/home\/wp-json\/wp\/v2\/users\/26"}],"replies":[{"embeddable":true,"href":"http:\/\/www.eloriente.net\/home\/wp-json\/wp\/v2\/comments?post=18619"}],"version-history":[{"count":3,"href":"http:\/\/www.eloriente.net\/home\/wp-json\/wp\/v2\/posts\/18619\/revisions"}],"predecessor-version":[{"id":18623,"href":"http:\/\/www.eloriente.net\/home\/wp-json\/wp\/v2\/posts\/18619\/revisions\/18623"}],"wp:featuredmedia":[{"embeddable":true,"href":"http:\/\/www.eloriente.net\/home\/wp-json\/wp\/v2\/media\/18620"}],"wp:attachment":[{"href":"http:\/\/www.eloriente.net\/home\/wp-json\/wp\/v2\/media?parent=18619"}],"wp:term":[{"taxonomy":"category","embeddable":true,"href":"http:\/\/www.eloriente.net\/home\/wp-json\/wp\/v2\/categories?post=18619"},{"taxonomy":"post_tag","embeddable":true,"href":"http:\/\/www.eloriente.net\/home\/wp-json\/wp\/v2\/tags?post=18619"}],"curies":[{"name":"wp","href":"https:\/\/api.w.org\/{rel}","templated":true}]}}