{"id":18624,"date":"2013-12-16T11:17:40","date_gmt":"2013-12-16T17:17:40","guid":{"rendered":"http:\/\/www.eloriente.net\/home\/?p=18624"},"modified":"2013-12-16T11:17:40","modified_gmt":"2013-12-16T17:17:40","slug":"realizan-visita-a-oaxaca-operadores-del-nsjp-de-baja-california-sur","status":"publish","type":"post","link":"http:\/\/www.eloriente.net\/home\/2013\/12\/16\/realizan-visita-a-oaxaca-operadores-del-nsjp-de-baja-california-sur\/","title":{"rendered":"Realizan visita a Oaxaca operadores del NSJP de Baja California Sur"},"content":{"rendered":"<p>eloriente.net\/NSJP<\/p>\n<p>16 de diciembre de 2013<\/p>\n<p><strong>Observaron la operatividad del nuevo Sistema de Justicia Penal y los avances logrados en la entidad.<\/strong><\/p>\n<p>Al ser Oaxaca un referente importante del pa\u00eds en la Implementaci\u00f3n del Sistema Acusatorio Adversarial y ante la pr\u00f3xima entrada en vigor de este nuevo modelo de justicia en Baja California Sur, operadores de esa entidad visitaron Oaxaca para conocer la forma y los avances logrados hasta ahora.<\/p>\n<p>Esta actividad se realiz\u00f3 los d\u00edas 27, 28 y 29 del mes de noviembre, durante los cuales el grupo de especialistas recorri\u00f3 y llev\u00f3 a cabo encuentros de trabajo con servidores p\u00fablicos involucrados en el tema de la Procuradur\u00eda General de Justicia del Estado, el Poder Judicial y la Procuradur\u00eda para la Defensa del Ind\u00edgena.<\/p>\n<p>Dicha visita consisti\u00f3 en verificar el funcionamiento de cada instituci\u00f3n involucrada en el tema de Justicia Penal, mostr\u00e1ndoles no solo la operatividad, sino tambi\u00e9n sus instalaciones y equipo con el que cuenta, esto con el objetivo de retomar las buenas pr\u00e1cticas de implementaci\u00f3n en el estado y replicarlas en Baja California Sur.<\/p>\n<p>Luego de la reforma realizada en julio de 2008, Baja California Sur iniciar\u00e1 con el nuevo modelo de justicia penal, en Comond\u00fa el 1 de julio de 2014, con 13 ministerios p\u00fablicos y cinco jueces. Posteriormente, se implementar\u00e1 en La Paz, el \u00a01 de febrero de 2015; Loreto y Muleg\u00e9, en enero de 2016, y Los Cabos el 1 de junio de 2016.<\/p>\n<p>En Oaxaca, el Sistema Acusatorio Adversarial opera en las regiones de la Mixteca, el Istmo de Tehuantepec, Costa y Cuenca del Papaloapan. En 2014 entrar\u00e1 en vigor en los Valles Centrales.<\/p>\n<p>&nbsp;<\/p>\n<p><a href=\"http:\/\/www.eloriente.net\/home\/wp-content\/uploads\/2013\/12\/sala-juicio-oral-01.jpg\"><img loading=\"lazy\" decoding=\"async\" class=\"alignnone size-medium wp-image-18032\" title=\"sala juicio oral 01\" src=\"http:\/\/www.eloriente.net\/home\/wp-content\/uploads\/2013\/12\/sala-juicio-oral-01-300x155.jpg\" alt=\"\" width=\"300\" height=\"155\" srcset=\"http:\/\/www.eloriente.net\/home\/wp-content\/uploads\/2013\/12\/sala-juicio-oral-01-300x155.jpg 300w, http:\/\/www.eloriente.net\/home\/wp-content\/uploads\/2013\/12\/sala-juicio-oral-01-1024x530.jpg 1024w\" sizes=\"(max-width: 300px) 100vw, 300px\" \/><\/a><\/p>\n<p>Foto: NSJP<\/p>\n<p>&nbsp;<\/p>\n<p><strong>Entradas relacionadas:<\/strong><\/p>\n<p><a title=\"Permalink to Discurso del Titular del Poder Judicial, Informe de Actividades 2013\" href=\"http:\/\/www.eloriente.net\/home\/2013\/12\/13\/discurso-del-titular-del-poder-judicial-informe-de-actividades-2013\/\" rel=\"bookmark\">Discurso del Titular del Poder Judicial, Informe de Actividades 2013<\/a><\/p>\n<p><a href=\"http:\/\/www.eloriente.net\/home\/2013\/12\/13\/discurso-del-titular-del-poder-judicial-informe-de-actividades-2013\/\" rel=\"bookmark\"><img decoding=\"async\" title=\"Discurso del Titular del Poder Judicial, Informe de Actividades 2013\" src=\"http:\/\/www.eloriente.net\/home\/wp-content\/themes\/city-desk\/timthumb.php?src=http%3A%2F%2Fwww.eloriente.net%2Fhome%2Fwp-content%2Fuploads%2F2013%2F12%2FTSJ-Informe.jpg&amp;q=90&amp;w=160&amp;h=106&amp;zc=1\" alt=\"Discurso del Titular del Poder Judicial, Informe de Actividades 2013\" \/><\/a><\/p>\n<p>eloriente.net\/Tribunal Superior de Justicia 13 de diciembre de 2013 Foto: eloriente.net Este mediod\u00eda, el Presidente del Tribunal Superior de Justicia de Oaxaca, Alfredo Lagunas Rivera, present\u00f3 su Informe de Actividades 2013, en el Sal\u00f3n de Plenos del propio Tribunal, con la presencia del resto de los magistrados de dicha instancia, as\u00ed como de los representantes [&#8230;]<\/p>\n<p>December 13, 2013<\/p>\n<div id=\"post-18321\">\n<p><a title=\"Permalink to Nuevo Sistema de Justicia Penal garantiza pleno ejercicio de Derechos: Juez Gonz\u00e1lez\" href=\"http:\/\/www.eloriente.net\/home\/2013\/12\/11\/nuevo-sistema-de-justicia-penal-garantiza-pleno-ejercicio-de-derechos-humanos\/\" rel=\"bookmark\">Nuevo Sistema de Justicia Penal garantiza pleno ejercicio de Derechos: Juez Gonz\u00e1lez<\/a><\/p>\n<p><a href=\"http:\/\/www.eloriente.net\/home\/2013\/12\/11\/nuevo-sistema-de-justicia-penal-garantiza-pleno-ejercicio-de-derechos-humanos\/\" rel=\"bookmark\"><img decoding=\"async\" title=\"Nuevo Sistema de Justicia Penal garantiza pleno ejercicio de Derechos: Juez Gonz\u00e1lez\" src=\"http:\/\/www.eloriente.net\/home\/wp-content\/themes\/city-desk\/timthumb.php?src=http%3A%2F%2Fwww.eloriente.net%2Fhome%2Fwp-content%2Fuploads%2F2013%2F12%2Fpenal.jpg&amp;q=90&amp;w=160&amp;h=106&amp;zc=1\" alt=\"Nuevo Sistema de Justicia Penal garantiza pleno ejercicio de Derechos: Juez Gonz\u00e1lez\" \/><\/a><\/p>\n<p>eloriente.net\/NSJP 11 de diciembre de 2013 Israel Gonz\u00e1lez Zurita, juez coordinador de los Juzgados de Garant\u00eda de Tuxtepec, se\u00f1al\u00f3 que el Sistema Acusatorio Adversarial suprime los tr\u00e1mites dilatados y engorrosos. La implementaci\u00f3n del nuevo sistema de justicia penal representa un paso firme de los Tres Poderes del Estado hacia la transformaci\u00f3n en la entidad de [&#8230;]<\/p>\n<p>December 11, 2013<\/p>\n<\/div>\n<div id=\"post-18204\">\n<p><a title=\"Permalink to Concluyen servidores p\u00fablicos del Poder Judicial Estudios de Especializaci\u00f3n\" href=\"http:\/\/www.eloriente.net\/home\/2013\/12\/07\/concluyen-servidores-publicos-del-poder-judicial-estudios-de-especializacion\/\" rel=\"bookmark\">Concluyen servidores p\u00fablicos del Poder Judicial Estudios de Especializaci\u00f3n<\/a><\/p>\n<p><a href=\"http:\/\/www.eloriente.net\/home\/2013\/12\/07\/concluyen-servidores-publicos-del-poder-judicial-estudios-de-especializacion\/\" rel=\"bookmark\"><img decoding=\"async\" title=\"Concluyen servidores p\u00fablicos del Poder Judicial Estudios de Especializaci\u00f3n\" src=\"http:\/\/www.eloriente.net\/home\/wp-content\/themes\/city-desk\/timthumb.php?src=http%3A%2F%2Fwww.eloriente.net%2Fhome%2Fwp-content%2Fuploads%2F2013%2F12%2FTSJ.jpg&amp;q=90&amp;w=160&amp;h=106&amp;zc=1\" alt=\"Concluyen servidores p\u00fablicos del Poder Judicial Estudios de Especializaci\u00f3n\" \/><\/a><\/p>\n<p>eloriente.net\/TSJ 7 de diciembre de 2013 El magistrado presidente, Alfredo Lagunas Rivera presidi\u00f3 este viernes la ceremonia de entrega de reconocimientos a los egresados de la d\u00e9cima quinta generaci\u00f3n. Al clausurar el ciclo acad\u00e9mico de la d\u00e9cima quinta generaci\u00f3n de Estudios de Especializaci\u00f3n, el titular del Poder Judicial, magistrado Alfredo Lagunas Rivera, afirm\u00f3 que \u201cla [&#8230;]<\/p>\n<p>December 7, 2013<\/p>\n<\/div>\n\n\t\t\t  <div \n\t\t\t  \tclass = \"fb-comments\" \n\t\t\t  \tdata-href = \"http:\/\/www.eloriente.net\/home\/2013\/12\/16\/realizan-visita-a-oaxaca-operadores-del-nsjp-de-baja-california-sur\/\"\n\t\t\t  \tdata-numposts = \"10\"\n\t\t\t\tdata-colorscheme = \"dark\"\n\t\t\t\tdata-order-by = \"social\"\n\t\t\t\tdata-mobile=true>\n\t\t\t  <\/div>\n\t\t  <style>\n\t\t\t.fb_iframe_widget_fluid_desktop iframe {\n\t\t\t    width: 100% !important;\n\t\t\t}\n\t\t  <\/style>\n\t\t  ","protected":false},"excerpt":{"rendered":"<p>eloriente.net\/NSJP 16 de diciembre de 2013 Observaron la operatividad del nuevo Sistema de Justicia Penal y los avances logrados en la entidad. Al ser Oaxaca un referente importante del pa\u00eds en la Implementaci\u00f3n del Sistema Acusatorio Adversarial y ante la pr\u00f3xima entrada en vigor de este nuevo modelo de justicia en Baja California Sur, operadores [&hellip;]<\/p>\n","protected":false},"author":26,"featured_media":18032,"comment_status":"open","ping_status":"open","sticky":false,"template":"","format":"standard","meta":{"_jetpack_memberships_contains_paid_content":false,"footnotes":""},"categories":[32,63,10,23,21],"tags":[],"class_list":["post-18624","post","type-post","status-publish","format-standard","has-post-thumbnail","hentry","category-entradas","category-estados","category-lo-mas-reciente","category-municipios","category-politica-y-gobierno"],"jetpack_featured_media_url":"http:\/\/www.eloriente.net\/home\/wp-content\/uploads\/2013\/12\/sala-juicio-oral-01.jpg","jetpack_sharing_enabled":true,"_links":{"self":[{"href":"http:\/\/www.eloriente.net\/home\/wp-json\/wp\/v2\/posts\/18624"}],"collection":[{"href":"http:\/\/www.eloriente.net\/home\/wp-json\/wp\/v2\/posts"}],"about":[{"href":"http:\/\/www.eloriente.net\/home\/wp-json\/wp\/v2\/types\/post"}],"author":[{"embeddable":true,"href":"http:\/\/www.eloriente.net\/home\/wp-json\/wp\/v2\/users\/26"}],"replies":[{"embeddable":true,"href":"http:\/\/www.eloriente.net\/home\/wp-json\/wp\/v2\/comments?post=18624"}],"version-history":[{"count":2,"href":"http:\/\/www.eloriente.net\/home\/wp-json\/wp\/v2\/posts\/18624\/revisions"}],"predecessor-version":[{"id":18626,"href":"http:\/\/www.eloriente.net\/home\/wp-json\/wp\/v2\/posts\/18624\/revisions\/18626"}],"wp:featuredmedia":[{"embeddable":true,"href":"http:\/\/www.eloriente.net\/home\/wp-json\/wp\/v2\/media\/18032"}],"wp:attachment":[{"href":"http:\/\/www.eloriente.net\/home\/wp-json\/wp\/v2\/media?parent=18624"}],"wp:term":[{"taxonomy":"category","embeddable":true,"href":"http:\/\/www.eloriente.net\/home\/wp-json\/wp\/v2\/categories?post=18624"},{"taxonomy":"post_tag","embeddable":true,"href":"http:\/\/www.eloriente.net\/home\/wp-json\/wp\/v2\/tags?post=18624"}],"curies":[{"name":"wp","href":"https:\/\/api.w.org\/{rel}","templated":true}]}}