{"id":18627,"date":"2013-12-16T11:32:33","date_gmt":"2013-12-16T17:32:33","guid":{"rendered":"http:\/\/www.eloriente.net\/home\/?p=18627"},"modified":"2013-12-16T14:02:36","modified_gmt":"2013-12-16T20:02:36","slug":"5-avances-en-materia-de-derechos-humanos","status":"publish","type":"post","link":"http:\/\/www.eloriente.net\/home\/2013\/12\/16\/5-avances-en-materia-de-derechos-humanos\/","title":{"rendered":"5 avances en materia de Derechos Humanos: Presidencia"},"content":{"rendered":"<p>eloriente.net\/Presidencia de la Rep\u00fablica<\/p>\n<p>16 de diciembre de 2013<\/p>\n<p>PRIMERO.\u00a0<strong>Decidido impulso a la promoci\u00f3n y defensa de los Derechos Humanos en toda la estructura de la Administraci\u00f3n P\u00fablica Federal,<\/strong>con lo que se ha reducido a pr\u00e1cticamente la mitad el n\u00famero de quejas presentadas ante la Comisi\u00f3n Nacional de los Derechos Humanos, por presuntas violaciones a garant\u00edas fundamentales cometidas por integrantes de las Fuerzas Armadas.<\/p>\n<p>SEGUNDO.\u00a0<strong>Fortalecimiento del marco legal y el andamiaje institucional<\/strong>\u00a0a favor de los Derechos Humanos, con\u00a0dos nuevos ordenamientos:\u00a0la Ley General de V\u00edctimas y la Ley de Amparo. Adem\u00e1s, los delitos contra periodistas ahora pueden ser atra\u00eddos por el Ministerio P\u00fablico Federal y sancionados por jueces federales.<\/p>\n<p>TERCERO.\u00a0<strong>Fortalecimiento de acciones para proteger y promover los derechos fundamentales de ni\u00f1as, ni\u00f1os y adolescentes<\/strong>. Por ejemplo, con la llamada Alerta Amber\u00a0se han reforzado los mecanismos de b\u00fasqueda y pronta recuperaci\u00f3n de menores en situaci\u00f3n de riesgo inminente, y se firm\u00f3 un convenio de colaboraci\u00f3n con el Fondo de las Naciones Unidas para la Infancia, a fin de impulsar nuevas acciones que contribuyan al cabal cumplimiento de los derechos infantiles.<\/p>\n<p>CUARTO. En octubre el Presidente de la Rep\u00fablica, Enrique Pe\u00f1a Nieto present\u00f3 al Congreso de la Uni\u00f3n un\u00a0<strong>paquete de iniciativas de reforma<\/strong>, con los siguientes prop\u00f3sitos:<\/p>\n<ul>\n<li>Establecer los l\u00edmites del Estado, en la suspensi\u00f3n de derechos y garant\u00edas;<\/li>\n<li>Acotar la actuaci\u00f3n del Estado, con respecto a la expulsi\u00f3n de extranjeros;<\/li>\n<li>Adecuar el delito de desaparici\u00f3n forzada, a los est\u00e1ndares internacionales; y<\/li>\n<li>Evitar pr\u00e1cticas discriminatorias, en contra de personal militar con VIH\/SIDA.<\/li>\n<li>Retirar reservas a distintos tratados internacionales, vinculados a Derechos Humanos.<\/li>\n<\/ul>\n<p>QUINTO. El Gobierno de la Rep\u00fablica est\u00e1 decidido a\u00a0<strong>cumplir las recomendaciones de la Comisi\u00f3n Nacional de los Derechos Humanos y las sentencias de la Corte Interamericana de Derechos Humanos<\/strong>. Por ello, se cre\u00f3 un fideicomiso para reparar el da\u00f1o a las v\u00edctimas, un hecho sin precedente en Am\u00e9rica Latina.<\/p>\n<p>En suma, estos cinco avances son muestra clara de que el Estado Mexicano en su conjunto est\u00e1 decidido a seguir adelante, trabajando en favor de los Derechos Humanos.<\/p>\n<p>&nbsp;<\/p>\n<p><a href=\"http:\/\/www.eloriente.net\/home\/wp-content\/uploads\/2013\/12\/5-Avances-en-materia-de-Derechos-Humanos-642x222.jpg\"><img loading=\"lazy\" decoding=\"async\" class=\"alignnone size-medium wp-image-18628\" title=\"5-Avances-en-materia-de-Derechos-Humanos-642x222\" src=\"http:\/\/www.eloriente.net\/home\/wp-content\/uploads\/2013\/12\/5-Avances-en-materia-de-Derechos-Humanos-642x222-300x103.jpg\" alt=\"\" width=\"300\" height=\"103\" srcset=\"http:\/\/www.eloriente.net\/home\/wp-content\/uploads\/2013\/12\/5-Avances-en-materia-de-Derechos-Humanos-642x222-300x103.jpg 300w, http:\/\/www.eloriente.net\/home\/wp-content\/uploads\/2013\/12\/5-Avances-en-materia-de-Derechos-Humanos-642x222.jpg 642w\" sizes=\"(max-width: 300px) 100vw, 300px\" \/><\/a><\/p>\n<p>Foto: Presidencia de la Rep\u00fablica<\/p>\n<p>&nbsp;<\/p>\n<p><strong>Entradas relacionadas:<\/strong><\/p>\n<p><a title=\"Permalink to Resultados del Programa Internacional de Evaluaci\u00f3n de los Alumnos: OCDE\" href=\"http:\/\/www.eloriente.net\/home\/2013\/12\/12\/resultados-pisa-2012\/\" rel=\"bookmark\">Resultados del Programa Internacional de Evaluaci\u00f3n de los Alumnos: OCDE<\/a><\/p>\n<p><a href=\"http:\/\/www.eloriente.net\/home\/2013\/12\/12\/resultados-pisa-2012\/\" rel=\"bookmark\"><img decoding=\"async\" title=\"Resultados del Programa Internacional de Evaluaci\u00f3n de los Alumnos: OCDE\" src=\"http:\/\/www.eloriente.net\/home\/wp-content\/themes\/city-desk\/timthumb.php?src=http%3A%2F%2Fwww.eloriente.net%2Fhome%2Fwp-content%2Fuploads%2F2013%2F12%2Feducacion.jpg&amp;q=90&amp;w=160&amp;h=106&amp;zc=1\" alt=\"Resultados del Programa Internacional de Evaluaci\u00f3n de los Alumnos: OCDE\" \/><\/a><\/p>\n<p>eloriente.net 12 de diciembre de 2013 Por: Miguel Carbonell La Organizaci\u00f3n para la Cooperaci\u00f3n y el Desarrollo Econ\u00f3micos (OCDE) present\u00f3 los resultados relativos al a\u00f1o 2012 del Programa para la Evaluaci\u00f3n Internacional de Alumnos (PISA, por sus siglas en ingl\u00e9s), que se centraron en las matem\u00e1ticas, la lectura, la ciencia y las \u00e1reas de mayor [&#8230;]<\/p>\n<p>December 12, 2013<\/p>\n<div id=\"post-18409\">\n<p><a title=\"Permalink to Infancia con discapacidad, prioridad para UNICEF en Oaxaca\" href=\"http:\/\/www.eloriente.net\/home\/2013\/12\/12\/infancia-con-discapacidad-prioridad-para-unicef-en-oaxaca\/\" rel=\"bookmark\">Infancia con discapacidad, prioridad para UNICEF en Oaxaca<\/a><\/p>\n<p><a href=\"http:\/\/www.eloriente.net\/home\/2013\/12\/12\/infancia-con-discapacidad-prioridad-para-unicef-en-oaxaca\/\" rel=\"bookmark\"><img decoding=\"async\" title=\"Infancia con discapacidad, prioridad para UNICEF en Oaxaca\" src=\"http:\/\/www.eloriente.net\/home\/wp-content\/themes\/city-desk\/timthumb.php?src=http%3A%2F%2Fwww.eloriente.net%2Fhome%2Fwp-content%2Fuploads%2F2013%2F12%2Funicef-oax.jpg&amp;q=90&amp;w=160&amp;h=106&amp;zc=1\" alt=\"Infancia con discapacidad, prioridad para UNICEF en Oaxaca\" \/><\/a><\/p>\n<p>eloriente.net 12 de diciembre de 2013 Por: Alejandra Silva Soriano El pasado martes se present\u00f3 en nuestro estado el Informe sobre los Derechos de la infancia y la adolescencia en Oaxaca, un producto del an\u00e1lisis y el trabajo conjunto del equipo t\u00e9cnico de UNICEF en M\u00e9xico, organizaciones gubernamentales y de la sociedad civil. Dicho informe [&#8230;]<\/p>\n<p>December 12, 2013<\/p>\n<\/div>\n<div id=\"post-18287\">\n<p><a title=\"Permalink to En D\u00eda de los Derechos Humanos, conoce organizaciones mexicanas que los protegen\" href=\"http:\/\/www.eloriente.net\/home\/2013\/12\/10\/organizaciones-mexicanas-a-favor-de-los-derechos-humanos\/\" rel=\"bookmark\">En D\u00eda de los Derechos Humanos, conoce organizaciones mexicanas que los protegen<\/a><\/p>\n<p><a href=\"http:\/\/www.eloriente.net\/home\/2013\/12\/10\/organizaciones-mexicanas-a-favor-de-los-derechos-humanos\/\" rel=\"bookmark\"><img decoding=\"async\" title=\"En D\u00eda de los Derechos Humanos, conoce organizaciones mexicanas que los protegen\" src=\"http:\/\/www.eloriente.net\/home\/wp-content\/themes\/city-desk\/timthumb.php?src=http%3A%2F%2Fwww.eloriente.net%2Fhome%2Fwp-content%2Fuploads%2F2013%2F12%2Fderechos.jpg&amp;q=90&amp;w=160&amp;h=106&amp;zc=1\" alt=\"En D\u00eda de los Derechos Humanos, conoce organizaciones mexicanas que los protegen\" \/><\/a><\/p>\n<p>eloriente.net 10 de diciembre de 2013 En 1950, la Asamblea General de la Organizaci\u00f3n de las Naciones Unidas (ONU) proclam\u00f3 el 10 de diciembre como D\u00eda de los Derechos Humanos, como un acto de conmemoraci\u00f3n por la aprobaci\u00f3n de la Declaraci\u00f3n Universal de Derechos Humanos, firmada dos a\u00f1os atr\u00e1s, como un ideal com\u00fan de todos [&#8230;]<\/p>\n<p>December 10, 2013<\/p>\n<\/div>\n\n\t\t\t  <div \n\t\t\t  \tclass = \"fb-comments\" \n\t\t\t  \tdata-href = \"http:\/\/www.eloriente.net\/home\/2013\/12\/16\/5-avances-en-materia-de-derechos-humanos\/\"\n\t\t\t  \tdata-numposts = \"10\"\n\t\t\t\tdata-colorscheme = \"dark\"\n\t\t\t\tdata-order-by = \"social\"\n\t\t\t\tdata-mobile=true>\n\t\t\t  <\/div>\n\t\t  <style>\n\t\t\t.fb_iframe_widget_fluid_desktop iframe {\n\t\t\t    width: 100% !important;\n\t\t\t}\n\t\t  <\/style>\n\t\t  ","protected":false},"excerpt":{"rendered":"<p>eloriente.net\/Presidencia de la Rep\u00fablica 16 de diciembre de 2013 PRIMERO.\u00a0Decidido impulso a la promoci\u00f3n y defensa de los Derechos Humanos en toda la estructura de la Administraci\u00f3n P\u00fablica Federal,con lo que se ha reducido a pr\u00e1cticamente la mitad el n\u00famero de quejas presentadas ante la Comisi\u00f3n Nacional de los Derechos Humanos, por presuntas violaciones a [&hellip;]<\/p>\n","protected":false},"author":26,"featured_media":18628,"comment_status":"open","ping_status":"open","sticky":false,"template":"","format":"standard","meta":{"_jetpack_memberships_contains_paid_content":false,"footnotes":""},"categories":[22,32,13],"tags":[],"class_list":["post-18627","post","type-post","status-publish","format-standard","has-post-thumbnail","hentry","category-derechos-humanos","category-entradas","category-especiales"],"jetpack_featured_media_url":"http:\/\/www.eloriente.net\/home\/wp-content\/uploads\/2013\/12\/5-Avances-en-materia-de-Derechos-Humanos-642x222.jpg","jetpack_sharing_enabled":true,"_links":{"self":[{"href":"http:\/\/www.eloriente.net\/home\/wp-json\/wp\/v2\/posts\/18627"}],"collection":[{"href":"http:\/\/www.eloriente.net\/home\/wp-json\/wp\/v2\/posts"}],"about":[{"href":"http:\/\/www.eloriente.net\/home\/wp-json\/wp\/v2\/types\/post"}],"author":[{"embeddable":true,"href":"http:\/\/www.eloriente.net\/home\/wp-json\/wp\/v2\/users\/26"}],"replies":[{"embeddable":true,"href":"http:\/\/www.eloriente.net\/home\/wp-json\/wp\/v2\/comments?post=18627"}],"version-history":[{"count":5,"href":"http:\/\/www.eloriente.net\/home\/wp-json\/wp\/v2\/posts\/18627\/revisions"}],"predecessor-version":[{"id":18639,"href":"http:\/\/www.eloriente.net\/home\/wp-json\/wp\/v2\/posts\/18627\/revisions\/18639"}],"wp:featuredmedia":[{"embeddable":true,"href":"http:\/\/www.eloriente.net\/home\/wp-json\/wp\/v2\/media\/18628"}],"wp:attachment":[{"href":"http:\/\/www.eloriente.net\/home\/wp-json\/wp\/v2\/media?parent=18627"}],"wp:term":[{"taxonomy":"category","embeddable":true,"href":"http:\/\/www.eloriente.net\/home\/wp-json\/wp\/v2\/categories?post=18627"},{"taxonomy":"post_tag","embeddable":true,"href":"http:\/\/www.eloriente.net\/home\/wp-json\/wp\/v2\/tags?post=18627"}],"curies":[{"name":"wp","href":"https:\/\/api.w.org\/{rel}","templated":true}]}}