{"id":18630,"date":"2013-12-16T12:04:31","date_gmt":"2013-12-16T18:04:31","guid":{"rendered":"http:\/\/www.eloriente.net\/home\/?p=18630"},"modified":"2013-12-21T11:50:26","modified_gmt":"2013-12-21T17:50:26","slug":"comparte-editorial-contra-el-crimen-en-regiones-de-oaxaca-16-12-13","status":"publish","type":"post","link":"http:\/\/www.eloriente.net\/home\/2013\/12\/16\/comparte-editorial-contra-el-crimen-en-regiones-de-oaxaca-16-12-13\/","title":{"rendered":"Comparte Editorial: Contra el crimen en regiones de Oaxaca #16.12.13; Actualizaci\u00f3n 21.12.13"},"content":{"rendered":"<p>eloriente.net<\/p>\n<p>Actualizaci\u00f3n 21 de diciembre de 2013<\/p>\n<p>La tarde del viernes 20 de diciembre de 2013, el presidente municipal electo de Santa Catarina Juquila, Manuel L\u00e9on, result\u00f3 herido tras el disparo de una persona no identificada en la poblaci\u00f3n conurbada de la capital de Oaxaca, San Jacinto Amilpas.<\/p>\n<p>Le\u00f3n se encontraba, seg\u00fan versiones, fuera de su domicilio guardando maletas en su veh\u00edculo cuando su agresor se acerc\u00f3 y le dispar\u00f3 un tiro por la espalda, huyendo en el acto. Le\u00f3n fue trasladado a la Cl\u00ednica La Soledad, donde se reporta esta ma\u00f1ana fuera de peligro.<\/p>\n<p>De hecho sus familiares han efectuado diversas consideraciones por redes sociales que se pueden leer a continuaci\u00f3n:<\/p>\n<p>&nbsp;<\/p>\n<blockquote class=\"twitter-tweet\" lang=\"es\"><p>Afortunadamente mi pap\u00e1, ya est\u00e1 fuera de peligro, gracias a todos por sus buenos deseos y su solidaridad.<\/p>\n<p>\u2014 Daniel Le\u00f3n (@DanieLeon_) <a href=\"https:\/\/twitter.com\/DanieLeon_\/statuses\/414382871164370944\">diciembre 21, 2013<\/a><\/p><\/blockquote>\n<p><script charset=\"utf-8\" type=\"text\/javascript\" src=\"\/\/platform.twitter.com\/widgets.js\"><\/script><\/p>\n<blockquote class=\"twitter-tweet\" lang=\"es\"><p>Gracias por sus oraciones para mi hermano <a href=\"https:\/\/twitter.com\/manolo_leon\">@manolo_leon<\/a>, a est\u00e1 hora me encuentro con \u00e9l en el hospital y se encuentra muy tranquilo.<\/p>\n<p>\u2014 Rafael Le\u00f3n S\u00e1nchez (@FaramaxLeon) <a href=\"https:\/\/twitter.com\/FaramaxLeon\/statuses\/414357204272046080\">diciembre 21, 2013<\/a><\/p><\/blockquote>\n<p>&nbsp;<\/p>\n<blockquote class=\"twitter-tweet\" lang=\"es\"><p>Nuestro presidente <a href=\"https:\/\/twitter.com\/manolo_leon\">@manolo_leon<\/a> se encuentra bien, con una buena recuperaci\u00f3n. Gracias a todos por su solidaridad!<\/p>\n<p>\u2014 Presidencia Juquila (@PresidenciaJuq) <a href=\"https:\/\/twitter.com\/PresidenciaJuq\/statuses\/414312398216896512\">diciembre 21, 2013<\/a><\/p><\/blockquote>\n<p>La condena a este atentado ha sido un\u00e1nime y confirma el llamado que en su Editorial ELORIENTE.NET formulaba esta misma semana:<\/p>\n<p>eloriente.net<\/p>\n<p>16 de diciembre de 2013<\/p>\n<p>Comparte esta editorial en <a href=\"https:\/\/twitter.com\/El_Oriente\" target=\"_blank\">Twitter:<\/a><\/p>\n<p style=\"text-align: right;\"><a href=\"http:\/\/www.eloriente.net\/home\/wp-content\/uploads\/2013\/12\/ContraElCrimenEnRegionesdeOaxaca-editorial-eloriente.net_.png\"><img loading=\"lazy\" decoding=\"async\" class=\"size-medium wp-image-18646 aligncenter\" title=\"ContraElCrimenEnRegionesdeOaxaca editorial eloriente.net\" src=\"http:\/\/www.eloriente.net\/home\/wp-content\/uploads\/2013\/12\/ContraElCrimenEnRegionesdeOaxaca-editorial-eloriente.net_-300x115.png\" alt=\"\" width=\"300\" height=\"115\" srcset=\"http:\/\/www.eloriente.net\/home\/wp-content\/uploads\/2013\/12\/ContraElCrimenEnRegionesdeOaxaca-editorial-eloriente.net_-300x115.png 300w, http:\/\/www.eloriente.net\/home\/wp-content\/uploads\/2013\/12\/ContraElCrimenEnRegionesdeOaxaca-editorial-eloriente.net_.png 1003w\" sizes=\"(max-width: 300px) 100vw, 300px\" \/><\/a><\/p>\n<p style=\"text-align: right;\"><strong>ORIENTE UNO:<\/strong><\/p>\n<p>La noche del pasado viernes 13 de diciembre, el presidente municipal electo de Santiago Tamazola, el pri\u00edsta Javier L\u00f3pez Rold\u00e1n, sufri\u00f3 un atentado al interior de un negocio de su propiedad. Result\u00f3 <a href=\"http:\/\/www.eloriente.net\/home\/2013\/12\/16\/con-reforma-energetica-liquidemos-la-federacion\/\" target=\"_blank\">herido de bala por dos proyectiles<\/a>: uno en pierna y otro en la rodilla.<\/p>\n<p style=\"text-align: right;\">\u00a0<strong>ORIENTE DOS:<\/strong><\/p>\n<p>El tema no debe leerse \u00fanicamente como un hecho aislado. En Oaxaca, no es poco com\u00fan que diversas diferencias, incluyendo las pol\u00edticas, se piensen resueltas por la violencia. Sin embargo, este hecho sucede apenas unos d\u00edas de que otro alcalde, el de San Pedro Totolapan, <a href=\"http:\/\/blogs.cnnmexico.com\/ultimas-noticias\/2013\/12\/05\/asesinan-a-un-alcalde-electo-de-san-pedro-totolapan-oaxaca\/\" target=\"_blank\">Epigmenio Rafael Arag\u00f3n Luis<\/a>, haya sido victimado (5 de diciembre) a un costado del palacio municipal de dicha poblaci\u00f3n. Asimismo, en mayo de este a\u00f1o, el contador <a href=\"http:\/\/www.eloriente.net\/home\/2013\/05\/13\/grave-pedro-jimenez-pdte-municipal-de-amoltepec-tras-atentado\/\" target=\"_blank\">Pedro Luis Jim\u00e9nez Hern\u00e1ndez<\/a>, presidente municipal de Amoltepec, sufri\u00f3 un atentado siendo trasladado y finalmente atendido en la capital.<\/p>\n<p style=\"text-align: right;\"><strong>ORIENTE TRES:<\/strong><\/p>\n<p>Adicionalmente, hay que recordar que apenas en septiembre de este mismo a\u00f1o, el diputado local <a href=\"http:\/\/oaxaca.quadratin.com.mx\/Asesinan-diputado-del-PRD-en-Oaxaca\/\" target=\"_blank\">Everardo Hugo Hern\u00e1ndez Guzm\u00e1n<\/a>, falleci\u00f3 tras ser v\u00edctima de un disparo, mientras cenaba en un local de la colonia Agust\u00edn Melgar, en Santa Cruz Xoxocotl\u00e1n, municipio connurbado a la ciudad de Oaxaca.<\/p>\n<p style=\"text-align: right;\"><strong>ORIENTE CUATRO:<\/strong><\/p>\n<p>Un hilo conductor de esta serie de acontecimiento lo es evidentemente el pol\u00edtico. De hecho, se tienen registros de otros sucesos relacionados. Sin embargo, en lo que queremos llamar la atenci\u00f3n es en que desafortunadamente los hechos se han recrudecido en los \u00faltimos meses y que a\u00fan quedan comicios y elecciones municipales pendientes de calificar por las autoridades, lo que lleva a convocar a la prudencia y a redoblar los mecanismos de seguridad respectivos.<\/p>\n<p>Las elecciones municipales han devenido en caldo de cultivo para la violencia pol\u00edtica. Sin embargo todav\u00eda queda un tramos. Los \u00faltimos registros dados a conocer oficialmente por el Instituto Estatal Electoral y de Participaci\u00f3n Ciudadana de Oaxaca, fueron los del pasado s\u00e1bado, donde en sesi\u00f3n extraordinaria se declararon v\u00e1lidas las elecciones en Asunci\u00f3n Tlacolulita; San Pedro Mixtepec; Constancia del Rosario; Villa Chilapa de D\u00edaz; Santiago Miltepec; San Lucas Camotl\u00e1n; Tamazulapam del Esp\u00edritu Santo; San Bartolo Coyotepec; Santa Mar\u00eda Pe\u00f1oles; Santiago Xanica; Santiago Yaitepec; San Mateo Yoloxochitl\u00e1n.<\/p>\n<p>As\u00ed como de, Candelaria Loxicha; Santa Mar\u00eda Atzompa; San Juan Cotzoc\u00f3n; Santa Catarina Ticu\u00e1; Santiago Jocotepec; Cosolotepec; Sitio de Xitlapehua; San Jos\u00e9 Ayuquila; Santa Mar\u00eda Chilchotla y Santos Reyes Nopala.<\/p>\n<p>Las anteriores, pueden consultarte dando click <a href=\"http:\/\/www.ieepco.org.mx\/index.php\/component\/content\/article\/9-uncategorised\/433-sin.html\" target=\"_blank\">AQU\u00cd.<\/a><\/p>\n<p><strong>La pregunta, sin embargo, queda en el aire: \u00bfHay control regional y pol\u00edtico en Oaxaca?<\/strong><\/p>\n<p>Otras Entradas:<\/p>\n<p><a title=\"Permalink to Presidentes de institutos electorales se pronuncian en contra de creaci\u00f3n del INE ante diputados\" href=\"http:\/\/www.eloriente.net\/home\/2013\/10\/16\/presidentes-de-institutos-electorales-se-pronuncian-en-contra-de-creacion-del-ine-ante-diputados\/\" rel=\"bookmark\">Presidentes de institutos electorales se pronuncian en contra de creaci\u00f3n del INE ante diputados<\/a><\/p>\n<p><a href=\"http:\/\/www.eloriente.net\/home\/2013\/10\/16\/presidentes-de-institutos-electorales-se-pronuncian-en-contra-de-creacion-del-ine-ante-diputados\/\" rel=\"bookmark\"><img decoding=\"async\" title=\"Presidentes de institutos electorales se pronuncian en contra de creaci\u00f3n del INE ante diputados\" src=\"http:\/\/www.eloriente.net\/home\/wp-content\/themes\/city-desk\/timthumb.php?src=http%3A%2F%2Fwww.eloriente.net%2Fhome%2Fwp-content%2Fuploads%2F2013%2F03%2Fsan-lazaro.jpg&amp;q=90&amp;w=160&amp;h=106&amp;zc=1\" alt=\"Presidentes de institutos electorales se pronuncian en contra de creaci\u00f3n del INE ante diputados\" \/><\/a><\/p>\n<p>eloriente.net\/C\u00e1mara de Diputados 15 de octubre de 2013 15-10-2013.- Diputados de la Comisi\u00f3n de Puntos Constitucionales recibieron a presidentes y presidentas de Institutos Electorales de 16 estados de la Rep\u00fablica, quienes se pronunciaron en contra de la creaci\u00f3n del Instituto Nacional Electoral (INE) que contempla la propuesta de la reforma electoral porque \u201ces atentatorio contra [&#8230;]<\/p>\n<p>October 16, 2013<\/p>\n<div id=\"post-16408\">\n<p><a title=\"Permalink to Se intensifica formaci\u00f3n en \u2018Juicios Orales\u2019 en Oaxaca\" href=\"http:\/\/www.eloriente.net\/home\/2013\/09\/13\/se-intensifica-formacion-en-juicios-orales-en-oaxaca\/\" rel=\"bookmark\">Se intensifica formaci\u00f3n en \u2018Juicios Orales\u2019 en Oaxaca<\/a><\/p>\n<p><a href=\"http:\/\/www.eloriente.net\/home\/2013\/09\/13\/se-intensifica-formacion-en-juicios-orales-en-oaxaca\/\" rel=\"bookmark\"><img decoding=\"async\" title=\"Se intensifica formaci\u00f3n en \u2018Juicios Orales\u2019 en Oaxaca\" src=\"http:\/\/www.eloriente.net\/home\/wp-content\/themes\/city-desk\/timthumb.php?src=http%3A%2F%2Fwww.eloriente.net%2Fhome%2Fwp-content%2Fuploads%2F2013%2F09%2FBalanza-Algunos-derechos-reservados-por-El-Bibliomata.jpg&amp;q=90&amp;w=160&amp;h=106&amp;zc=1\" alt=\"Se intensifica formaci\u00f3n en \u2018Juicios Orales\u2019 en Oaxaca\" \/><\/a>eloriente.net\/TSJEO 13 de septiembre de 2013 El titular del \u00d3rgano Implementador del Sistema Acusatorio Adversarial en la entidad (OISA), maestro Jahaziel Reyes Loaeza, inform\u00f3 que se ha emprendido un permanente programa de capacitaci\u00f3n dirigido a los defensores p\u00fablicos con la finalidad de que desempe\u00f1en de manera eficiente su labor a favor de las personas que [&#8230;]<\/p>\n<p>September 13, 2013<\/p>\n<\/div>\n<div id=\"post-16358\">\n<p><a title=\"Permalink to Everardo Hugo Hern\u00e1ndez, diputado local, es ejecutado en Oaxaca\" href=\"http:\/\/www.eloriente.net\/home\/2013\/09\/11\/everardo-hugo-hernandez-diputado-local-es-ejecutado-en-oaxaca\/\" rel=\"bookmark\">Everardo Hugo Hern\u00e1ndez, diputado local, es ejecutado en Oaxaca<\/a><\/p>\n<p><a href=\"http:\/\/www.eloriente.net\/home\/2013\/09\/11\/everardo-hugo-hernandez-diputado-local-es-ejecutado-en-oaxaca\/\" rel=\"bookmark\"><img decoding=\"async\" title=\"Everardo Hugo Hern\u00e1ndez, diputado local, es ejecutado en Oaxaca\" src=\"http:\/\/www.eloriente.net\/home\/wp-content\/themes\/city-desk\/timthumb.php?src=http%3A%2F%2Fwww.eloriente.net%2Fhome%2Fwp-content%2Fuploads%2F2013%2F09%2FPleno-congresooaxaca.gob_.mx_.jpg&amp;q=90&amp;w=160&amp;h=106&amp;zc=1\" alt=\"Everardo Hugo Hern\u00e1ndez, diputado local, es ejecutado en Oaxaca\" \/><\/a>eloriente.net 11 de septiembre de 2013 eloriente.net (Oaxaca, Oax. a 11 de septiembre de 2013).- Everardo Hugo Hern\u00e1ndez Guzm\u00e1n, diputado local por la LXI Legislatura, fue abatido anoche en Xoxocotl\u00e1n de dos disparos, mientras cenaba en una taquer\u00eda de la localidad. El fallecido representante de mayor\u00eda relativa por el Distrito XII de Putla Villa de [&#8230;]<\/p>\n<p>September 11, 2013<\/p>\n<\/div>\n<p>&nbsp;<\/p>\n<p>&nbsp;<\/p>\n<p>&nbsp;<\/p>\n<p>&nbsp;<\/p>\n<p>&nbsp;<\/p>\n\n\t\t\t  <div \n\t\t\t  \tclass = \"fb-comments\" \n\t\t\t  \tdata-href = \"http:\/\/www.eloriente.net\/home\/2013\/12\/16\/comparte-editorial-contra-el-crimen-en-regiones-de-oaxaca-16-12-13\/\"\n\t\t\t  \tdata-numposts = \"10\"\n\t\t\t\tdata-colorscheme = \"dark\"\n\t\t\t\tdata-order-by = \"social\"\n\t\t\t\tdata-mobile=true>\n\t\t\t  <\/div>\n\t\t  <style>\n\t\t\t.fb_iframe_widget_fluid_desktop iframe {\n\t\t\t    width: 100% !important;\n\t\t\t}\n\t\t  <\/style>\n\t\t  ","protected":false},"excerpt":{"rendered":"<p>eloriente.net Actualizaci\u00f3n 21 de diciembre de 2013 La tarde del viernes 20 de diciembre de 2013, el presidente municipal electo de Santa Catarina Juquila, Manuel L\u00e9on, result\u00f3 herido tras el disparo de una persona no identificada en la poblaci\u00f3n conurbada de la capital de Oaxaca, San Jacinto Amilpas. Le\u00f3n se encontraba, seg\u00fan versiones, fuera de [&hellip;]<\/p>\n","protected":false},"author":1,"featured_media":18646,"comment_status":"open","ping_status":"open","sticky":false,"template":"","format":"standard","meta":{"_jetpack_memberships_contains_paid_content":false,"footnotes":""},"categories":[29,9,32,23],"tags":[],"class_list":["post-18630","post","type-post","status-publish","format-standard","has-post-thumbnail","hentry","category-capital","category-editorial","category-entradas","category-municipios"],"jetpack_featured_media_url":"http:\/\/www.eloriente.net\/home\/wp-content\/uploads\/2013\/12\/ContraElCrimenEnRegionesdeOaxaca-editorial-eloriente.net_.png","jetpack_sharing_enabled":true,"_links":{"self":[{"href":"http:\/\/www.eloriente.net\/home\/wp-json\/wp\/v2\/posts\/18630"}],"collection":[{"href":"http:\/\/www.eloriente.net\/home\/wp-json\/wp\/v2\/posts"}],"about":[{"href":"http:\/\/www.eloriente.net\/home\/wp-json\/wp\/v2\/types\/post"}],"author":[{"embeddable":true,"href":"http:\/\/www.eloriente.net\/home\/wp-json\/wp\/v2\/users\/1"}],"replies":[{"embeddable":true,"href":"http:\/\/www.eloriente.net\/home\/wp-json\/wp\/v2\/comments?post=18630"}],"version-history":[{"count":6,"href":"http:\/\/www.eloriente.net\/home\/wp-json\/wp\/v2\/posts\/18630\/revisions"}],"predecessor-version":[{"id":18635,"href":"http:\/\/www.eloriente.net\/home\/wp-json\/wp\/v2\/posts\/18630\/revisions\/18635"}],"wp:featuredmedia":[{"embeddable":true,"href":"http:\/\/www.eloriente.net\/home\/wp-json\/wp\/v2\/media\/18646"}],"wp:attachment":[{"href":"http:\/\/www.eloriente.net\/home\/wp-json\/wp\/v2\/media?parent=18630"}],"wp:term":[{"taxonomy":"category","embeddable":true,"href":"http:\/\/www.eloriente.net\/home\/wp-json\/wp\/v2\/categories?post=18630"},{"taxonomy":"post_tag","embeddable":true,"href":"http:\/\/www.eloriente.net\/home\/wp-json\/wp\/v2\/tags?post=18630"}],"curies":[{"name":"wp","href":"https:\/\/api.w.org\/{rel}","templated":true}]}}