{"id":18668,"date":"2013-12-16T18:17:05","date_gmt":"2013-12-17T00:17:05","guid":{"rendered":"http:\/\/www.eloriente.net\/home\/?p=18668"},"modified":"2013-12-16T18:17:05","modified_gmt":"2013-12-17T00:17:05","slug":"organizaciones-civiles-en-proceso-de-convertirse-en-partidos-politicos-nacionales","status":"publish","type":"post","link":"http:\/\/www.eloriente.net\/home\/2013\/12\/16\/organizaciones-civiles-en-proceso-de-convertirse-en-partidos-politicos-nacionales\/","title":{"rendered":"Organizaciones civiles en proceso de convertirse en Partidos Pol\u00edticos Nacionales"},"content":{"rendered":"<p>eloriente.net\/IFE<\/p>\n<p>16 de diciembre de 2013<\/p>\n<p>El Consejo General del Instituto Federal Electoral (IFE), en sesi\u00f3n extraordinaria, recibi\u00f3 el quinto informe sobre el estado que guarda el procedimiento para la constituci\u00f3n de nuevos partidos pol\u00edticos nacionales<em>,<\/em> a la fecha 32 organizaciones contin\u00faan participando en el proceso.<\/p>\n<p style=\"text-align: center;\"><a href=\"http:\/\/www.eloriente.net\/home\/wp-content\/uploads\/2013\/12\/IFE-1.png\"><img loading=\"lazy\" decoding=\"async\" class=\"aligncenter  wp-image-18671\" title=\"IFE-1\" src=\"http:\/\/www.eloriente.net\/home\/wp-content\/uploads\/2013\/12\/IFE-1.png\" alt=\"\" width=\"492\" height=\"123\" srcset=\"http:\/\/www.eloriente.net\/home\/wp-content\/uploads\/2013\/12\/IFE-1.png 703w, http:\/\/www.eloriente.net\/home\/wp-content\/uploads\/2013\/12\/IFE-1-300x75.png 300w\" sizes=\"(max-width: 492px) 100vw, 492px\" \/><\/a><\/p>\n<p>El documento se\u00f1ala que 14 de las 32 organizaciones que siguen participando han presentado su programa de asambleas, de las cuales 10 han optado por la realizaci\u00f3n de asambleas estatales y 4 organizaciones eligieron celebrar asambleas distritales. Al d\u00eda de hoy, s\u00f3lo 6 organizaciones registran asambleas celebradas.<\/p>\n<p>La norma establece que uno de los requisitos para obtener el registro de partido pol\u00edtico es la celebraci\u00f3n de 20 asambleas estatales o 200 distritales, con la acreditaci\u00f3n de 3 mil o 300 afiliados, respectivamente, de acuerdo al esquema elegido por cada organizaci\u00f3n. Hasta la fecha, s\u00f3lo la organizaci\u00f3n <em>Movimiento de Regeneraci\u00f3n Nacional<\/em> (MORENA) ha realizado el n\u00famero de asambleas que exige la normatividad, al celebrar 24 asambleas estatales.<\/p>\n<p>Las organizaciones que han celebrado asambleas, ya sea estatales o distritales, son:<\/p>\n<p style=\"text-align: center;\"><a href=\"http:\/\/www.eloriente.net\/home\/wp-content\/uploads\/2013\/12\/IFE-2.png\"><img loading=\"lazy\" decoding=\"async\" class=\"aligncenter  wp-image-18672\" title=\"IFE-2\" src=\"http:\/\/www.eloriente.net\/home\/wp-content\/uploads\/2013\/12\/IFE-2.png\" alt=\"\" width=\"598\" height=\"155\" srcset=\"http:\/\/www.eloriente.net\/home\/wp-content\/uploads\/2013\/12\/IFE-2.png 854w, http:\/\/www.eloriente.net\/home\/wp-content\/uploads\/2013\/12\/IFE-2-300x77.png 300w\" sizes=\"(max-width: 598px) 100vw, 598px\" \/><\/a><\/p>\n<p>\u00a0El Consejero Electoral Lorenzo C\u00f3rdova Vianello, presidente de la Comisi\u00f3n de Prerrogativas y Partidos Pol\u00edticos, inform\u00f3 que la validaci\u00f3n de las asambleas realizadas y del registro de afiliaciones ocurrir\u00e1 a partir del 31 de enero de 2014, cuando inicie la etapa revisora del proceso para la constituci\u00f3n de nuevos partidos, en la cual el IFE realizar\u00e1 la verificaci\u00f3n del cumplimiento de los requisitos legales establecidos en los art\u00edculos 28, 29 y 30 del C\u00f3digo Federal de Instituciones y Procedimientos\u00a0 Electorales (COFIPE).<\/p>\n<p>\u201cPor ello, los actos realizados hasta la fecha de ninguna manera pueden ser considerados como v\u00e1lidos, ni mucho menos puede hablarse de suficiencia respecto al cumplimiento de los requisitos para constituirse como partido pol\u00edtico\u201d, a\u00f1adi\u00f3.<\/p>\n<p>Los requisitos que tienen que cumplir las organizaciones para obtener su registro como partidos pol\u00edticos son, adem\u00e1s de la realizaci\u00f3n de asambleas, la acreditaci\u00f3n de por lo menos 219 mil 608 afiliados, que equivale a 0.26 % del padr\u00f3n electoral utilizado en la \u00faltima elecci\u00f3n federal; deben tambi\u00e9n presentar informes mensuales del origen y destino de los recursos que obtengan para el desarrollo de sus actividades tendentes a la obtenci\u00f3n del registro legal, y celebrar una asamblea nacional constitutiva.<\/p>\n<p>Hasta el 8 de diciembre pasado, las organizaciones que han registrado afiliados ante el Instituto Federal Electoral durante la celebraci\u00f3n de asambleas son:<\/p>\n<p style=\"text-align: center;\"><a href=\"http:\/\/www.eloriente.net\/home\/wp-content\/uploads\/2013\/12\/IFE-3.png\"><img loading=\"lazy\" decoding=\"async\" class=\"aligncenter  wp-image-18673\" title=\"IFE-3\" src=\"http:\/\/www.eloriente.net\/home\/wp-content\/uploads\/2013\/12\/IFE-3.png\" alt=\"\" width=\"445\" height=\"118\" srcset=\"http:\/\/www.eloriente.net\/home\/wp-content\/uploads\/2013\/12\/IFE-3.png 635w, http:\/\/www.eloriente.net\/home\/wp-content\/uploads\/2013\/12\/IFE-3-300x79.png 300w\" sizes=\"(max-width: 445px) 100vw, 445px\" \/><\/a><\/p>\n<p>\u00a0Para dar seguimiento y conocer con mayor detalle la informaci\u00f3n relacionada con el proceso de registro de nuevos partidos el IFE ha dispuesto un <a href=\"http:\/\/www.ife.org.mx\/portal\/site\/ifev2\/Partidos_politicos_en_formacion\/\" target=\"_blank\">micrositio en su p\u00e1gina de internet<\/a>,\u00a0mediante el cual pueden conocerse las etapas y requisitos del proceso de registro, as\u00ed como el avance de cada organizaci\u00f3n que aspira a convertirse en partido pol\u00edtico.<\/p>\n<p>Como parte del orden del d\u00eda, la Consejera Presidenta Provisional y los Consejeros Electorales conocieron un informe sobre las actividades del Grupo de Trabajo de G\u00e9nero, No Discriminaci\u00f3n y Cultura Laboral, as\u00ed como el definitivo respecto a la destrucci\u00f3n de la documentaci\u00f3n utilizada en el Proceso Electoral Federal (PEF) 2005-2006.<\/p>\n<p>&nbsp;<\/p>\n<p><a href=\"http:\/\/www.eloriente.net\/home\/wp-content\/uploads\/2013\/12\/Morena.jpg\"><img loading=\"lazy\" decoding=\"async\" class=\"alignnone size-medium wp-image-18669\" title=\"Morena\" src=\"http:\/\/www.eloriente.net\/home\/wp-content\/uploads\/2013\/12\/Morena-300x200.jpg\" alt=\"\" width=\"300\" height=\"200\" srcset=\"http:\/\/www.eloriente.net\/home\/wp-content\/uploads\/2013\/12\/Morena-300x200.jpg 300w, http:\/\/www.eloriente.net\/home\/wp-content\/uploads\/2013\/12\/Morena-1024x682.jpg 1024w, http:\/\/www.eloriente.net\/home\/wp-content\/uploads\/2013\/12\/Morena.jpg 1600w\" sizes=\"(max-width: 300px) 100vw, 300px\" \/><\/a><\/p>\n<p>Foto: Exijamos lo imposible<\/p>\n<p>&nbsp;<\/p>\n<p><strong>Entradas relacionadas:<\/strong><\/p>\n<p><a title=\"Permalink to Aprueba Senado reforma en materia de combate a la corrupci\u00f3n\" href=\"http:\/\/www.eloriente.net\/home\/2013\/12\/14\/aprueba-senado-reforma-en-materia-de-combate-a-la-corrupcion\/\" rel=\"bookmark\">Aprueba Senado reforma en materia de combate a la corrupci\u00f3n<\/a><\/p>\n<p><a href=\"http:\/\/www.eloriente.net\/home\/2013\/12\/14\/aprueba-senado-reforma-en-materia-de-combate-a-la-corrupcion\/\" rel=\"bookmark\"><img decoding=\"async\" title=\"Aprueba Senado reforma en materia de combate a la corrupci\u00f3n\" src=\"http:\/\/www.eloriente.net\/home\/wp-content\/themes\/city-desk\/timthumb.php?src=http%3A%2F%2Fwww.eloriente.net%2Fhome%2Fwp-content%2Fuploads%2F2013%2F12%2Fsenado1.jpg&amp;q=90&amp;w=160&amp;h=106&amp;zc=1\" alt=\"Aprueba Senado reforma en materia de combate a la corrupci\u00f3n\" \/><\/a><\/p>\n<p>eloriente.net\/Senado de la Rep\u00fablica 14 de diciembre de 2013 El Pleno del Senado de la Rep\u00fablica aprob\u00f3 con 111 votos a favor, dos en contra y dos abstenciones la reforma en materia de combate a la corrupci\u00f3n, la cual est\u00e1 encaminada atacar este mal en todos los niveles de gobierno e instituciones. Al presentar el [&#8230;]<\/p>\n<p>December 14, 2013<\/p>\n<p><a title=\"Permalink to Discurso del Titular del Poder Judicial, Informe de Actividades 2013\" href=\"http:\/\/www.eloriente.net\/home\/2013\/12\/13\/discurso-del-titular-del-poder-judicial-informe-de-actividades-2013\/\" rel=\"bookmark\">Discurso del Titular del Poder Judicial, Informe de Actividades 2013<\/a><\/p>\n<p><a href=\"http:\/\/www.eloriente.net\/home\/2013\/12\/13\/discurso-del-titular-del-poder-judicial-informe-de-actividades-2013\/\" rel=\"bookmark\"><img decoding=\"async\" title=\"Discurso del Titular del Poder Judicial, Informe de Actividades 2013\" src=\"http:\/\/www.eloriente.net\/home\/wp-content\/themes\/city-desk\/timthumb.php?src=http%3A%2F%2Fwww.eloriente.net%2Fhome%2Fwp-content%2Fuploads%2F2013%2F12%2FTSJ-Informe.jpg&amp;q=90&amp;w=160&amp;h=106&amp;zc=1\" alt=\"Discurso del Titular del Poder Judicial, Informe de Actividades 2013\" \/><\/a><\/p>\n<p>eloriente.net\/Tribunal Superior de Justicia 13 de diciembre de 2013 Foto: eloriente.net Este mediod\u00eda, el Presidente del Tribunal Superior de Justicia de Oaxaca, Alfredo Lagunas Rivera, present\u00f3 su Informe de Actividades 2013, en el Sal\u00f3n de Plenos del propio Tribunal, con la presencia del resto de los magistrados de dicha instancia, as\u00ed como de los representantes [&#8230;]<\/p>\n<p>December 13, 2013<\/p>\n<p><a title=\"Permalink to Aprueba Senado nuevo C\u00f3digo Nacional de Procedimientos Penales; turna a Diputados\" href=\"http:\/\/www.eloriente.net\/home\/2013\/12\/07\/aprueba-senado-nuevo-codigo-nacional-de-procedimientos-penales-lo-turna-a-camara-de-diputados\/\" rel=\"bookmark\">Aprueba Senado nuevo C\u00f3digo Nacional de Procedimientos Penales; turna a Diputados<\/a><\/p>\n<p><a href=\"http:\/\/www.eloriente.net\/home\/2013\/12\/07\/aprueba-senado-nuevo-codigo-nacional-de-procedimientos-penales-lo-turna-a-camara-de-diputados\/\" rel=\"bookmark\"><img decoding=\"async\" title=\"Aprueba Senado nuevo C\u00f3digo Nacional de Procedimientos Penales; turna a Diputados\" src=\"http:\/\/www.eloriente.net\/home\/wp-content\/themes\/city-desk\/timthumb.php?src=http%3A%2F%2Fwww.eloriente.net%2Fhome%2Fwp-content%2Fuploads%2F2013%2F12%2Frobertogil.jpg&amp;q=90&amp;w=160&amp;h=106&amp;zc=1\" alt=\"Aprueba Senado nuevo C\u00f3digo Nacional de Procedimientos Penales; turna a Diputados\" \/><\/a><\/p>\n<p>eloriente.net\/Senado de la Rep\u00fablica 7 de diciembre de 2013 El Senado de la Rep\u00fablica aprob\u00f3 por unanimidad, con 104 votos, el dictamen que expide el C\u00f3digo Nacional de Procedimientos Penales a fin de cumplir con el mandato constitucional estipulado en la reforma penal de 2008 y transitar de un sistema de justicia inquisitorio a un [&#8230;]<\/p>\n<p>December 7, 2013<\/p>\n\n\t\t\t  <div \n\t\t\t  \tclass = \"fb-comments\" \n\t\t\t  \tdata-href = \"http:\/\/www.eloriente.net\/home\/2013\/12\/16\/organizaciones-civiles-en-proceso-de-convertirse-en-partidos-politicos-nacionales\/\"\n\t\t\t  \tdata-numposts = \"10\"\n\t\t\t\tdata-colorscheme = \"dark\"\n\t\t\t\tdata-order-by = \"social\"\n\t\t\t\tdata-mobile=true>\n\t\t\t  <\/div>\n\t\t  <style>\n\t\t\t.fb_iframe_widget_fluid_desktop iframe {\n\t\t\t    width: 100% !important;\n\t\t\t}\n\t\t  <\/style>\n\t\t  ","protected":false},"excerpt":{"rendered":"<p>eloriente.net\/IFE 16 de diciembre de 2013 El Consejo General del Instituto Federal Electoral (IFE), en sesi\u00f3n extraordinaria, recibi\u00f3 el quinto informe sobre el estado que guarda el procedimiento para la constituci\u00f3n de nuevos partidos pol\u00edticos nacionales, a la fecha 32 organizaciones contin\u00faan participando en el proceso. El documento se\u00f1ala que 14 de las 32 organizaciones [&hellip;]<\/p>\n","protected":false},"author":26,"featured_media":18669,"comment_status":"open","ping_status":"open","sticky":false,"template":"","format":"standard","meta":{"_jetpack_memberships_contains_paid_content":false,"footnotes":""},"categories":[71,32,63,10,23,21],"tags":[],"class_list":["post-18668","post","type-post","status-publish","format-standard","has-post-thumbnail","hentry","category-elecciones","category-entradas","category-estados","category-lo-mas-reciente","category-municipios","category-politica-y-gobierno"],"jetpack_featured_media_url":"http:\/\/www.eloriente.net\/home\/wp-content\/uploads\/2013\/12\/Morena.jpg","jetpack_sharing_enabled":true,"_links":{"self":[{"href":"http:\/\/www.eloriente.net\/home\/wp-json\/wp\/v2\/posts\/18668"}],"collection":[{"href":"http:\/\/www.eloriente.net\/home\/wp-json\/wp\/v2\/posts"}],"about":[{"href":"http:\/\/www.eloriente.net\/home\/wp-json\/wp\/v2\/types\/post"}],"author":[{"embeddable":true,"href":"http:\/\/www.eloriente.net\/home\/wp-json\/wp\/v2\/users\/26"}],"replies":[{"embeddable":true,"href":"http:\/\/www.eloriente.net\/home\/wp-json\/wp\/v2\/comments?post=18668"}],"version-history":[{"count":4,"href":"http:\/\/www.eloriente.net\/home\/wp-json\/wp\/v2\/posts\/18668\/revisions"}],"predecessor-version":[{"id":18676,"href":"http:\/\/www.eloriente.net\/home\/wp-json\/wp\/v2\/posts\/18668\/revisions\/18676"}],"wp:featuredmedia":[{"embeddable":true,"href":"http:\/\/www.eloriente.net\/home\/wp-json\/wp\/v2\/media\/18669"}],"wp:attachment":[{"href":"http:\/\/www.eloriente.net\/home\/wp-json\/wp\/v2\/media?parent=18668"}],"wp:term":[{"taxonomy":"category","embeddable":true,"href":"http:\/\/www.eloriente.net\/home\/wp-json\/wp\/v2\/categories?post=18668"},{"taxonomy":"post_tag","embeddable":true,"href":"http:\/\/www.eloriente.net\/home\/wp-json\/wp\/v2\/tags?post=18668"}],"curies":[{"name":"wp","href":"https:\/\/api.w.org\/{rel}","templated":true}]}}