{"id":18677,"date":"2014-01-08T07:35:59","date_gmt":"2014-01-08T13:35:59","guid":{"rendered":"http:\/\/www.eloriente.net\/home\/?p=18677"},"modified":"2014-01-08T11:03:52","modified_gmt":"2014-01-08T17:03:52","slug":"fundacion-carolina-ofrece-523-becas-para-estudiantes-iberoamericanos","status":"publish","type":"post","link":"http:\/\/www.eloriente.net\/home\/2014\/01\/08\/fundacion-carolina-ofrece-523-becas-para-estudiantes-iberoamericanos\/","title":{"rendered":"Fundaci\u00f3n Carolina ofrece 523 becas para estudiantes iberoamericanos"},"content":{"rendered":"<p>eloriente.net\/<a href=\"http:\/\/www.fundacioncarolina.es\/\" target=\"_blank\">Fundaci\u00f3n Carolina<\/a><\/p>\n<p>16 de diciembre de 2013<\/p>\n<p><strong>A trav\u00e9s de su Programa de Formaci\u00f3n, la Fundaci\u00f3n Carolina genera capital humano y crea excelencia, contribuyendo decisivamente a la consolidaci\u00f3n de un espacio del conocimiento en Iberoam\u00e9rica y al crecimiento del continente.<\/strong><\/p>\n<p><strong>La 14\u00aa convocatoria de becas presenta 523 becas en el marco de una oferta formativa de calidad y prestigio en sus programas acad\u00e9micos. <\/strong><\/p>\n<p><strong>El riguroso proceso de selecci\u00f3n de candidatos pasa por numerosos filtros, inspirados principalmente por el criterio de la excelencia acad\u00e9mica.<\/strong><\/p>\n<p>La Fundaci\u00f3n Carolina ha abierto una nueva edici\u00f3n de su convocatoria de becas, correspondiente al curso acad\u00e9mico 2014-2015. En esta 14\u00aa edici\u00f3n se ofertan un total de 523 becas, distribuidas en cinco modalidades: 309 becas de postgrado, 50 de doctorado y estancias cortas postdoctorales, 34 becas de movilidad de profesores brasile\u00f1os, 50 de la Escuela Complutense de Verano, 13 becas de proyectos al emprendimiento y 67 de renovaciones de becas de doctorado y becas de postgrado de segundo a\u00f1o. La convocatoria cubre la totalidad de las \u00e1reas de conocimiento y est\u00e1 dirigida en exclusiva a estudiantes de todos los pa\u00edses de Iberoam\u00e9rica para que completen su formaci\u00f3n en Espa\u00f1a.<\/p>\n<p>En los \u00faltimos a\u00f1os la Fundaci\u00f3n Carolina ha realizado un gran esfuerzo por incrementar la calidad de la oferta formativa de los programas que articulan su convocatoria y por consolidar su liderazgo entre las instituciones culturales que impulsan la mejora de la educaci\u00f3n superior en el continente americano. En este sentido, uno de sus activos m\u00e1s relevantes radica en el fomento a la internacionalizaci\u00f3n de las universidades y centros de formaci\u00f3n espa\u00f1oles.<\/p>\n<p>El Programa de Formaci\u00f3n es posible gracias a la colaboraci\u00f3n entre las entidades privadas y organismos p\u00fablicos que integran el Patronato de la Fundaci\u00f3n Carolina, y de las buenas relaciones que mantiene con las instituciones acad\u00e9micas espa\u00f1olas e iberoamericanas de ense\u00f1anza superior. Los programas ofertados proceden de instituciones p\u00fablicas y privadas repartidas en las distintas comunidades aut\u00f3nomas espa\u00f1olas y est\u00e1n avalados por el Consejo Asesor de la Fundaci\u00f3n Carolina, del cual son miembros la ANECA, la CRUE y el CSIC.<\/p>\n<p>La asignaci\u00f3n de las becas se atiene a un depurado sistema de gesti\u00f3n en cuyo proceso de selecci\u00f3n, pautado por varios filtros, participan comit\u00e9s acad\u00e9micos de evaluaci\u00f3n y expertos profesionales independientes que analizan los m\u00e9ritos de los candidatos.<\/p>\n<p>Los plazos de solicitud para optar a las distintas modalidades de beca responden a las siguientes fechas: la convocatoria para las becas de la Escuela Complutense de Verano permanecer\u00e1 abierta hasta el 16 de febrero, las de postgrado hasta el 13 de marzo y las de doctorado, estancias cortas y movilidad de profesores brasile\u00f1os hasta el 10 de abril. Los candidatos pueden encontrar toda la informaci\u00f3n referente a las becas en la web www.fundacioncarolina.es, desde donde se tramitan las solicitudes.<\/p>\n<p>Las cinco modalidades de becas del Programa de Formaci\u00f3n de la Fundaci\u00f3n Carolina:<\/p>\n<p>\u2022 <strong>Becas de postgrado.<\/strong> Est\u00e1n dirigidas a licenciados nacionales de un pa\u00eds miembro de la Comunidad Iberoamericana de Naciones, con capacidad acad\u00e9mica o profesional avalada por un curr\u00edculum sobresaliente. El programa ofrece dos modalidades: becas y ayudas al estudio.<\/p>\n<p><strong>\u2022 Becas de doctorado y estancias cortas postdoctorales.<\/strong> Las becas de doctorado tienen como objetivo facilitar a profesores procedentes de universidades de Iberoam\u00e9rica la obtenci\u00f3n del grado de doctor en centros acad\u00e9micos espa\u00f1oles y propician la creaci\u00f3n de redes de colaboraci\u00f3n entre instituciones universitarias de ambos lados del Atl\u00e1ntico. De conformidad con la creaci\u00f3n del Espacio Europeo de Educaci\u00f3n Superior, estas becas permiten realizar un m\u00e1ster oficial orientado a la investigaci\u00f3n y el doctorado.<\/p>\n<p>Las becas de estancias cortas postdoctorales tienen como objetivo completar la formaci\u00f3n postdoctoral de profesores de centros universitarios de Iberoam\u00e9rica en universidades o en centros de investigaci\u00f3n espa\u00f1oles.<\/p>\n<p><strong>\u2022 Becas de movilidad de profesores brasile\u00f1os.<\/strong> Permiten una estancia corta de investigaci\u00f3n en Espa\u00f1a a profesores o t\u00e9cnicos superiores de universidades, as\u00ed como a investigadores de organismos p\u00fablicos de investigaci\u00f3n de Brasil.<\/p>\n<p><strong>\u2022 Becas Escuela Complutense de Verano.<\/strong> Est\u00e1n orientadas a profesionales y licenciados nacionales de un pa\u00eds miembro de la Comunidad Iberoamericana de Naciones, que durante un breve periodo de tiempo quieran desplazarse a Espa\u00f1a para intercambiar conocimientos acad\u00e9micos y profesionales y para imbuirse de forma monogr\u00e1fica en temas novedosos o punteros en sus diferentes \u00e1mbitos de inter\u00e9s.<\/p>\n<p><strong>\u2022 Proyectos de Emprendimiento.<\/strong> Como novedad acad\u00e9mica para el curso 2014-2015 se convoca esta modalidad de becas de Proyectos de Emprendimiento. En ellas los estudiantes complementar\u00e1n su formaci\u00f3n con un periodo de pr\u00e1cticas en startups y empresas de alto componente tecnol\u00f3gico, con el fin de que ganen experiencia laboral y y adquieran un aprendizaje efectivo sobre el funcionamiento de las econom\u00edas del conocimiento.<\/p>\n<p>&nbsp;<\/p>\n<p><strong>M\u00e1s informaci\u00f3n:<\/strong><br \/>\nwww.fundacioncarolina.es \/ www.redcarolina.net<br \/>\nTwitter:\u00a0@Red_Carolina \u00a0Facebook: Fundaci\u00f3n Carolina<\/p>\n<p>&nbsp;<\/p>\n<p><a href=\"http:\/\/www.eloriente.net\/home\/wp-content\/uploads\/2013\/12\/anuncio_becas.jpg\"><img loading=\"lazy\" decoding=\"async\" class=\"alignnone size-medium wp-image-18679\" title=\"Fundacion Carolina\" src=\"http:\/\/www.eloriente.net\/home\/wp-content\/uploads\/2013\/12\/anuncio_becas-232x300.jpg\" alt=\"\" width=\"232\" height=\"300\" srcset=\"http:\/\/www.eloriente.net\/home\/wp-content\/uploads\/2013\/12\/anuncio_becas-232x300.jpg 232w, http:\/\/www.eloriente.net\/home\/wp-content\/uploads\/2013\/12\/anuncio_becas.jpg 744w\" sizes=\"(max-width: 232px) 100vw, 232px\" \/><\/a><\/p>\n<p>&nbsp;<\/p>\n<p><strong>Entradas relacionadas:\u00a0<\/strong><\/p>\n<p><a title=\"Permalink to Revisa convocatoria de SRE a mexicanos para realizar estudios en el extranjero\" href=\"http:\/\/www.eloriente.net\/home\/2013\/12\/11\/sre-convoca-a-mexicanos-a-realizar-estudios-en-el-extranjero\/\" rel=\"bookmark\">Revisa convocatoria de SRE a mexicanos para realizar estudios en el extranjero<\/a><\/p>\n<p><a href=\"http:\/\/www.eloriente.net\/home\/2013\/12\/11\/sre-convoca-a-mexicanos-a-realizar-estudios-en-el-extranjero\/\" rel=\"bookmark\"><img decoding=\"async\" title=\"Revisa convocatoria de SRE a mexicanos para realizar estudios en el extranjero\" src=\"http:\/\/www.eloriente.net\/home\/wp-content\/themes\/city-desk\/timthumb.php?src=http%3A%2F%2Fwww.eloriente.net%2Fhome%2Fwp-content%2Fuploads%2F2013%2F12%2FEstudiantes.jpg&amp;q=90&amp;w=160&amp;h=106&amp;zc=1\" alt=\"Revisa convocatoria de SRE a mexicanos para realizar estudios en el extranjero\" \/><\/a><\/p>\n<p>eloriente.net 11 de diciembre de 2013 La Secretaria de Relaciones Exteriores (SRE) a trav\u00e9s de su portal de internet convoca peri\u00f3dicamente a ciudadanos mexicanos a realizar estudios de licenciatura, maestr\u00eda, doctorado o cursos para funcionarios en instituciones de educaci\u00f3n superior en el extranjero, con el\u00a0prop\u00f3sito de aumentar la movilidad acad\u00e9mica de los estudiantes de la [&#8230;]<\/p>\n<p>December 11, 2013<\/p>\n<p><a title=\"Permalink to CONACYT convoca a realizar Investigaci\u00f3n Cient\u00edfica B\u00e1sica\" href=\"http:\/\/www.eloriente.net\/home\/2013\/12\/01\/conacyt-convoca-a-realizar-investigacion-cientifica-basica\/\" rel=\"bookmark\">CONACYT convoca a realizar Investigaci\u00f3n Cient\u00edfica B\u00e1sica<\/a><\/p>\n<p><a href=\"http:\/\/www.eloriente.net\/home\/2013\/12\/01\/conacyt-convoca-a-realizar-investigacion-cientifica-basica\/\" rel=\"bookmark\"><img decoding=\"async\" title=\"CONACYT convoca a realizar Investigaci\u00f3n Cient\u00edfica B\u00e1sica\" src=\"http:\/\/www.eloriente.net\/home\/wp-content\/themes\/city-desk\/timthumb.php?src=http%3A%2F%2Fwww.eloriente.net%2Fhome%2Fwp-content%2Fuploads%2F2013%2F12%2Fcientifico-45435.jpg&amp;q=90&amp;w=160&amp;h=106&amp;zc=1\" alt=\"CONACYT convoca a realizar Investigaci\u00f3n Cient\u00edfica B\u00e1sica\" \/><\/a><\/p>\n<p>eloriente.net 1 de diciembre de 2013 El Consejo Nacional de Ciencia y Tecnolog\u00eda (CONACYT) y la Secretar\u00eda de Educaci\u00f3n P\u00fablica (SEP), han constituido el fideicomiso denominado \u201cFondo Sectorial de Investigaci\u00f3n para la Educaci\u00f3n\u201d (Fondo), cuyo prop\u00f3sito es apoyar proyectos de investigaci\u00f3n cient\u00edfica b\u00e1sica que generen conocimiento de frontera y contribuyan a mejorar la calidad de [&#8230;]<\/p>\n<p>December 1, 2013<\/p>\n<p><a title=\"Permalink to SEDATU convoca al Padr\u00f3n de Asesores T\u00e9cnicos 2014\" href=\"http:\/\/www.eloriente.net\/home\/2013\/11\/30\/sedatu-convoca-al-padron-de-asesores-tecnicos-2014\/\" rel=\"bookmark\">SEDATU convoca al Padr\u00f3n de Asesores T\u00e9cnicos 2014<\/a><\/p>\n<p><a href=\"http:\/\/www.eloriente.net\/home\/2013\/11\/30\/sedatu-convoca-al-padron-de-asesores-tecnicos-2014\/\" rel=\"bookmark\"><img decoding=\"async\" title=\"SEDATU convoca al Padr\u00f3n de Asesores T\u00e9cnicos 2014\" src=\"http:\/\/www.eloriente.net\/home\/wp-content\/themes\/city-desk\/timthumb.php?src=http%3A%2F%2Fwww.eloriente.net%2Fhome%2Fwp-content%2Fuploads%2F2013%2F11%2Fjoven-rural.jpg&amp;q=90&amp;w=160&amp;h=106&amp;zc=1\" alt=\"SEDATU convoca al Padr\u00f3n de Asesores T\u00e9cnicos 2014\" \/><\/a><\/p>\n<p>eloriente.ent 30 de noviembre de 2013 La Secretar\u00eda de Desarrollo Agrario, Territorial y Urbano (SEDATU), a trav\u00e9s de la Direcci\u00f3n General de Desarrollo Agrario, con la cooperaci\u00f3n t\u00e9cnica de la Facultad de Econom\u00eda de la Universidad Nacional Aut\u00f3noma de M\u00e9xico (UNAM) convocan a aspirantes de nuevo ingreso, t\u00e9cnicos no vigentes y t\u00e9cnicos que actualmente conforman [&#8230;]<\/p>\n<p>November 30, 2013<\/p>\n\n\t\t\t  <div \n\t\t\t  \tclass = \"fb-comments\" \n\t\t\t  \tdata-href = \"http:\/\/www.eloriente.net\/home\/2014\/01\/08\/fundacion-carolina-ofrece-523-becas-para-estudiantes-iberoamericanos\/\"\n\t\t\t  \tdata-numposts = \"10\"\n\t\t\t\tdata-colorscheme = \"dark\"\n\t\t\t\tdata-order-by = \"social\"\n\t\t\t\tdata-mobile=true>\n\t\t\t  <\/div>\n\t\t  <style>\n\t\t\t.fb_iframe_widget_fluid_desktop iframe {\n\t\t\t    width: 100% !important;\n\t\t\t}\n\t\t  <\/style>\n\t\t  ","protected":false},"excerpt":{"rendered":"<p>eloriente.net\/Fundaci\u00f3n Carolina 16 de diciembre de 2013 A trav\u00e9s de su Programa de Formaci\u00f3n, la Fundaci\u00f3n Carolina genera capital humano y crea excelencia, contribuyendo decisivamente a la consolidaci\u00f3n de un espacio del conocimiento en Iberoam\u00e9rica y al crecimiento del continente. La 14\u00aa convocatoria de becas presenta 523 becas en el marco de una oferta formativa [&hellip;]<\/p>\n","protected":false},"author":26,"featured_media":18678,"comment_status":"open","ping_status":"open","sticky":false,"template":"","format":"standard","meta":{"_jetpack_memberships_contains_paid_content":false,"footnotes":""},"categories":[26,18,32,10,24,84],"tags":[],"class_list":["post-18677","post","type-post","status-publish","format-standard","has-post-thumbnail","hentry","category-convocatorias","category-educacion-y-cultura","category-entradas","category-lo-mas-reciente","category-mexico-y-el-mundo","category-universidades"],"jetpack_featured_media_url":"http:\/\/www.eloriente.net\/home\/wp-content\/uploads\/2013\/12\/Portada-1.jpg","jetpack_sharing_enabled":true,"_links":{"self":[{"href":"http:\/\/www.eloriente.net\/home\/wp-json\/wp\/v2\/posts\/18677"}],"collection":[{"href":"http:\/\/www.eloriente.net\/home\/wp-json\/wp\/v2\/posts"}],"about":[{"href":"http:\/\/www.eloriente.net\/home\/wp-json\/wp\/v2\/types\/post"}],"author":[{"embeddable":true,"href":"http:\/\/www.eloriente.net\/home\/wp-json\/wp\/v2\/users\/26"}],"replies":[{"embeddable":true,"href":"http:\/\/www.eloriente.net\/home\/wp-json\/wp\/v2\/comments?post=18677"}],"version-history":[{"count":5,"href":"http:\/\/www.eloriente.net\/home\/wp-json\/wp\/v2\/posts\/18677\/revisions"}],"predecessor-version":[{"id":19350,"href":"http:\/\/www.eloriente.net\/home\/wp-json\/wp\/v2\/posts\/18677\/revisions\/19350"}],"wp:featuredmedia":[{"embeddable":true,"href":"http:\/\/www.eloriente.net\/home\/wp-json\/wp\/v2\/media\/18678"}],"wp:attachment":[{"href":"http:\/\/www.eloriente.net\/home\/wp-json\/wp\/v2\/media?parent=18677"}],"wp:term":[{"taxonomy":"category","embeddable":true,"href":"http:\/\/www.eloriente.net\/home\/wp-json\/wp\/v2\/categories?post=18677"},{"taxonomy":"post_tag","embeddable":true,"href":"http:\/\/www.eloriente.net\/home\/wp-json\/wp\/v2\/tags?post=18677"}],"curies":[{"name":"wp","href":"https:\/\/api.w.org\/{rel}","templated":true}]}}