{"id":18689,"date":"2013-12-17T09:45:31","date_gmt":"2013-12-17T15:45:31","guid":{"rendered":"http:\/\/www.eloriente.net\/home\/?p=18689"},"modified":"2013-12-17T09:45:31","modified_gmt":"2013-12-17T15:45:31","slug":"objetivos-de-desarrollo-sostenible-un-reto-urgente-para-toda-la-ciudadania","status":"publish","type":"post","link":"http:\/\/www.eloriente.net\/home\/2013\/12\/17\/objetivos-de-desarrollo-sostenible-un-reto-urgente-para-toda-la-ciudadania\/","title":{"rendered":"Objetivos de Desarrollo Sostenible, un reto urgente para toda la ciudadan\u00eda"},"content":{"rendered":"<p>eloriente.net\/<a href=\"http:\/\/www.oei.es\/decada\/\" target=\"_blank\">OEI D\u00e9cada\u00a0<\/a><\/p>\n<p>17 de diciembre de 2013<\/p>\n<p>\u2018D\u00e9cada de la educaci\u00f3n por un futuro sostenible\u2019, \u00f3rgano perteneciente a la Organizaci\u00f3n de las Naciones Unidas para la Educaci\u00f3n, la Ciencia y la Cultura (UNESCO), ha promovido cada a\u00f1o la celebraci\u00f3n del 10 de diciembre, D\u00eda Internacional de los Derechos Humanos, insistiendo en la estrecha vinculaci\u00f3n entre el logro de la transici\u00f3n a la Sostenibilidad y la ampliaci\u00f3n y universalizaci\u00f3n de los derechos humanos.<\/p>\n<p>Dicha propuesta es hoy plenamente aceptada, se reconoce en el proyecto de Naciones Unidas de definir unos\u00a0<a href=\"http:\/\/www.oei.es\/decada\/accion.php?accion=25\" target=\"_blank\">Objetivos de Desarrollo Sostenible<\/a>\u00a0(ODS) y una nueva Agenda de Desarrollo Global Post 2015, para dar respuesta al conjunto de problemas estrechamente vinculados que amenazan la supervivencia de la humanidad.<\/p>\n<p>Educadores por la sostenibilidad, miembros de \u2018D\u00e9cada de la educaci\u00f3n\u2019, declaran que las razones que exigen la universalizaci\u00f3n de\u00a0<em>todos<\/em><em>\u00a0<\/em>los derechos humanos para hacer posible la construcci\u00f3n de un futuro sostenible son:<\/p>\n<ol>\n<li><strong>Derechos de primera generaci\u00f3n:<\/strong> los derechos de opini\u00f3n, reuni\u00f3n y asociaci\u00f3n, sin limitaciones de origen \u00e9tnico o de g\u00e9nero; condici\u00f3n esencial para la participaci\u00f3n ciudadana en la toma de decisiones que afectan al presente y futuro de la sociedad.<\/li>\n<li><strong>Derechos de segunda generaci\u00f3n: <\/strong>La expansi\u00f3n de las libertades constituye un pilar fundamental para abordar la problem\u00e1tica de la Sostenibilidad. Igualmente imprescindible resulta garantizar las necesidades b\u00e1sicas del conjunto de los seres humanos, es decir, reconocer y universalizar los derechos econ\u00f3micos, sociales y culturales.<\/li>\n<li><strong>Derechos de tercera generaci\u00f3n: <\/strong>Tambi\u00e9n son conocidos como derechos de Solidaridad, que incluyen el derecho a un ambiente saludable, a la paz y al desarrollo sostenible, tanto econ\u00f3mico como cultural, para todos los pueblos y para las generaciones futuras.<\/li>\n<\/ol>\n<p>Ello conlleva, por una parte, el cuestionamiento de los actuales desequilibrios econ\u00f3micos entre pa\u00edses y poblaciones, as\u00ed como nuevos modelos y estructuras econ\u00f3micas adecuadas, que garanticen el acceso universal a los recursos b\u00e1sicos, tanto materiales como energ\u00e9ticos limpios y renovables, para el logro de la Sostenibilidad y, por otra, la defensa de la diversidad cultural, como patrimonio de toda la humanidad, y del mestizaje intercultural, contra todo tipo de racismo y de barreras \u00e9tnicas o sociales (ver\u00a0<a href=\"http:\/\/www.oei.es\/decada\/accion.php?accion=11\" target=\"_blank\">Derechos Humanos y Sostenibilidad<\/a>).<\/p>\n<p>La transici\u00f3n a la Sostenibilidad y la universalizaci\u00f3n de los derechos humanos constituyen las dos caras de un mismo proyecto civilizatorio, destinado a garantizar el futuro sostenible\u00a0y satisfactorio\u00a0de la humanidad. Por tal motivo, \u2018D\u00e9cada de la educaci\u00f3n\u2019 considera significativo insistir en la importancia central del concepto de Desarrollo Sostenible, resaltando la idea de Desarrollo.<\/p>\n<p>Educadores por la sostenibilidad expresaron que en ocasiones los concepto de desarrollo y de progreso son cuestionados por algunos, quienes lo asimilan err\u00f3neamente como al crecimiento econ\u00f3mico depredador al servicio de los intereses particulares de una reducida parte de la humanidad (ver\u00a0<a href=\"http:\/\/www.oei.es\/decada\/accion.php?accion=1\" target=\"_blank\">Sostenibilidad<\/a>).<\/p>\n<p>Bajo la misma l\u00ednea, dijeron que los miles de millones de seres humanos que carecen de los bienes m\u00e1s b\u00e1sicos necesitan un proyecto movilizador para avanzar en la soluci\u00f3n de los problemas y en el logro de mayores cotas de bienestar. Necesitan saber que existe la posibilidad de una prosperidad compartida, respetuosa de la biodiversidad y de la diversidad cultural.<\/p>\n<p>Finalmente, indicaron que todos necesitamos dotarnos de unos Objetivos de Desarrollo Sostenible para el conjunto de la humanidad y de las futuras generaciones, entendiendo este desarrollo no como crecimiento global en el consumo de recursos y la producci\u00f3n de residuos contaminantes, sino como profundos cambios cualitativos del modelo socioecon\u00f3mico, de la organizaci\u00f3n social, de la educaci\u00f3n, etc., imprescindibles para poner fin a la miseria de los m\u00e1s, el hiperconsumo de los menos y la degradaci\u00f3n de todos los ecosistemas. Cambios que impulsen la cooperaci\u00f3n, la solidaridad y, en definitiva, que contribuyan a ampliar y universalizar los Derechos Humanos.<\/p>\n<p>&nbsp;<\/p>\n<p><a href=\"http:\/\/www.eloriente.net\/home\/wp-content\/uploads\/2013\/12\/Derechos-humanos.jpg\"><img loading=\"lazy\" decoding=\"async\" class=\"alignnone size-medium wp-image-18692\" title=\"Derechos-humanos\" src=\"http:\/\/www.eloriente.net\/home\/wp-content\/uploads\/2013\/12\/Derechos-humanos-300x185.jpg\" alt=\"\" width=\"300\" height=\"185\" srcset=\"http:\/\/www.eloriente.net\/home\/wp-content\/uploads\/2013\/12\/Derechos-humanos-300x185.jpg 300w, http:\/\/www.eloriente.net\/home\/wp-content\/uploads\/2013\/12\/Derechos-humanos-1024x631.jpg 1024w, http:\/\/www.eloriente.net\/home\/wp-content\/uploads\/2013\/12\/Derechos-humanos.jpg 1094w\" sizes=\"(max-width: 300px) 100vw, 300px\" \/><\/a><\/p>\n<p>Foto: Gerardo Romo<\/p>\n<p>&nbsp;<\/p>\n<p><strong>Entradas relacionadas:\u00a0<\/strong><\/p>\n<p><a title=\"Permalink to 5 avances en materia de Derechos Humanos: Presidencia\" href=\"http:\/\/www.eloriente.net\/home\/2013\/12\/16\/5-avances-en-materia-de-derechos-humanos\/\" rel=\"bookmark\">5 avances en materia de Derechos Humanos: Presidencia<\/a><\/p>\n<p><a href=\"http:\/\/www.eloriente.net\/home\/2013\/12\/16\/5-avances-en-materia-de-derechos-humanos\/\" rel=\"bookmark\"><img decoding=\"async\" title=\"5 avances en materia de Derechos Humanos: Presidencia\" src=\"http:\/\/www.eloriente.net\/home\/wp-content\/themes\/city-desk\/timthumb.php?src=http%3A%2F%2Fwww.eloriente.net%2Fhome%2Fwp-content%2Fuploads%2F2013%2F12%2F5-Avances-en-materia-de-Derechos-Humanos-642x222.jpg&amp;q=90&amp;w=160&amp;h=106&amp;zc=1\" alt=\"5 avances en materia de Derechos Humanos: Presidencia\" \/><\/a><\/p>\n<p>eloriente.net\/Presidencia de la Rep\u00fablica 16 de diciembre de 2013 PRIMERO.\u00a0Decidido impulso a la promoci\u00f3n y defensa de los Derechos Humanos en toda la estructura de la Administraci\u00f3n P\u00fablica Federal,con lo que se ha reducido a pr\u00e1cticamente la mitad el n\u00famero de quejas presentadas ante la Comisi\u00f3n Nacional de los Derechos Humanos, por presuntas violaciones a [&#8230;]<\/p>\n<p>December 16, 2013<\/p>\n<div id=\"post-18409\">\n<p><a title=\"Permalink to Infancia con discapacidad, prioridad para UNICEF en Oaxaca\" href=\"http:\/\/www.eloriente.net\/home\/2013\/12\/12\/infancia-con-discapacidad-prioridad-para-unicef-en-oaxaca\/\" rel=\"bookmark\">Infancia con discapacidad, prioridad para UNICEF en Oaxaca<\/a><\/p>\n<p><a href=\"http:\/\/www.eloriente.net\/home\/2013\/12\/12\/infancia-con-discapacidad-prioridad-para-unicef-en-oaxaca\/\" rel=\"bookmark\"><img decoding=\"async\" title=\"Infancia con discapacidad, prioridad para UNICEF en Oaxaca\" src=\"http:\/\/www.eloriente.net\/home\/wp-content\/themes\/city-desk\/timthumb.php?src=http%3A%2F%2Fwww.eloriente.net%2Fhome%2Fwp-content%2Fuploads%2F2013%2F12%2Funicef-oax.jpg&amp;q=90&amp;w=160&amp;h=106&amp;zc=1\" alt=\"Infancia con discapacidad, prioridad para UNICEF en Oaxaca\" \/><\/a><\/p>\n<p>eloriente.net 12 de diciembre de 2013 Por: Alejandra Silva Soriano El pasado martes se present\u00f3 en nuestro estado el Informe sobre los Derechos de la infancia y la adolescencia en Oaxaca, un producto del an\u00e1lisis y el trabajo conjunto del equipo t\u00e9cnico de UNICEF en M\u00e9xico, organizaciones gubernamentales y de la sociedad civil. Dicho informe [&#8230;]<\/p>\n<p>December 12, 2013<\/p>\n<\/div>\n<div id=\"post-18287\">\n<p><a title=\"Permalink to En D\u00eda de los Derechos Humanos, conoce organizaciones mexicanas que los protegen\" href=\"http:\/\/www.eloriente.net\/home\/2013\/12\/10\/organizaciones-mexicanas-a-favor-de-los-derechos-humanos\/\" rel=\"bookmark\">En D\u00eda de los Derechos Humanos, conoce organizaciones mexicanas que los protegen<\/a><\/p>\n<p><a href=\"http:\/\/www.eloriente.net\/home\/2013\/12\/10\/organizaciones-mexicanas-a-favor-de-los-derechos-humanos\/\" rel=\"bookmark\"><img decoding=\"async\" title=\"En D\u00eda de los Derechos Humanos, conoce organizaciones mexicanas que los protegen\" src=\"http:\/\/www.eloriente.net\/home\/wp-content\/themes\/city-desk\/timthumb.php?src=http%3A%2F%2Fwww.eloriente.net%2Fhome%2Fwp-content%2Fuploads%2F2013%2F12%2Fderechos.jpg&amp;q=90&amp;w=160&amp;h=106&amp;zc=1\" alt=\"En D\u00eda de los Derechos Humanos, conoce organizaciones mexicanas que los protegen\" \/><\/a><\/p>\n<p>eloriente.net 10 de diciembre de 2013 En 1950, la Asamblea General de la Organizaci\u00f3n de las Naciones Unidas (ONU) proclam\u00f3 el 10 de diciembre como D\u00eda de los Derechos Humanos, como un acto de conmemoraci\u00f3n por la aprobaci\u00f3n de la Declaraci\u00f3n Universal de Derechos Humanos, firmada dos a\u00f1os atr\u00e1s, como un ideal com\u00fan de todos [&#8230;]<\/p>\n<p>December 10, 2013<\/p>\n<\/div>\n\n\t\t\t  <div \n\t\t\t  \tclass = \"fb-comments\" \n\t\t\t  \tdata-href = \"http:\/\/www.eloriente.net\/home\/2013\/12\/17\/objetivos-de-desarrollo-sostenible-un-reto-urgente-para-toda-la-ciudadania\/\"\n\t\t\t  \tdata-numposts = \"10\"\n\t\t\t\tdata-colorscheme = \"dark\"\n\t\t\t\tdata-order-by = \"social\"\n\t\t\t\tdata-mobile=true>\n\t\t\t  <\/div>\n\t\t  <style>\n\t\t\t.fb_iframe_widget_fluid_desktop iframe {\n\t\t\t    width: 100% !important;\n\t\t\t}\n\t\t  <\/style>\n\t\t  ","protected":false},"excerpt":{"rendered":"<p>eloriente.net\/OEI D\u00e9cada\u00a0 17 de diciembre de 2013 \u2018D\u00e9cada de la educaci\u00f3n por un futuro sostenible\u2019, \u00f3rgano perteneciente a la Organizaci\u00f3n de las Naciones Unidas para la Educaci\u00f3n, la Ciencia y la Cultura (UNESCO), ha promovido cada a\u00f1o la celebraci\u00f3n del 10 de diciembre, D\u00eda Internacional de los Derechos Humanos, insistiendo en la estrecha vinculaci\u00f3n entre [&hellip;]<\/p>\n","protected":false},"author":26,"featured_media":18692,"comment_status":"open","ping_status":"open","sticky":false,"template":"","format":"standard","meta":{"_jetpack_memberships_contains_paid_content":false,"footnotes":""},"categories":[22,32,10,24],"tags":[],"class_list":["post-18689","post","type-post","status-publish","format-standard","has-post-thumbnail","hentry","category-derechos-humanos","category-entradas","category-lo-mas-reciente","category-mexico-y-el-mundo"],"jetpack_featured_media_url":"http:\/\/www.eloriente.net\/home\/wp-content\/uploads\/2013\/12\/Derechos-humanos.jpg","jetpack_sharing_enabled":true,"_links":{"self":[{"href":"http:\/\/www.eloriente.net\/home\/wp-json\/wp\/v2\/posts\/18689"}],"collection":[{"href":"http:\/\/www.eloriente.net\/home\/wp-json\/wp\/v2\/posts"}],"about":[{"href":"http:\/\/www.eloriente.net\/home\/wp-json\/wp\/v2\/types\/post"}],"author":[{"embeddable":true,"href":"http:\/\/www.eloriente.net\/home\/wp-json\/wp\/v2\/users\/26"}],"replies":[{"embeddable":true,"href":"http:\/\/www.eloriente.net\/home\/wp-json\/wp\/v2\/comments?post=18689"}],"version-history":[{"count":4,"href":"http:\/\/www.eloriente.net\/home\/wp-json\/wp\/v2\/posts\/18689\/revisions"}],"predecessor-version":[{"id":18695,"href":"http:\/\/www.eloriente.net\/home\/wp-json\/wp\/v2\/posts\/18689\/revisions\/18695"}],"wp:featuredmedia":[{"embeddable":true,"href":"http:\/\/www.eloriente.net\/home\/wp-json\/wp\/v2\/media\/18692"}],"wp:attachment":[{"href":"http:\/\/www.eloriente.net\/home\/wp-json\/wp\/v2\/media?parent=18689"}],"wp:term":[{"taxonomy":"category","embeddable":true,"href":"http:\/\/www.eloriente.net\/home\/wp-json\/wp\/v2\/categories?post=18689"},{"taxonomy":"post_tag","embeddable":true,"href":"http:\/\/www.eloriente.net\/home\/wp-json\/wp\/v2\/tags?post=18689"}],"curies":[{"name":"wp","href":"https:\/\/api.w.org\/{rel}","templated":true}]}}