{"id":18703,"date":"2013-12-17T11:02:10","date_gmt":"2013-12-17T17:02:10","guid":{"rendered":"http:\/\/www.eloriente.net\/home\/?p=18703"},"modified":"2013-12-17T11:02:10","modified_gmt":"2013-12-17T17:02:10","slug":"laicidad-y-libertad-religiosa-en-mexico","status":"publish","type":"post","link":"http:\/\/www.eloriente.net\/home\/2013\/12\/17\/laicidad-y-libertad-religiosa-en-mexico\/","title":{"rendered":"Laicidad y libertad religiosa en M\u00e9xico"},"content":{"rendered":"<p>eloriente.net<\/p>\n<p>17 de diciembre de 2013<\/p>\n<p style=\"text-align: right\">Por: <a href=\"http:\/\/www.eloriente.net\/home\/author\/miguel\/\" target=\"_blank\">Miguel Carbonell<\/a><\/p>\n<p>La C\u00e1tedra Extraordinaria Benito Ju\u00e1rez es un proyecto de la Universidad Nacional Aut\u00f3noma de M\u00e9xico y del Instituto Iberoamericano de Derecho Constitucional, cuyo objetivo es fomentar el estudio, comprensi\u00f3n y difusi\u00f3n de la laicidad en M\u00e9xico.<\/p>\n<p>Para lograr dicho objetivo, la C\u00e1tedra Extraordinaria Benito Ju\u00e1rez lleva a cabo una serie de acciones primordialmente acad\u00e9micas, como la organizaci\u00f3n de seminarios, la publicaci\u00f3n de textos y la realizaci\u00f3n de concursos de ensayo o programas de televisi\u00f3n.<\/p>\n<p>Bajo este orden de ideas, a principios del pasado mes de marzo se public\u00f3 la colecci\u00f3n de cuadernos \u00bb\u00a0Jorge Carpizo\u00a0Para entender y pensar la laicidad\u00bb, una serie de textos que abordan distintas posturas sobre la laicidad y muestran los puntos de vista de destacadas y destacados acad\u00e9micos sobre el tema.<\/p>\n<p>A continuaci\u00f3n, ponemos a su disposici\u00f3n el cuaderno titulado \u00abLaicidad y libertad religiosa en M\u00e9xico\u00bb de mi autor\u00eda, as\u00ed como toda la colecci\u00f3n \u00abJorge Carpizo\u00a0Para entender y pensar la laicidad\u00bb que podr\u00e1n descargar y consultar:<\/p>\n<p style=\"text-align: left\" align=\"center\"><a href=\"http:\/\/www.miguelcarbonell.com\/artman\/uploads\/1\/Colecci__n-Jorge-Carpizo-XXII-Laicidad-y-libertad-religiosa-Miguel-Carbonell__1_.pdf\">Descargar cuaderno \u00abLaicidad y libertad religiosa en M\u00e9xico\u00bb Miguel Carbonell<\/a><\/p>\n<p style=\"text-align: left\" align=\"center\"><a href=\"http:\/\/catedra-laicidad.unam.mx\/wp-content\/uploads\/2013\/04\/Colecci%C3%B3n-de-Cuadernos-Jorge-Carpizo-I-XV.zip\">Descargar colecci\u00f3n de cuadernos \u00abJorge Carpizo. Para entender y pensar la laicidad\u00bb<\/a><\/p>\n<p style=\"text-align: left\" align=\"center\">\n<p style=\"text-align: left\" align=\"center\"><a href=\"http:\/\/www.eloriente.net\/home\/wp-content\/uploads\/2013\/12\/Laicidad.png\"><img loading=\"lazy\" decoding=\"async\" class=\"alignnone size-medium wp-image-18704\" src=\"http:\/\/www.eloriente.net\/home\/wp-content\/uploads\/2013\/12\/Laicidad-181x300.png\" alt=\"\" width=\"181\" height=\"300\" srcset=\"http:\/\/www.eloriente.net\/home\/wp-content\/uploads\/2013\/12\/Laicidad-181x300.png 181w, http:\/\/www.eloriente.net\/home\/wp-content\/uploads\/2013\/12\/Laicidad.png 488w\" sizes=\"(max-width: 181px) 100vw, 181px\" \/><\/a><\/p>\n<p style=\"text-align: left\" align=\"center\">\n<p style=\"text-align: left\" align=\"center\">\n<p style=\"text-align: left\" align=\"center\"><strong>Entradas relacionadas:<\/strong><\/p>\n<p><a title=\"Permalink to Resultados del Programa Internacional de Evaluaci\u00f3n de los Alumnos: OCDE\" href=\"http:\/\/www.eloriente.net\/home\/2013\/12\/12\/resultados-pisa-2012\/\" rel=\"bookmark\">Resultados del Programa Internacional de Evaluaci\u00f3n de los Alumnos: OCDE<\/a><\/p>\n<p style=\"text-align: left\" align=\"center\"><a href=\"http:\/\/www.eloriente.net\/home\/2013\/12\/12\/resultados-pisa-2012\/\" rel=\"bookmark\"><img decoding=\"async\" src=\"http:\/\/www.eloriente.net\/home\/wp-content\/themes\/city-desk\/timthumb.php?src=http%3A%2F%2Fwww.eloriente.net%2Fhome%2Fwp-content%2Fuploads%2F2013%2F12%2Feducacion.jpg&amp;q=90&amp;w=160&amp;h=106&amp;zc=1\" alt=\"Resultados del Programa Internacional de Evaluaci\u00f3n de los Alumnos: OCDE\" \/><\/a><\/p>\n<p>eloriente.net 12 de diciembre de 2013 Por: Miguel Carbonell La Organizaci\u00f3n para la Cooperaci\u00f3n y el Desarrollo Econ\u00f3micos (OCDE) present\u00f3 los resultados relativos al a\u00f1o 2012 del Programa para la Evaluaci\u00f3n Internacional de Alumnos (PISA, por sus siglas en ingl\u00e9s), que se centraron en las matem\u00e1ticas, la lectura, la ciencia y las \u00e1reas de mayor [&#8230;]<\/p>\n<p>December 12, 2013<\/p>\n<div>\n<p><a title=\"Permalink to Los abogados deben saber expresarse\" href=\"http:\/\/www.eloriente.net\/home\/2013\/11\/16\/los-abogados-deben-saber-expresarse\/\" rel=\"bookmark\">Los abogados deben saber expresarse<\/a><\/p>\n<p><a href=\"http:\/\/www.eloriente.net\/home\/2013\/11\/16\/los-abogados-deben-saber-expresarse\/\" rel=\"bookmark\"><img decoding=\"async\" src=\"http:\/\/www.eloriente.net\/home\/wp-content\/themes\/city-desk\/timthumb.php?src=http%3A%2F%2Fwww.eloriente.net%2Fhome%2Fwp-content%2Fuploads%2F2013%2F11%2FMiguel-Carbonell.png&amp;q=90&amp;w=160&amp;h=106&amp;zc=1\" alt=\"Los abogados deben saber expresarse\" \/><\/a><\/p>\n<p>eloriente.net 16 de noviembre de 2013 Por: Miguel Carbonell \u201cEn el gremio jur\u00eddico debemos hacer un esfuerzo importante para ser claros\u201d, dice Miguel Carbonell en esta video-colaboraci\u00f3n, que nos comparte. \u00a0 Anteriores: El Recurso de Amparo afecta toda la profesi\u00f3n jur\u00eddica: Miguel Carbonell eloriente.net\/TSJEO 14 de noviembre de 2013 El titular el Poder Judicial, Alfredo [&#8230;]<\/p>\n<p>November 16, 2013<\/p>\n<\/div>\n<div>\n<p><a title=\"Permalink to \u00bfQu\u00e9 implica la Igualdad de G\u00e9nero?\" href=\"http:\/\/www.eloriente.net\/home\/2013\/11\/01\/que-implica-la-igualdad-de-genero\/\" rel=\"bookmark\">\u00bfQu\u00e9 implica la Igualdad de G\u00e9nero?<\/a><\/p>\n<p><a href=\"http:\/\/www.eloriente.net\/home\/2013\/11\/01\/que-implica-la-igualdad-de-genero\/\" rel=\"bookmark\"><img decoding=\"async\" src=\"http:\/\/www.eloriente.net\/home\/wp-content\/themes\/city-desk\/timthumb.php?src=http%3A%2F%2Fwww.eloriente.net%2Fhome%2Fwp-content%2Fuploads%2F2013%2F11%2FCaptura-Miguel-Carbonell-Igualdad.png&amp;q=90&amp;w=160&amp;h=106&amp;zc=1\" alt=\"\u00bfQu\u00e9 implica la Igualdad de G\u00e9nero?\" \/><\/a><\/p>\n<p>eloriente.net\/Miguel Carbonell 1 de noviembre de 2013 \u201cDi\u00e1logos con Carbonell\u201d es una serie de c\u00e1psulas destinadas a contribuir en la formaci\u00f3n de las y los j\u00f3venes, dando impulso a los valores, el civismo, la \u00e9tica y la cultura de la legalidad\/ C\u00e1psulas grabadas por la Comisi\u00f3n Estatal de Derechos Humanos de Chihuahua en Septiembre, 2013. [&#8230;]<\/p>\n<p>November 1, 2013<\/p>\n<\/div>\n\n\t\t\t  <div \n\t\t\t  \tclass = \"fb-comments\" \n\t\t\t  \tdata-href = \"http:\/\/www.eloriente.net\/home\/2013\/12\/17\/laicidad-y-libertad-religiosa-en-mexico\/\"\n\t\t\t  \tdata-numposts = \"10\"\n\t\t\t\tdata-colorscheme = \"dark\"\n\t\t\t\tdata-order-by = \"social\"\n\t\t\t\tdata-mobile=true>\n\t\t\t  <\/div>\n\t\t  <style>\n\t\t\t.fb_iframe_widget_fluid_desktop iframe {\n\t\t\t    width: 100% !important;\n\t\t\t}\n\t\t  <\/style>\n\t\t  ","protected":false},"excerpt":{"rendered":"<p>eloriente.net 17 de diciembre de 2013 Por: Miguel Carbonell La C\u00e1tedra Extraordinaria Benito Ju\u00e1rez es un proyecto de la Universidad Nacional Aut\u00f3noma de M\u00e9xico y del Instituto Iberoamericano de Derecho Constitucional, cuyo objetivo es fomentar el estudio, comprensi\u00f3n y difusi\u00f3n de la laicidad en M\u00e9xico. Para lograr dicho objetivo, la C\u00e1tedra Extraordinaria Benito Ju\u00e1rez lleva [&hellip;]<\/p>\n","protected":false},"author":11,"featured_media":18704,"comment_status":"open","ping_status":"open","sticky":false,"template":"","format":"standard","meta":{"_jetpack_memberships_contains_paid_content":false,"footnotes":""},"categories":[11,32,10,46],"tags":[],"class_list":["post-18703","post","type-post","status-publish","format-standard","has-post-thumbnail","hentry","category-colaboradores","category-entradas","category-lo-mas-reciente","category-miguel-carbonell"],"jetpack_featured_media_url":"http:\/\/www.eloriente.net\/home\/wp-content\/uploads\/2013\/12\/Laicidad.png","jetpack_sharing_enabled":true,"_links":{"self":[{"href":"http:\/\/www.eloriente.net\/home\/wp-json\/wp\/v2\/posts\/18703"}],"collection":[{"href":"http:\/\/www.eloriente.net\/home\/wp-json\/wp\/v2\/posts"}],"about":[{"href":"http:\/\/www.eloriente.net\/home\/wp-json\/wp\/v2\/types\/post"}],"author":[{"embeddable":true,"href":"http:\/\/www.eloriente.net\/home\/wp-json\/wp\/v2\/users\/11"}],"replies":[{"embeddable":true,"href":"http:\/\/www.eloriente.net\/home\/wp-json\/wp\/v2\/comments?post=18703"}],"version-history":[{"count":3,"href":"http:\/\/www.eloriente.net\/home\/wp-json\/wp\/v2\/posts\/18703\/revisions"}],"predecessor-version":[{"id":18707,"href":"http:\/\/www.eloriente.net\/home\/wp-json\/wp\/v2\/posts\/18703\/revisions\/18707"}],"wp:featuredmedia":[{"embeddable":true,"href":"http:\/\/www.eloriente.net\/home\/wp-json\/wp\/v2\/media\/18704"}],"wp:attachment":[{"href":"http:\/\/www.eloriente.net\/home\/wp-json\/wp\/v2\/media?parent=18703"}],"wp:term":[{"taxonomy":"category","embeddable":true,"href":"http:\/\/www.eloriente.net\/home\/wp-json\/wp\/v2\/categories?post=18703"},{"taxonomy":"post_tag","embeddable":true,"href":"http:\/\/www.eloriente.net\/home\/wp-json\/wp\/v2\/tags?post=18703"}],"curies":[{"name":"wp","href":"https:\/\/api.w.org\/{rel}","templated":true}]}}