{"id":18733,"date":"2013-12-18T09:07:37","date_gmt":"2013-12-18T15:07:37","guid":{"rendered":"http:\/\/www.eloriente.net\/home\/?p=18733"},"modified":"2013-12-18T09:07:37","modified_gmt":"2013-12-18T15:07:37","slug":"arrancan-obras-en-las-preparatorias-1-y-5-de-la-uabjo","status":"publish","type":"post","link":"http:\/\/www.eloriente.net\/home\/2013\/12\/18\/arrancan-obras-en-las-preparatorias-1-y-5-de-la-uabjo\/","title":{"rendered":"Arrancan obras en las Preparatorias 1 y 5 de la UABJO"},"content":{"rendered":"<p>eloriente.net<\/p>\n<p>18 de diciembre de 2013<\/p>\n<p>Como parte del proyecto general de mejora educativa, el rector de la Universidad Aut\u00f3noma \u201cBenito Ju\u00e1rez\u201d de Oaxaca (UABJO), Eduardo Mart\u00ednez Helmes, acompa\u00f1ado de los directores de las Escuelas Preparatorias uno y cinco; maestros Ambrosio Ju\u00e1rez Aracen y Amado Miguel Wilches Ramiro respectivamente, coloc\u00f3 la primera piedra de 6 obras de infraestructura.<\/p>\n<p>Las obras consisten en la edificaci\u00f3n de la barda de limitaci\u00f3n entre las preparatorias, remodelaci\u00f3n y adecuaci\u00f3n de ambas direcciones, impermeabilizaci\u00f3n de edificios, suministro y colocaci\u00f3n de las subestaci\u00f3n el\u00e9ctrica y construcci\u00f3n aula de medios.<\/p>\n<p>Con una inversi\u00f3n cercana a los 3 millones de pesos, la Direcci\u00f3n de Obras y Servicios Universitarios (DOSU), a cargo del arquitecto Mateo Salatiel Cruz Mart\u00ednez, es la encargada de coordinar los trabajos mencionados, mismos que se prev\u00e9 sean concluidos por el mes de febrero del a\u00f1o entrante.<\/p>\n<p>Al respecto los directores de ambas escuelas mencionaron que se trata de obras de gran impacto acad\u00e9mico institucional, pues a partir de ello se generar\u00e1n nuevas estrategias de aprendizaje acorde a las necesidades marcadas en el nuevo plan de estudios.<\/p>\n<p>En este sentido, coincidieron en que las acciones obedecen a las gestiones de mejora de acuerdo a lo establecido en su modelo educativo y a la respuesta de la administraci\u00f3n central universitaria, la cual trabaja arduamente en la dignificaci\u00f3n de las preparatorias.<\/p>\n<p>Entrevistados por separado, el director de la Prepa 1 coment\u00f3 que dentro de los proyectos importantes a desarrollar se encuentran la impartici\u00f3n de cursos de capacitaci\u00f3n docente orientados a la implementaci\u00f3n de las TIC, respondiendo con ello a los requerimientos de la Reforma Integral de Educaci\u00f3n Media Superior.<\/p>\n<p>En lo que refiere a la Prepa 5, Wilches Ramiro coment\u00f3, que con el aula de medios, los estudiantes tendr\u00e1n acceso a la manipulaci\u00f3n de los equipos de c\u00f3mputo, as\u00ed como a la generaci\u00f3n de competencias acad\u00e9micas.<\/p>\n<p>Cabe se\u00f1alar que estas son parte de las acciones universitarias encaminadas a fortalecer la vida institucional preparatoriana as\u00ed como a redoblar esfuerzos por la calidad acad\u00e9mica en pro de una formaci\u00f3n m\u00e1s competitiva de sus egresados.<\/p>\n<p>&nbsp;<\/p>\n<p><a href=\"http:\/\/www.eloriente.net\/home\/wp-content\/uploads\/2013\/12\/UABJO-Primera-piedra.jpg\"><img loading=\"lazy\" decoding=\"async\" class=\"alignnone size-medium wp-image-18734\" title=\"UABJO Primera piedra\" src=\"http:\/\/www.eloriente.net\/home\/wp-content\/uploads\/2013\/12\/UABJO-Primera-piedra-300x200.jpg\" alt=\"\" width=\"300\" height=\"200\" srcset=\"http:\/\/www.eloriente.net\/home\/wp-content\/uploads\/2013\/12\/UABJO-Primera-piedra-300x200.jpg 300w, http:\/\/www.eloriente.net\/home\/wp-content\/uploads\/2013\/12\/UABJO-Primera-piedra-1024x682.jpg 1024w\" sizes=\"(max-width: 300px) 100vw, 300px\" \/><\/a><\/p>\n<p>Foto: UABJO<\/p>\n<p>&nbsp;<\/p>\n<p><strong>Entradas relacionadas:\u00a0<\/strong><\/p>\n<p><a title=\"Permalink to Consejo Ciudadano entrega Premio Nacional de Periodismo\" href=\"http:\/\/www.eloriente.net\/home\/2013\/12\/16\/consejo-ciudadano-entrega-premio-nacional-de-periodismo\/\" rel=\"bookmark\">Consejo Ciudadano entrega Premio Nacional de Periodismo<\/a><\/p>\n<p><a href=\"http:\/\/www.eloriente.net\/home\/2013\/12\/16\/consejo-ciudadano-entrega-premio-nacional-de-periodismo\/\" rel=\"bookmark\"><img decoding=\"async\" title=\"Consejo Ciudadano entrega Premio Nacional de Periodismo\" src=\"http:\/\/www.eloriente.net\/home\/wp-content\/themes\/city-desk\/timthumb.php?src=http%3A%2F%2Fwww.eloriente.net%2Fhome%2Fwp-content%2Fuploads%2F2013%2F12%2Funnamed.jpg&amp;q=90&amp;w=160&amp;h=106&amp;zc=1\" alt=\"Consejo Ciudadano entrega Premio Nacional de Periodismo\" \/><\/a><\/p>\n<p>eloriente.net\/UABJO 16 de diciembre de 2013 El Consejo Ciudadano del Premio Nacional de Periodismo entreg\u00f3 el Premio Nacional de Periodismo 2012 con el que se distingue cada a\u00f1o a los mejores trabajos por su calidad period\u00edstica ejercida en beneficio de la opini\u00f3n p\u00fablica. En esta ocasi\u00f3n dicho consejo estuvo integrado por un grupo de periodistas, [&#8230;]<\/p>\n<p>December 16, 2013<\/p>\n<p><a title=\"Permalink to Facultad de Arquitectura implementar\u00e1 programas acad\u00e9micos en su campo de estudio\" href=\"http:\/\/www.eloriente.net\/home\/2013\/12\/13\/facultad-de-arquitectura-implementara-programas-academicos-en-su-campo-de-estudio\/\" rel=\"bookmark\">Facultad de Arquitectura implementar\u00e1 programas acad\u00e9micos en su campo de estudio<\/a><\/p>\n<p><a href=\"http:\/\/www.eloriente.net\/home\/2013\/12\/13\/facultad-de-arquitectura-implementara-programas-academicos-en-su-campo-de-estudio\/\" rel=\"bookmark\"><img decoding=\"async\" title=\"Facultad de Arquitectura implementar\u00e1 programas acad\u00e9micos en su campo de estudio\" src=\"http:\/\/www.eloriente.net\/home\/wp-content\/themes\/city-desk\/timthumb.php?src=http%3A%2F%2Fwww.eloriente.net%2Fhome%2Fwp-content%2Fuploads%2F2013%2F12%2F13-7.jpg&amp;q=90&amp;w=160&amp;h=106&amp;zc=1\" alt=\"Facultad de Arquitectura implementar\u00e1 programas acad\u00e9micos en su campo de estudio\" \/><\/a><\/p>\n<p>eloriente.net\/UABJO 13 de diciembre de 2013 En sesi\u00f3n extraordinaria de Consejo T\u00e9cnico, efectuada en el DOIA, el director de la Facultad de Arquitectura C.U de la Universidad Aut\u00f3noma \u201cBenito Ju\u00e1rez\u201d de Oaxaca (UABJO), Enrique Mayoral Guzm\u00e1n rindi\u00f3 su primer informe de actividades acad\u00e9mico administrativas. As\u00ed, en presencia del rector de la M\u00e1xima Casa de Estudios [&#8230;]<\/p>\n<p>December 13, 2013<\/p>\n<div id=\"post-18402\">\n<p><a title=\"Permalink to Inicia diplomado de planeaci\u00f3n universitaria en la UABJO\" href=\"http:\/\/www.eloriente.net\/home\/2013\/12\/12\/inicia-diplomado-de-planeacion-universitaria-en-la-uabjo\/\" rel=\"bookmark\">Inicia diplomado de planeaci\u00f3n universitaria en la UABJO<\/a><\/p>\n<p><a href=\"http:\/\/www.eloriente.net\/home\/2013\/12\/12\/inicia-diplomado-de-planeacion-universitaria-en-la-uabjo\/\" rel=\"bookmark\"><img decoding=\"async\" title=\"Inicia diplomado de planeaci\u00f3n universitaria en la UABJO\" src=\"http:\/\/www.eloriente.net\/home\/wp-content\/themes\/city-desk\/timthumb.php?src=http%3A%2F%2Fwww.eloriente.net%2Fhome%2Fwp-content%2Fuploads%2F2013%2F12%2FPlaneacion-universitaria.jpg&amp;q=90&amp;w=160&amp;h=106&amp;zc=1\" alt=\"Inicia diplomado de planeaci\u00f3n universitaria en la UABJO\" \/><\/a><\/p>\n<p>eloriente.net\/UABJO 12 de diciembre de 2013 Con el prop\u00f3sito de dotar de herramientas necesarias al personal administrativo de la Universidad Aut\u00f3noma \u201cBenito Ju\u00e1rez\u201d de Oaxaca (UABJO), inici\u00f3 el Diplomado de Planeaci\u00f3n Universitaria, el cual brindar\u00e1 asesor\u00edas para la adecuaci\u00f3n de los planes de desarrollo de las diferentes Secretar\u00edas y direcciones de todas las Unidades Acad\u00e9micas. [&#8230;]<\/p>\n<p>December 12, 2013<\/p>\n<\/div>\n\n\t\t\t  <div \n\t\t\t  \tclass = \"fb-comments\" \n\t\t\t  \tdata-href = \"http:\/\/www.eloriente.net\/home\/2013\/12\/18\/arrancan-obras-en-las-preparatorias-1-y-5-de-la-uabjo\/\"\n\t\t\t  \tdata-numposts = \"10\"\n\t\t\t\tdata-colorscheme = \"dark\"\n\t\t\t\tdata-order-by = \"social\"\n\t\t\t\tdata-mobile=true>\n\t\t\t  <\/div>\n\t\t  <style>\n\t\t\t.fb_iframe_widget_fluid_desktop iframe {\n\t\t\t    width: 100% !important;\n\t\t\t}\n\t\t  <\/style>\n\t\t  ","protected":false},"excerpt":{"rendered":"<p>eloriente.net 18 de diciembre de 2013 Como parte del proyecto general de mejora educativa, el rector de la Universidad Aut\u00f3noma \u201cBenito Ju\u00e1rez\u201d de Oaxaca (UABJO), Eduardo Mart\u00ednez Helmes, acompa\u00f1ado de los directores de las Escuelas Preparatorias uno y cinco; maestros Ambrosio Ju\u00e1rez Aracen y Amado Miguel Wilches Ramiro respectivamente, coloc\u00f3 la primera piedra de 6 [&hellip;]<\/p>\n","protected":false},"author":26,"featured_media":18734,"comment_status":"open","ping_status":"open","sticky":false,"template":"","format":"standard","meta":{"_jetpack_memberships_contains_paid_content":false,"footnotes":""},"categories":[18,32,10,84],"tags":[],"class_list":["post-18733","post","type-post","status-publish","format-standard","has-post-thumbnail","hentry","category-educacion-y-cultura","category-entradas","category-lo-mas-reciente","category-universidades"],"jetpack_featured_media_url":"http:\/\/www.eloriente.net\/home\/wp-content\/uploads\/2013\/12\/UABJO-Primera-piedra.jpg","jetpack_sharing_enabled":true,"_links":{"self":[{"href":"http:\/\/www.eloriente.net\/home\/wp-json\/wp\/v2\/posts\/18733"}],"collection":[{"href":"http:\/\/www.eloriente.net\/home\/wp-json\/wp\/v2\/posts"}],"about":[{"href":"http:\/\/www.eloriente.net\/home\/wp-json\/wp\/v2\/types\/post"}],"author":[{"embeddable":true,"href":"http:\/\/www.eloriente.net\/home\/wp-json\/wp\/v2\/users\/26"}],"replies":[{"embeddable":true,"href":"http:\/\/www.eloriente.net\/home\/wp-json\/wp\/v2\/comments?post=18733"}],"version-history":[{"count":3,"href":"http:\/\/www.eloriente.net\/home\/wp-json\/wp\/v2\/posts\/18733\/revisions"}],"predecessor-version":[{"id":18737,"href":"http:\/\/www.eloriente.net\/home\/wp-json\/wp\/v2\/posts\/18733\/revisions\/18737"}],"wp:featuredmedia":[{"embeddable":true,"href":"http:\/\/www.eloriente.net\/home\/wp-json\/wp\/v2\/media\/18734"}],"wp:attachment":[{"href":"http:\/\/www.eloriente.net\/home\/wp-json\/wp\/v2\/media?parent=18733"}],"wp:term":[{"taxonomy":"category","embeddable":true,"href":"http:\/\/www.eloriente.net\/home\/wp-json\/wp\/v2\/categories?post=18733"},{"taxonomy":"post_tag","embeddable":true,"href":"http:\/\/www.eloriente.net\/home\/wp-json\/wp\/v2\/tags?post=18733"}],"curies":[{"name":"wp","href":"https:\/\/api.w.org\/{rel}","templated":true}]}}