{"id":18787,"date":"2013-12-20T11:50:44","date_gmt":"2013-12-20T17:50:44","guid":{"rendered":"http:\/\/www.eloriente.net\/home\/?p=18787"},"modified":"2014-01-24T10:57:37","modified_gmt":"2014-01-24T16:57:37","slug":"desde-el-congreso-balance-final-2013","status":"publish","type":"post","link":"http:\/\/www.eloriente.net\/home\/2013\/12\/20\/desde-el-congreso-balance-final-2013\/","title":{"rendered":"Video: Desde el Congreso, balance final 2013"},"content":{"rendered":"<p>eloriente.net\/<a href=\"http:\/\/www.diputados.gob.mx\/\" target=\"_blank\">C\u00e1mara de Diputados<\/a><\/p>\n<p>20 de diciembre de 2013<\/p>\n<p>La C\u00e1mara de Diputados a trav\u00e9s del Departamento de Comunicaci\u00f3n Social present\u00f3 a la ciudadan\u00eda la emisi\u00f3n 25 de su programa de televisi\u00f3n &#8216;Desde el Congreso&#8217;, en el que se expone un balance final de los puntos m\u00e1s importantes que se realizaron en el a\u00f1o 2013, luego de una muy controversial labor legislativa.<\/p>\n<p>En el programa 25 de &#8216;Desde el Congreso&#8217; se cont\u00f3 con la participaci\u00f3n de los Coordinadores Parlamentarios: Arturo Escobar y Vega del Partido Verde Ecologista de M\u00e9xico; Alberto Anaya Guti\u00e9rrez del Partido del Trabajo; Ricardo Monreal \u00c1vila del Movimiento Ciudadano; y Mar\u00eda San Juana Cerda Franco de Nueva Alianza, quienes explican que hizo en el periodo 2013 de la LXII Legislatura y cuales son sus perspectivas para el reinicio de sus actividades y cu\u00e1l es es el porvenir de M\u00e9xico con este nuevo andamiaje legislativo.<\/p>\n<p>ELORIENTE.NET pone a tu disposici\u00f3n el programa de televisi\u00f3n completo:<\/p>\n<p>&nbsp;<\/p>\n<p>Programa 25 (1\/4)<\/p>\n<p><iframe loading=\"lazy\" src=\"\/\/www.youtube.com\/embed\/4e_7sAYKVjI?list=PLpyN6LhNYvb4D4xihcpZTx5IwzRYsj5fo\" frameborder=\"0\" width=\"560\" height=\"315\"><\/iframe><\/p>\n<p>&nbsp;<\/p>\n<p>Programa 25 (2\/4)<\/p>\n<p><iframe loading=\"lazy\" src=\"\/\/www.youtube.com\/embed\/B3JTsDxdW90?list=PLpyN6LhNYvb4D4xihcpZTx5IwzRYsj5fo\" frameborder=\"0\" width=\"560\" height=\"315\"><\/iframe><\/p>\n<p>&nbsp;<\/p>\n<p>Programa 25 (3\/4)<\/p>\n<p><iframe loading=\"lazy\" src=\"\/\/www.youtube.com\/embed\/KCgzLkAFaf0?list=PLpyN6LhNYvb4D4xihcpZTx5IwzRYsj5fo\" frameborder=\"0\" width=\"560\" height=\"315\"><\/iframe><\/p>\n<p>&nbsp;<\/p>\n<p>Programa 25 (4\/4)<\/p>\n<p><iframe loading=\"lazy\" src=\"\/\/www.youtube.com\/embed\/ou9KhHXboEE?list=PLpyN6LhNYvb4D4xihcpZTx5IwzRYsj5fo\" frameborder=\"0\" width=\"560\" height=\"315\"><\/iframe><\/p>\n<p>Videos:\u00a0<a dir=\"ltr\" href=\"https:\/\/www.youtube.com\/user\/camaradediputadosmx?feature=watch\" data-sessionlink=\"ei=EoC0UtfwJcOwsgL424D4BA&amp;feature=watch\" data-ytid=\"UCkLEVSsqQSCZ8pnyiLyGn3w\" data-name=\"watch\">C\u00e1mara de Diputados<\/a><\/p>\n<p>&nbsp;<\/p>\n<p><strong>Entradas relacionadas:\u00a0<\/strong><\/p>\n<p><a title=\"Permalink to Organizaciones civiles en proceso de convertirse en Partidos Pol\u00edticos Nacionales\" href=\"http:\/\/www.eloriente.net\/home\/2013\/12\/16\/organizaciones-civiles-en-proceso-de-convertirse-en-partidos-politicos-nacionales\/\" rel=\"bookmark\">Organizaciones civiles en proceso de convertirse en Partidos Pol\u00edticos Nacionales<\/a><\/p>\n<p><a href=\"http:\/\/www.eloriente.net\/home\/2013\/12\/16\/organizaciones-civiles-en-proceso-de-convertirse-en-partidos-politicos-nacionales\/\" rel=\"bookmark\"><img decoding=\"async\" title=\"Organizaciones civiles en proceso de convertirse en Partidos Pol\u00edticos Nacionales\" src=\"http:\/\/www.eloriente.net\/home\/wp-content\/themes\/city-desk\/timthumb.php?src=http%3A%2F%2Fwww.eloriente.net%2Fhome%2Fwp-content%2Fuploads%2F2013%2F12%2FMorena.jpg&amp;q=90&amp;w=160&amp;h=106&amp;zc=1\" alt=\"Organizaciones civiles en proceso de convertirse en Partidos Pol\u00edticos Nacionales\" \/><\/a><\/p>\n<p>eloriente.net\/IFE 16 de diciembre de 2013 El Consejo General del Instituto Federal Electoral (IFE), en sesi\u00f3n extraordinaria, recibi\u00f3 el quinto informe sobre el estado que guarda el procedimiento para la constituci\u00f3n de nuevos partidos pol\u00edticos nacionales, a la fecha 32 organizaciones contin\u00faan participando en el proceso. El documento se\u00f1ala que 14 de las 32 organizaciones [&#8230;]<\/p>\n<p>December 16, 2013<\/p>\n<p><a title=\"Permalink to Aprueba Senado reforma en materia de combate a la corrupci\u00f3n\" href=\"http:\/\/www.eloriente.net\/home\/2013\/12\/14\/aprueba-senado-reforma-en-materia-de-combate-a-la-corrupcion\/\" rel=\"bookmark\">Aprueba Senado reforma en materia de combate a la corrupci\u00f3n<\/a><\/p>\n<p><a href=\"http:\/\/www.eloriente.net\/home\/2013\/12\/14\/aprueba-senado-reforma-en-materia-de-combate-a-la-corrupcion\/\" rel=\"bookmark\"><img decoding=\"async\" title=\"Aprueba Senado reforma en materia de combate a la corrupci\u00f3n\" src=\"http:\/\/www.eloriente.net\/home\/wp-content\/themes\/city-desk\/timthumb.php?src=http%3A%2F%2Fwww.eloriente.net%2Fhome%2Fwp-content%2Fuploads%2F2013%2F12%2Fsenado1.jpg&amp;q=90&amp;w=160&amp;h=106&amp;zc=1\" alt=\"Aprueba Senado reforma en materia de combate a la corrupci\u00f3n\" \/><\/a><\/p>\n<p>eloriente.net\/Senado de la Rep\u00fablica 14 de diciembre de 2013 El Pleno del Senado de la Rep\u00fablica aprob\u00f3 con 111 votos a favor, dos en contra y dos abstenciones la reforma en materia de combate a la corrupci\u00f3n, la cual est\u00e1 encaminada atacar este mal en todos los niveles de gobierno e instituciones. Al presentar el [&#8230;]<\/p>\n<p>December 14, 2013<\/p>\n<p><a title=\"Permalink to Discurso del Titular del Poder Judicial, Informe de Actividades 2013\" href=\"http:\/\/www.eloriente.net\/home\/2013\/12\/13\/discurso-del-titular-del-poder-judicial-informe-de-actividades-2013\/\" rel=\"bookmark\">Discurso del Titular del Poder Judicial, Informe de Actividades 2013<\/a><\/p>\n<p><a href=\"http:\/\/www.eloriente.net\/home\/2013\/12\/13\/discurso-del-titular-del-poder-judicial-informe-de-actividades-2013\/\" rel=\"bookmark\"><img decoding=\"async\" title=\"Discurso del Titular del Poder Judicial, Informe de Actividades 2013\" src=\"http:\/\/www.eloriente.net\/home\/wp-content\/themes\/city-desk\/timthumb.php?src=http%3A%2F%2Fwww.eloriente.net%2Fhome%2Fwp-content%2Fuploads%2F2013%2F12%2FTSJ-Informe.jpg&amp;q=90&amp;w=160&amp;h=106&amp;zc=1\" alt=\"Discurso del Titular del Poder Judicial, Informe de Actividades 2013\" \/><\/a><\/p>\n<p>eloriente.net\/Tribunal Superior de Justicia 13 de diciembre de 2013 Foto: eloriente.net Este mediod\u00eda, el Presidente del Tribunal Superior de Justicia de Oaxaca, Alfredo Lagunas Rivera, present\u00f3 su Informe de Actividades 2013, en el Sal\u00f3n de Plenos del propio Tribunal, con la presencia del resto de los magistrados de dicha instancia, as\u00ed como de los representantes [&#8230;]<\/p>\n<p>December 13, 2013<\/p>\n\n\t\t\t  <div \n\t\t\t  \tclass = \"fb-comments\" \n\t\t\t  \tdata-href = \"http:\/\/www.eloriente.net\/home\/2013\/12\/20\/desde-el-congreso-balance-final-2013\/\"\n\t\t\t  \tdata-numposts = \"10\"\n\t\t\t\tdata-colorscheme = \"dark\"\n\t\t\t\tdata-order-by = \"social\"\n\t\t\t\tdata-mobile=true>\n\t\t\t  <\/div>\n\t\t  <style>\n\t\t\t.fb_iframe_widget_fluid_desktop iframe {\n\t\t\t    width: 100% !important;\n\t\t\t}\n\t\t  <\/style>\n\t\t  ","protected":false},"excerpt":{"rendered":"<p>eloriente.net\/C\u00e1mara de Diputados 20 de diciembre de 2013 La C\u00e1mara de Diputados a trav\u00e9s del Departamento de Comunicaci\u00f3n Social present\u00f3 a la ciudadan\u00eda la emisi\u00f3n 25 de su programa de televisi\u00f3n &#8216;Desde el Congreso&#8217;, en el que se expone un balance final de los puntos m\u00e1s importantes que se realizaron en el a\u00f1o 2013, luego [&hellip;]<\/p>\n","protected":false},"author":26,"featured_media":18791,"comment_status":"open","ping_status":"open","sticky":false,"template":"","format":"standard","meta":{"_jetpack_memberships_contains_paid_content":false,"footnotes":""},"categories":[4,91,32,63,10,24,23,21],"tags":[],"class_list":["post-18787","post","type-post","status-publish","format-standard","has-post-thumbnail","hentry","category-canal-2-en-vivo","category-congreso-y-justicia","category-entradas","category-estados","category-lo-mas-reciente","category-mexico-y-el-mundo","category-municipios","category-politica-y-gobierno"],"jetpack_featured_media_url":"http:\/\/www.eloriente.net\/home\/wp-content\/uploads\/2013\/12\/camara-de-diputados-sesion-ordinaria1.jpg","jetpack_sharing_enabled":true,"_links":{"self":[{"href":"http:\/\/www.eloriente.net\/home\/wp-json\/wp\/v2\/posts\/18787"}],"collection":[{"href":"http:\/\/www.eloriente.net\/home\/wp-json\/wp\/v2\/posts"}],"about":[{"href":"http:\/\/www.eloriente.net\/home\/wp-json\/wp\/v2\/types\/post"}],"author":[{"embeddable":true,"href":"http:\/\/www.eloriente.net\/home\/wp-json\/wp\/v2\/users\/26"}],"replies":[{"embeddable":true,"href":"http:\/\/www.eloriente.net\/home\/wp-json\/wp\/v2\/comments?post=18787"}],"version-history":[{"count":9,"href":"http:\/\/www.eloriente.net\/home\/wp-json\/wp\/v2\/posts\/18787\/revisions"}],"predecessor-version":[{"id":18794,"href":"http:\/\/www.eloriente.net\/home\/wp-json\/wp\/v2\/posts\/18787\/revisions\/18794"}],"wp:featuredmedia":[{"embeddable":true,"href":"http:\/\/www.eloriente.net\/home\/wp-json\/wp\/v2\/media\/18791"}],"wp:attachment":[{"href":"http:\/\/www.eloriente.net\/home\/wp-json\/wp\/v2\/media?parent=18787"}],"wp:term":[{"taxonomy":"category","embeddable":true,"href":"http:\/\/www.eloriente.net\/home\/wp-json\/wp\/v2\/categories?post=18787"},{"taxonomy":"post_tag","embeddable":true,"href":"http:\/\/www.eloriente.net\/home\/wp-json\/wp\/v2\/tags?post=18787"}],"curies":[{"name":"wp","href":"https:\/\/api.w.org\/{rel}","templated":true}]}}