{"id":18801,"date":"2013-12-20T13:22:24","date_gmt":"2013-12-20T19:22:24","guid":{"rendered":"http:\/\/www.eloriente.net\/home\/?p=18801"},"modified":"2013-12-20T13:22:24","modified_gmt":"2013-12-20T19:22:24","slug":"emilio-cordero-presenta-su-disco-oaxaquenas-de-mis-amores","status":"publish","type":"post","link":"http:\/\/www.eloriente.net\/home\/2013\/12\/20\/emilio-cordero-presenta-su-disco-oaxaquenas-de-mis-amores\/","title":{"rendered":"Emilio Cordero presenta su disco &#8216;Oaxaque\u00f1as de mis amores&#8217;"},"content":{"rendered":"<p>eloriente.net<\/p>\n<p>20 de diciembre de 2013<\/p>\n<p><a href=\"http:\/\/www.eloriente.net\/home\/wp-content\/uploads\/2013\/12\/Emilio-Cordero.jpg\"><img loading=\"lazy\" decoding=\"async\" class=\"size-medium wp-image-18803 alignleft\" title=\"Emilio Cordero\" src=\"http:\/\/www.eloriente.net\/home\/wp-content\/uploads\/2013\/12\/Emilio-Cordero-300x178.jpg\" alt=\"\" width=\"300\" height=\"178\" srcset=\"http:\/\/www.eloriente.net\/home\/wp-content\/uploads\/2013\/12\/Emilio-Cordero-300x178.jpg 300w, http:\/\/www.eloriente.net\/home\/wp-content\/uploads\/2013\/12\/Emilio-Cordero.jpg 470w\" sizes=\"(max-width: 300px) 100vw, 300px\" \/><\/a><\/p>\n<p>&nbsp;<\/p>\n<p>&nbsp;<\/p>\n<p>&nbsp;<\/p>\n<p>&nbsp;<\/p>\n<p>&nbsp;<\/p>\n<p>&nbsp;<\/p>\n<p>EL ORIENTE.NET invita al p\u00fablico en general a asistir a la presentaci\u00f3n del disco \u201cOaxaque\u00f1as de mis amores\u201d de m\u00fasica tradicional oaxaque\u00f1a, en un formato de seis m\u00fasicos, del Dr. Emilio Cordero; el cual se llevar\u00e1 a cabo hoy viernes 20 de diciembre a las 19:00 horas en el z\u00f3calo de la ciudad, bajo el laurel.<\/p>\n<p>El Dr. Cordero, en entrevista para Todo Oaxaca Radio, afirm\u00f3 que este disco es un homenaje a todas las mujeres oaxaque\u00f1as que le dan la identidad al Estado de Oaxaca, debido a la vestimenta tradicional que usan en cada regi\u00f3n.\u00a0Asimismo, mencion\u00f3 que la canci\u00f3n a la que se le dar\u00e1 mayor promoci\u00f3n es \u00a0\u2019Mujer oaxaque\u00f1a\u2019 de\u00a0Rodolfo Villegas; en su material discogr\u00e1fico se contar\u00e1 tambi\u00e9n con melod\u00edas como \u2018La Tortolita cantadora\u2019, \u2018La Juanita\u2019, \u2018La Petrona\u2019, &#8216;Naela&#8217;, entre otras.<\/p>\n<p>&#8216;Oaxaque\u00f1as de mis amores&#8217; es la tercer producci\u00f3n musical del tenor, despu\u00e9s de sus obras &#8216;Momentos con mariachi&#8217; y &#8216;Dios nunca muere&#8217;. El Dr. Cordero define a su \u00faltimo proyecto como un reclamo de su coraz\u00f3n y su alma, en el cual trabaj\u00f3 por la alegr\u00eda de colaborar con un canto que expresa su agradecimiento a la tierra donde \u00e9l naci\u00f3.<\/p>\n<p>Tambi\u00e9n expres\u00f3 que recrear la m\u00fasica tradicional de Oaxaca permite seguir manteniendo viva la expresi\u00f3n de los corazones de tantos grandes compositores y de tantos versos hechos por la sabidur\u00eda de los pueblos, por lo que promueve que la gente disfrute de estas canciones y que \u00e9sta les regale un viaje por los diversos sentimientos que nos identifican y nos unen a todos los seres humanos.<\/p>\n<p>\u00a1No faltes, asiste en familia!<\/p>\n<p>&nbsp;<\/p>\n<p><iframe loading=\"lazy\" src=\"\/\/www.youtube.com\/embed\/qiiaDtPUWZc\" frameborder=\"0\" width=\"560\" height=\"315\"><\/iframe><\/p>\n<p>&nbsp;<\/p>\n<p><strong>Entradas relacionadas:\u00a0<\/strong><\/p>\n<p><a title=\"Permalink to Concierto Navide\u00f1o de la Orquesta Sinf\u00f3nica de Miner\u00eda\" href=\"http:\/\/www.eloriente.net\/home\/2013\/12\/20\/concierto-navideno-de-la-orquesta-sinfonica-de-mineria\/\" rel=\"bookmark\">Concierto Navide\u00f1o de la Orquesta Sinf\u00f3nica de Miner\u00eda<\/a><\/p>\n<p><a href=\"http:\/\/www.eloriente.net\/home\/2013\/12\/20\/concierto-navideno-de-la-orquesta-sinfonica-de-mineria\/\" rel=\"bookmark\"><img decoding=\"async\" title=\"Concierto Navide\u00f1o de la Orquesta Sinf\u00f3nica de Miner\u00eda\" src=\"http:\/\/www.eloriente.net\/home\/wp-content\/themes\/city-desk\/timthumb.php?src=http%3A%2F%2Fwww.eloriente.net%2Fhome%2Fwp-content%2Fuploads%2F2013%2F12%2FConcierto-de-Navidad-Foto-Fernando-Aceves-17.jpg&amp;q=90&amp;w=160&amp;h=106&amp;zc=1\" alt=\"Concierto Navide\u00f1o de la Orquesta Sinf\u00f3nica de Miner\u00eda\" \/><\/a><\/p>\n<p>eloriente.com\/UNAM 20 de diciembre de 2013 Foto: Fernando Aceves \u00a0 Estamos a unos d\u00edas de recibir la navidad, es por ello que el d\u00eda de hoy ELORIENTE.NET pone a tu alcance el\u00a0Concierto Navide\u00f1o de la Orquesta Sinf\u00f3nica de Miner\u00eda de 2011, un programa especial integrado con villancicos y selecciones de la m\u00fasica de H\u00e4ndel, Chaikovski, [&#8230;]<\/p>\n<p>December 20, 2013<\/p>\n<div id=\"post-18383\">\n<p><a title=\"Permalink to Presentan lista de nominados a los Globos de Oro 2014\" href=\"http:\/\/www.eloriente.net\/home\/2013\/12\/12\/presentan-lista-de-nominados-a-los-globos-de-oro-2014\/\" rel=\"bookmark\">Presentan lista de nominados a los Globos de Oro 2014<\/a><\/p>\n<p><a href=\"http:\/\/www.eloriente.net\/home\/2013\/12\/12\/presentan-lista-de-nominados-a-los-globos-de-oro-2014\/\" rel=\"bookmark\"><img decoding=\"async\" title=\"Presentan lista de nominados a los Globos de Oro 2014\" src=\"http:\/\/www.eloriente.net\/home\/wp-content\/themes\/city-desk\/timthumb.php?src=http%3A%2F%2Fwww.eloriente.net%2Fhome%2Fwp-content%2Fuploads%2F2013%2F12%2Fglobo.jpg&amp;q=90&amp;w=160&amp;h=106&amp;zc=1\" alt=\"Presentan lista de nominados a los Globos de Oro 2014\" \/><\/a><\/p>\n<p>eloriente.net 12 de diciembre de 2013 La Asociaci\u00f3n de la Prensa Extranjera de Hollywood dio a conocer recientemente a los nominados a recibir los Premios Globo de Oro 2014, el cual brinda un reconocimiento a la excelencia de profesionales de cine y televisi\u00f3n a nivel internacional. La ceremonia de entrega se llevar\u00e1 a cabo el [&#8230;]<\/p>\n<p>December 12, 2013<\/p>\n<\/div>\n<div id=\"post-18242\">\n<p><a title=\"Permalink to Las 10 canciones latinas m\u00e1s populares del 2013\" href=\"http:\/\/www.eloriente.net\/home\/2013\/12\/09\/las-10-canciones-latinas-mas-populares-del-2013\/\" rel=\"bookmark\">Las 10 canciones latinas m\u00e1s populares del 2013<\/a><\/p>\n<p><a href=\"http:\/\/www.eloriente.net\/home\/2013\/12\/09\/las-10-canciones-latinas-mas-populares-del-2013\/\" rel=\"bookmark\"><img decoding=\"async\" title=\"Las 10 canciones latinas m\u00e1s populares del 2013\" src=\"http:\/\/www.eloriente.net\/home\/wp-content\/themes\/city-desk\/timthumb.php?src=http%3A%2F%2Fwww.eloriente.net%2Fhome%2Fwp-content%2Fuploads%2F2013%2F12%2Fmusica-prince-royce.jpg&amp;q=90&amp;w=160&amp;h=106&amp;zc=1\" alt=\"Las 10 canciones latinas m\u00e1s populares del 2013\" \/><\/a><\/p>\n<p>eloriente.net 9 de diciembre de 2013 El final del a\u00f1o se acerca, ELORIENTE.NET te da a conocer diez canciones que han estado en la cima de las listas de popularidad en Latinoam\u00e9rica en el transcurso del 2013 y que tienen altas posibilidades de ser galardonadas como los mejores \u00e9xitos musicales de este 2013. \u00a0 1. [&#8230;]<\/p>\n<p>December 9, 2013<\/p>\n<\/div>\n\n\t\t\t  <div \n\t\t\t  \tclass = \"fb-comments\" \n\t\t\t  \tdata-href = \"http:\/\/www.eloriente.net\/home\/2013\/12\/20\/emilio-cordero-presenta-su-disco-oaxaquenas-de-mis-amores\/\"\n\t\t\t  \tdata-numposts = \"10\"\n\t\t\t\tdata-colorscheme = \"dark\"\n\t\t\t\tdata-order-by = \"social\"\n\t\t\t\tdata-mobile=true>\n\t\t\t  <\/div>\n\t\t  <style>\n\t\t\t.fb_iframe_widget_fluid_desktop iframe {\n\t\t\t    width: 100% !important;\n\t\t\t}\n\t\t  <\/style>\n\t\t  ","protected":false},"excerpt":{"rendered":"<p>eloriente.net 20 de diciembre de 2013 &nbsp; &nbsp; &nbsp; &nbsp; &nbsp; &nbsp; EL ORIENTE.NET invita al p\u00fablico en general a asistir a la presentaci\u00f3n del disco \u201cOaxaque\u00f1as de mis amores\u201d de m\u00fasica tradicional oaxaque\u00f1a, en un formato de seis m\u00fasicos, del Dr. Emilio Cordero; el cual se llevar\u00e1 a cabo hoy viernes 20 de diciembre [&hellip;]<\/p>\n","protected":false},"author":26,"featured_media":18803,"comment_status":"open","ping_status":"open","sticky":false,"template":"","format":"standard","meta":{"_jetpack_memberships_contains_paid_content":false,"footnotes":""},"categories":[8,18,32,10,83],"tags":[],"class_list":["post-18801","post","type-post","status-publish","format-standard","has-post-thumbnail","hentry","category-agenda","category-educacion-y-cultura","category-entradas","category-lo-mas-reciente","category-musica-de-oaxaca"],"jetpack_featured_media_url":"http:\/\/www.eloriente.net\/home\/wp-content\/uploads\/2013\/12\/Emilio-Cordero.jpg","jetpack_sharing_enabled":true,"_links":{"self":[{"href":"http:\/\/www.eloriente.net\/home\/wp-json\/wp\/v2\/posts\/18801"}],"collection":[{"href":"http:\/\/www.eloriente.net\/home\/wp-json\/wp\/v2\/posts"}],"about":[{"href":"http:\/\/www.eloriente.net\/home\/wp-json\/wp\/v2\/types\/post"}],"author":[{"embeddable":true,"href":"http:\/\/www.eloriente.net\/home\/wp-json\/wp\/v2\/users\/26"}],"replies":[{"embeddable":true,"href":"http:\/\/www.eloriente.net\/home\/wp-json\/wp\/v2\/comments?post=18801"}],"version-history":[{"count":2,"href":"http:\/\/www.eloriente.net\/home\/wp-json\/wp\/v2\/posts\/18801\/revisions"}],"predecessor-version":[{"id":18804,"href":"http:\/\/www.eloriente.net\/home\/wp-json\/wp\/v2\/posts\/18801\/revisions\/18804"}],"wp:featuredmedia":[{"embeddable":true,"href":"http:\/\/www.eloriente.net\/home\/wp-json\/wp\/v2\/media\/18803"}],"wp:attachment":[{"href":"http:\/\/www.eloriente.net\/home\/wp-json\/wp\/v2\/media?parent=18801"}],"wp:term":[{"taxonomy":"category","embeddable":true,"href":"http:\/\/www.eloriente.net\/home\/wp-json\/wp\/v2\/categories?post=18801"},{"taxonomy":"post_tag","embeddable":true,"href":"http:\/\/www.eloriente.net\/home\/wp-json\/wp\/v2\/tags?post=18801"}],"curies":[{"name":"wp","href":"https:\/\/api.w.org\/{rel}","templated":true}]}}