{"id":18909,"date":"2013-12-24T13:35:19","date_gmt":"2013-12-24T19:35:19","guid":{"rendered":"http:\/\/www.eloriente.net\/home\/?p=18909"},"modified":"2013-12-24T13:35:19","modified_gmt":"2013-12-24T19:35:19","slug":"los-mejores-libros-del-2013-el-pais","status":"publish","type":"post","link":"http:\/\/www.eloriente.net\/home\/2013\/12\/24\/los-mejores-libros-del-2013-el-pais\/","title":{"rendered":"Los mejores libros del 2013: El Pa\u00eds"},"content":{"rendered":"<p>eloriente.net<\/p>\n<p>24 de diciembre de 2013<\/p>\n<p>El peri\u00f3dico espa\u00f1ol \u2018El Pa\u00eds\u2019 llev\u00f3 a cabo una encuesta para conocer la opini\u00f3n de sus lectores sobre cu\u00e1les consideran son los mejores t\u00edtulos literarios de 2013 publicados en Espa\u00f1a en diferentes g\u00e9neros literarios: novela, cuento, poes\u00eda, c\u00f3mic, ensayo y biograf\u00eda, autobiograf\u00eda, diario, testimonio y cartas.<\/p>\n<p>El p\u00fablico pudo votar por un m\u00e1ximo de cinco libros entre 100 t\u00edtulos, a partir de las sugerencias de cr\u00edticos de diferentes especialidades: Jos\u00e9 Mar\u00eda Guelbenzu y J. Ernesto Ayala-Dip (Novela), \u00c1ngel Prieto de Paula y \u00c1ngel Rup\u00e9rez (Poes\u00eda), \u00c1lvaro Pons (C\u00f3mic), Joaqu\u00edn Estefan\u00eda, Jos\u00e9 Manuel S\u00e1nchez Ron y Juli\u00e1n Casanova (econom\u00eda, ciencia e historia) y la secci\u00f3n de Cultura de \u2018El Pa\u00eds\u2019.\u00a0Los resultados fueron los siguientes:<\/p>\n<p><strong>El mejor libro de 2013<\/strong><\/p>\n<p><em>La verdad sobre el caso de Harry Quebert<\/em>, escrita por Jo\u00ebl Dicker, editado por Alfaguara. Esta novela policiaca y rom\u00e1ntica es considerada como el mayor fen\u00f3meno editorial de los \u00faltimos a\u00f1os. Qui\u00e9n mat\u00f3 a Nola Kellergan es la gran inc\u00f3gnita, una joven de 15 a\u00f1os que viv\u00eda en la peque\u00f1a ciudad de Aurora en New Hampshire. Las l\u00edneas de este libro relatan los sucesos de Marcus Goldman, un joven escritor que redacta sobre Harry Quebert, quien fue acusado de asesinar a Nola y a quien intenta demostrar su inocencia.<\/p>\n<p>Lee <a href=\"http:\/\/www.alfaguara.com\/uploads\/ficheros\/libro\/primeras-paginas\/201305\/primeras-paginas-verdad-sobre-caso-harry-quebert.pdf\" target=\"_blank\">los primeros cap\u00edtulos del libro<\/a>, dando click a la liga de enlace.<\/p>\n<p><strong>La mejor novela<\/strong><\/p>\n<p><em>Intemperie <\/em>de Jes\u00fas Carrasco, editado por Seix Barral. Es una obra narrativa que describe la huida de un ni\u00f1o de su casa en el marco de un pa\u00eds gobernado por la violencia. Al escapar, el peque\u00f1o se encuentra con una llanura infinita y \u00e1rida que deber\u00e1 atravesar si quiere alejarse definitivamente de aquello que le ha hecho huir. Es el primer libro que publica el autor originario de Badajoz, Espa\u00f1a.<\/p>\n<p><strong>El mejor libro de cuentos<\/strong><\/p>\n<p><em>Cada cual y lo extra\u00f1o\u00a0<\/em>de\u00a0Felipe Ben\u00edtez Reyes, editorial Destino. Este libro es un compendio de doce historias introspectivas de la vida, uno por cada mes del a\u00f1o: enero y los falsos magos de Oriente; febrero y las segundas rebajas \u2013comerciales y sentimentales\u2013 en una infancia remota, marzo y unos carnavales tard\u00edos; abril y el rumbo imprevisible de las fortunas; mayo y el frustrado examen de qu\u00edmica de un lector de tebeos de superh\u00e9roes; junio y una noche simb\u00f3lica de San Juan; julio y un crucero de deriva complicada por el B\u00e1ltico; agosto y el amor adolescente en los cines; septiembre y una experiencia militar camuflada de experiencia intelectual; un octubre con malos presagios; noviembre y una funci\u00f3n geri\u00e1trica del Tenorio; diciembre y una inoportuna cena de empresa.<\/p>\n<p><strong>El mejor c\u00f3mic\u00a0<\/strong><\/p>\n<p><em>\u2018Los surcos del azar\u2019\u00a0<\/em>de Paco Roca,\u00a0editado por Astiberri. A trav\u00e9s de dibujos y l\u00edneas el autor narra los hechos sobre La Nueve, republicanos espa\u00f1oles que liberaron Par\u00eds de los nazis y su contribuci\u00f3n en la Segunda Guerra Mundial, en mayor\u00eda j\u00f3venes de menos de 20 a\u00f1os que por primera vez se levantaron en armas para defender a su patria, bajo las \u00f3rdenes del capit\u00e1n Dronne. Paco Roca es un reconocido creador de c\u00f3mic e ilustrador valenciano.<\/p>\n<p><strong>Mejores biograf\u00edas, memorias, testimonios, diarios y cartas<\/strong><\/p>\n<p><em>\u2018La rid\u00edcula idea de no volver a verte\u2019<\/em>\u00a0de\u00a0Rosa Montero, editorial Seix Barral. A voz de la autora, describe su obra como \u00a0un relato que le ha salido del coraz\u00f3n, a partir de que ley\u00f3 el diario que la dos veces Premio Nobel Marie Curie escribi\u00f3 para abordar el duelo por la muerte de su esposo Pedro Curie. Esta es una reflexi\u00f3n de la escritora sobre el sentido del dolor.<\/p>\n<p><strong>El mejor poemario\u00a0<\/strong><\/p>\n<p><em>\u2019Baile de m\u00e1scaras\u2019\u00a0<\/em>de\u00a0Jos\u00e9 Manuel D\u00edez\u00a0, editado por Hiperi\u00f3n. Recientemente la obra fue reconocida con el Premio Hiperi\u00f3n de Poes\u00eda 2013.\u00a0Su libro\u00a0, en el que el autor trabaj\u00f3 los \u00faltimos cuatro a\u00f1os, evoca a trav\u00e9s de diversos personajes y situaciones reales o imaginados, momentos dram\u00e1ticos o estelares que van, cronol\u00f3gicamente ordenados, desde poetas como el persa Saadi, Hurtado de Mendoza o G\u00f3ngora, hasta Derek Walcott, tambi\u00e9n aparecen personajes an\u00f3nimos como un soldado norteamericano en el desembarco de Normand\u00eda, o novelistas como Klaus Mann y Stefan Zweig encuadrados en los momentos anteriores a sus suicidios.<\/p>\n<p><strong>Mejor ensayo\u00a0<\/strong><\/p>\n<p><em>\u2018Sociofobia\u2019\u00a0<\/em>de\u00a0C\u00e9sar Rendueles, editorial Capit\u00e1n Swing. Su obra describe libro donde aborda la importancia de las nuevas tecnolog\u00edas en la organizaci\u00f3n pol\u00edtica y c\u00f3mo enfocar los recientes cambios sociales. En palabras del autor, el libro supone una cr\u00edtica c\u00ednica y descre\u00edda a las esperanzas depositadas en la comunicaci\u00f3n a trav\u00e9s de Internet.<\/p>\n<p>&nbsp;<\/p>\n<p><a href=\"http:\/\/www.eloriente.net\/home\/wp-content\/uploads\/2013\/12\/La-verdad-sobre-el-caso-Harry-Quebert.jpg\"><img loading=\"lazy\" decoding=\"async\" class=\"alignnone size-medium wp-image-18911\" title=\"La-verdad-sobre-el-caso-Harry-Quebert\" src=\"http:\/\/www.eloriente.net\/home\/wp-content\/uploads\/2013\/12\/La-verdad-sobre-el-caso-Harry-Quebert-204x300.jpg\" alt=\"\" width=\"204\" height=\"300\" srcset=\"http:\/\/www.eloriente.net\/home\/wp-content\/uploads\/2013\/12\/La-verdad-sobre-el-caso-Harry-Quebert-204x300.jpg 204w, http:\/\/www.eloriente.net\/home\/wp-content\/uploads\/2013\/12\/La-verdad-sobre-el-caso-Harry-Quebert.jpg 500w\" sizes=\"(max-width: 204px) 100vw, 204px\" \/><\/a><\/p>\n<p>&nbsp;<\/p>\n<p><strong>Entradas relacionadas:\u00a0<\/strong><\/p>\n<p><a title=\"Permalink to La lectura rescata lo mejor del ser humano: Azela Robinson\" href=\"http:\/\/www.eloriente.net\/home\/2013\/12\/19\/la-lectura-rescata-lo-mejor-del-ser-humano-azela-robinson\/\" rel=\"bookmark\">La lectura rescata lo mejor del ser humano: Azela Robinson<\/a><\/p>\n<p><a href=\"http:\/\/www.eloriente.net\/home\/2013\/12\/19\/la-lectura-rescata-lo-mejor-del-ser-humano-azela-robinson\/\" rel=\"bookmark\"><img decoding=\"async\" title=\"La lectura rescata lo mejor del ser humano: Azela Robinson\" src=\"http:\/\/www.eloriente.net\/home\/wp-content\/themes\/city-desk\/timthumb.php?src=http%3A%2F%2Fwww.eloriente.net%2Fhome%2Fwp-content%2Fuploads%2F2013%2F12%2Factriz.jpg&amp;q=90&amp;w=160&amp;h=106&amp;zc=1\" alt=\"La lectura rescata lo mejor del ser humano: Azela Robinson\" \/><\/a><\/p>\n<p>eloriente.net\/INBA 19 de diciembre de 2013 \u201cLa lectura une a la sociedad de una manera diferente y hay que mantener ese inter\u00e9s vivo entre todas las comunidades\u201d, asegur\u00f3 la actriz. Pretende crear una biblioteca en Puerto Escondido, Oaxaca. A la actriz Azela Robinson no solo le apasiona el programa \u201cLeo\u2026 Luego existo\u201d del Instituto Nacional [&#8230;]<\/p>\n<p>December 19, 2013<\/p>\n<p><a title=\"Permalink to Canto General, poemario a Hispanoam\u00e9rica; de Pablo Neruda\" href=\"http:\/\/www.eloriente.net\/home\/2013\/12\/14\/canto-general-poemario-a-hispanoamerica-de-pablo-neruda\/\" rel=\"bookmark\">Canto General, poemario a Hispanoam\u00e9rica; de Pablo Neruda<\/a><\/p>\n<p><a href=\"http:\/\/www.eloriente.net\/home\/2013\/12\/14\/canto-general-poemario-a-hispanoamerica-de-pablo-neruda\/\" rel=\"bookmark\"><img decoding=\"async\" title=\"Canto General, poemario a Hispanoam\u00e9rica; de Pablo Neruda\" src=\"http:\/\/www.eloriente.net\/home\/wp-content\/themes\/city-desk\/timthumb.php?src=http%3A%2F%2Fwww.eloriente.net%2Fhome%2Fwp-content%2Fuploads%2F2013%2F12%2FNeruda.jpg&amp;q=90&amp;w=160&amp;h=106&amp;zc=1\" alt=\"Canto General, poemario a Hispanoam\u00e9rica; de Pablo Neruda\" \/><\/a><\/p>\n<p>eloriente.net 14 de diciembre de 2013 En 1950, el poeta chileno Pablo Neruda public\u00f3 su d\u00e9cima obra\u00a0Canto General,\u00a0su composici\u00f3n literaria dur\u00f3 12 a\u00f1os, ya que comenz\u00f3 a escribir este poemario en el a\u00f1o de 1938. Su primera edici\u00f3n fue divulgada por primera vez en la Ciudad de M\u00e9xico por la editorial Talleres Gr\u00e1ficos de la [&#8230;]<\/p>\n<p>December 14, 2013<\/p>\n<div id=\"post-18517\">\n<p><a title=\"Permalink to Dignidad y protesta en material fotogr\u00e1fico de Sebasti\u00e3o Salgado\" href=\"http:\/\/www.eloriente.net\/home\/2013\/12\/14\/dignidad-y-protesta-en-material-fotografico-de-sebastiao-salgado\/\" rel=\"bookmark\">Dignidad y protesta en material fotogr\u00e1fico de Sebasti\u00e3o Salgado<\/a><\/p>\n<p><a href=\"http:\/\/www.eloriente.net\/home\/2013\/12\/14\/dignidad-y-protesta-en-material-fotografico-de-sebastiao-salgado\/\" rel=\"bookmark\"><img decoding=\"async\" title=\"Dignidad y protesta en material fotogr\u00e1fico de Sebasti\u00e3o Salgado\" src=\"http:\/\/www.eloriente.net\/home\/wp-content\/themes\/city-desk\/timthumb.php?src=http%3A%2F%2Fwww.eloriente.net%2Fhome%2Fwp-content%2Fuploads%2F2013%2F12%2FSalgado.jpg&amp;q=90&amp;w=160&amp;h=106&amp;zc=1\" alt=\"Dignidad y protesta en material fotogr\u00e1fico de Sebasti\u00e3o Salgado\" \/><\/a><\/p>\n<p>eloriente.net 14 de diciembre de 2013 Foto:\u00a0Edmond Terakopian \u00a0 Sebasti\u00e3o Salgado es un fot\u00f3grafo brasile\u00f1o, reconocido en el mundo como uno de los mejores reporteros gr\u00e1ficos, quien ha sido galardonado con premios distinguidos como Premio Pr\u00edncipe de Asturias de las Artes y Premio Internacional de la Fundaci\u00f3n Hasselblad, por su material fotogr\u00e1fico con un enfoque [&#8230;]<\/p>\n<p>December 14, 2013<\/p>\n<\/div>\n\n\t\t\t  <div \n\t\t\t  \tclass = \"fb-comments\" \n\t\t\t  \tdata-href = \"http:\/\/www.eloriente.net\/home\/2013\/12\/24\/los-mejores-libros-del-2013-el-pais\/\"\n\t\t\t  \tdata-numposts = \"10\"\n\t\t\t\tdata-colorscheme = \"dark\"\n\t\t\t\tdata-order-by = \"social\"\n\t\t\t\tdata-mobile=true>\n\t\t\t  <\/div>\n\t\t  <style>\n\t\t\t.fb_iframe_widget_fluid_desktop iframe {\n\t\t\t    width: 100% !important;\n\t\t\t}\n\t\t  <\/style>\n\t\t  ","protected":false},"excerpt":{"rendered":"<p>eloriente.net 24 de diciembre de 2013 El peri\u00f3dico espa\u00f1ol \u2018El Pa\u00eds\u2019 llev\u00f3 a cabo una encuesta para conocer la opini\u00f3n de sus lectores sobre cu\u00e1les consideran son los mejores t\u00edtulos literarios de 2013 publicados en Espa\u00f1a en diferentes g\u00e9neros literarios: novela, cuento, poes\u00eda, c\u00f3mic, ensayo y biograf\u00eda, autobiograf\u00eda, diario, testimonio y cartas. El p\u00fablico pudo [&hellip;]<\/p>\n","protected":false},"author":26,"featured_media":18911,"comment_status":"open","ping_status":"open","sticky":false,"template":"","format":"standard","meta":{"_jetpack_memberships_contains_paid_content":false,"footnotes":""},"categories":[18,32,10],"tags":[],"class_list":["post-18909","post","type-post","status-publish","format-standard","has-post-thumbnail","hentry","category-educacion-y-cultura","category-entradas","category-lo-mas-reciente"],"jetpack_featured_media_url":"http:\/\/www.eloriente.net\/home\/wp-content\/uploads\/2013\/12\/La-verdad-sobre-el-caso-Harry-Quebert.jpg","jetpack_sharing_enabled":true,"_links":{"self":[{"href":"http:\/\/www.eloriente.net\/home\/wp-json\/wp\/v2\/posts\/18909"}],"collection":[{"href":"http:\/\/www.eloriente.net\/home\/wp-json\/wp\/v2\/posts"}],"about":[{"href":"http:\/\/www.eloriente.net\/home\/wp-json\/wp\/v2\/types\/post"}],"author":[{"embeddable":true,"href":"http:\/\/www.eloriente.net\/home\/wp-json\/wp\/v2\/users\/26"}],"replies":[{"embeddable":true,"href":"http:\/\/www.eloriente.net\/home\/wp-json\/wp\/v2\/comments?post=18909"}],"version-history":[{"count":3,"href":"http:\/\/www.eloriente.net\/home\/wp-json\/wp\/v2\/posts\/18909\/revisions"}],"predecessor-version":[{"id":18913,"href":"http:\/\/www.eloriente.net\/home\/wp-json\/wp\/v2\/posts\/18909\/revisions\/18913"}],"wp:featuredmedia":[{"embeddable":true,"href":"http:\/\/www.eloriente.net\/home\/wp-json\/wp\/v2\/media\/18911"}],"wp:attachment":[{"href":"http:\/\/www.eloriente.net\/home\/wp-json\/wp\/v2\/media?parent=18909"}],"wp:term":[{"taxonomy":"category","embeddable":true,"href":"http:\/\/www.eloriente.net\/home\/wp-json\/wp\/v2\/categories?post=18909"},{"taxonomy":"post_tag","embeddable":true,"href":"http:\/\/www.eloriente.net\/home\/wp-json\/wp\/v2\/tags?post=18909"}],"curies":[{"name":"wp","href":"https:\/\/api.w.org\/{rel}","templated":true}]}}