{"id":18914,"date":"2013-12-24T14:13:36","date_gmt":"2013-12-24T20:13:36","guid":{"rendered":"http:\/\/www.eloriente.net\/home\/?p=18914"},"modified":"2013-12-24T14:18:20","modified_gmt":"2013-12-24T20:18:20","slug":"concierto-y-proyeccion-en-maco","status":"publish","type":"post","link":"http:\/\/www.eloriente.net\/home\/2013\/12\/24\/concierto-y-proyeccion-en-maco\/","title":{"rendered":"Concierto y proyecci\u00f3n en MACO"},"content":{"rendered":"<p>eloriente.net\/<a href=\"http:\/\/www.museomaco.com\/\" target=\"_blank\">MACO<\/a><\/p>\n<p>24 de diciembre de 2013<\/p>\n<p>El Museo de Arte Contempor\u00e1neo de Oaxaca invita al p\u00fablico en general a asistir a sus actividades de fin de a\u00f1o. Primeramente, el 27 de diciembre a las 19:00 horas se llevar\u00e1 a cabo el concierta de La Maceta: Sembrando M\u00fasica; y el 28 de diciembre a las 19:00 horas se proyectar\u00e1 el filme &#8216;El viaje del cometa&#8217;; en ambos eventos la entrada es libre.<\/p>\n<p><strong>La Maceta: Sembrando M\u00fasica<\/strong><\/p>\n<p>As\u00ed como una semilla que se siembra en una maceta y poco a poco se ve crecer, as\u00ed nace este proyecto.<\/p>\n<p>En el peque\u00f1o municipio de Coacalco, Estado de M\u00e9xico, nace La Maceta. Creado en el mes de Noviembre de 2012 por Iyari Bong, Dal\u00ed Mayorga y Conejo Rivera; el proyecto estaba siendo planeado meses atr\u00e1s por Conejo e Iyari, pero solo al integrar a Dal\u00ed nace la magia.<\/p>\n<p>La Maceta re\u00fane espontaneidad y frescura; con tan solo dos guitarras, un caj\u00f3n peruano y una voz, se crea una gran variedad de sonidos que van desde el swing hasta el bolero. La Maceta tambi\u00e9n es un taller de creaci\u00f3n musical, pues suelen invitar m\u00fasicos para experimentar con sonidos nuevos y \u00abmacetear\u00bb con ellos.<\/p>\n<p>La Maceta cuenta con un EP de 5 temas grabado en una sesi\u00f3n en vivo que incluye temas cl\u00e1sicos como \u00abFly me to the moon\u00bb interpretado por Frank Sinatra, \u00bb Lo m\u00e1s vital\u00bb interpretando por Tin-tan y una versi\u00f3n de \u00ab7 Nation Army\u00bb de The White Stripes, entre otros; aunque tambi\u00e9n ha grabado sesiones durante las \u00abmaceteadas\u00bb, de donde se desprenden temas como el son veracruzano \u00abLa bruja\u00bb, \u00abEl rey\u00bb de Jos\u00e9 Alfredo Jim\u00e9nez y \u00abSabor a m\u00ed\u00bb de \u00c1lvaro Carrillo, por mencionar algunas.<\/p>\n<p>Se han presentado en varios foros de la Rep\u00fablica Mexicana, al igual que en varios festivales, por mencionar algunos: \u00abFestival Internacional Cervantino\u00bb en su edici\u00f3n de 2013 en Guanajuato, Gto. \u00abLa feria del Vino y el Queso\u00bb y \u00abRestaurante La Ci\u00e9naga\u00bb famoso por sus noches de Jazz, ambos en Tequisquiapan, Qro. \u00abAlca Teatre, 3er Festival internacional de Arte\u00bb en San Mart\u00edn Texmelucan, Puebla.<\/p>\n<p>En su Visita a Le\u00f3n, Guanajuato, se presentaron en \u00abLas Cuadradas Pub\u00bb, pizzeria de alto renombre en esta ciudad,. Tambi\u00e9n en los foros multiculturales \u00abAndr\u00e9 Bret\u00f3n\u00bb, \u00abEl Cardenal\u00bb y \u00abRendez Vouz\u00bb en su gira por Guadalajara, Jalisco. As\u00ed mismo han desempe\u00f1ado el papel de arreglistas y m\u00fasicos para el Show \u00abBailando Solo\u00bb de Costel el Payaso.<\/p>\n<p>En la Ciudad de M\u00e9xico, se han presentado en algunas estaciones del Sistema de Transporte Colectivo Metro en sus sesiones culturales, tambi\u00e9n participaron en el festival conmemorativo del 45 aniversario (1968 &#8211; 2013) del \u00ab2 de Octubre\u00bb en la Preparatoria Popular \u00abM\u00e1rtires de Tlatelolco\u00bb (Prepa Fresno), tambi\u00e9n se han presentado en \u00abCervecer\u00eda Crisanta\u00bb frente al emblem\u00e1tico Monumento a la Revoluci\u00f3n.<\/p>\n<p>Actualmente se encuentran produciendo su primer \u00e1lbum titulado \u00abCreatividad Improvisada\u00bb, en el que presentaran m\u00fasica in\u00e9dita, colaboraciones y otras sorpresas m\u00e1s.<\/p>\n<p>La espontaneidad y la desenvoltura de los integrantes, hace que cada uno de los temas interpretados tengan su propia independencia musical y su propia esencia. Dali soleando en la guitarra, Iyari percutiendo en el caj\u00f3n y Conejo cantando melod\u00edas con mucho sabor. Ellos son La Maceta, siembran m\u00fasica que da frutos.<\/p>\n<p><a href=\"http:\/\/www.eloriente.net\/home\/wp-content\/uploads\/2013\/12\/MACO-1.png\"><img loading=\"lazy\" decoding=\"async\" class=\"alignnone size-medium wp-image-18915 aligncenter\" title=\"MACO-1\" src=\"http:\/\/www.eloriente.net\/home\/wp-content\/uploads\/2013\/12\/MACO-1-214x300.png\" alt=\"\" width=\"214\" height=\"300\" srcset=\"http:\/\/www.eloriente.net\/home\/wp-content\/uploads\/2013\/12\/MACO-1-214x300.png 214w, http:\/\/www.eloriente.net\/home\/wp-content\/uploads\/2013\/12\/MACO-1.png 714w\" sizes=\"(max-width: 214px) 100vw, 214px\" \/><\/a><\/p>\n<p><strong>El viaje del cometa<\/strong><\/p>\n<p>Directora: Ivonne Fuente<\/p>\n<p>Sinopsis: Una pareja de maestros jubilados transforman un autob\u00fas escolar en desuso en su casa rodante y con la ayuda de unos telescopios, un sueldo de jubilados y un sue\u00f1o anhelado, inician un viajes a los sitios m\u00e1s apartados de M\u00e9xico para ense\u00f1ar gratuitamente un poco de astronom\u00eda en las escuelas p\u00fablicas del pa\u00eds.<\/p>\n<p><a href=\"http:\/\/www.todooaxacaradio.com\/wp-content\/uploads\/2013\/12\/MACO-2.png\"><img loading=\"lazy\" decoding=\"async\" class=\"aligncenter\" title=\"MACO-2\" src=\"http:\/\/www.todooaxacaradio.com\/wp-content\/uploads\/2013\/12\/MACO-2-214x300.png\" alt=\"\" width=\"214\" height=\"300\" \/><\/a><\/p>\n<p><strong>Entradas relacionadas:<\/strong><\/p>\n<p><a title=\"Permalink to Los mejores libros del 2013: El Pa\u00eds\" href=\"http:\/\/www.eloriente.net\/home\/2013\/12\/24\/los-mejores-libros-del-2013-el-pais\/\" rel=\"bookmark\">Los mejores libros del 2013: El Pa\u00eds<\/a><\/p>\n<p><a href=\"http:\/\/www.eloriente.net\/home\/2013\/12\/24\/los-mejores-libros-del-2013-el-pais\/\" rel=\"bookmark\"><img decoding=\"async\" title=\"Los mejores libros del 2013: El Pa\u00eds\" src=\"http:\/\/www.eloriente.net\/home\/wp-content\/themes\/city-desk\/timthumb.php?src=http%3A%2F%2Fwww.eloriente.net%2Fhome%2Fwp-content%2Fuploads%2F2013%2F12%2FLa-verdad-sobre-el-caso-Harry-Quebert.jpg&amp;q=90&amp;w=160&amp;h=106&amp;zc=1\" alt=\"Los mejores libros del 2013: El Pa\u00eds\" \/><\/a><\/p>\n<p>eloriente.net 24 de diciembre de 2013 El peri\u00f3dico espa\u00f1ol \u2018El Pa\u00eds\u2019 llev\u00f3 a cabo una encuesta para conocer la opini\u00f3n de sus lectores sobre cu\u00e1les consideran son los mejores t\u00edtulos literarios de 2013 publicados en Espa\u00f1a en diferentes g\u00e9neros literarios: novela, cuento, poes\u00eda, c\u00f3mic, ensayo y biograf\u00eda, autobiograf\u00eda, diario, testimonio y cartas. El p\u00fablico pudo [&#8230;]<\/p>\n<p>December 24, 2013<\/p>\n<p><a title=\"Permalink to Luz de Vida, una esperanza para ni\u00f1os con c\u00e1ncer\" href=\"http:\/\/www.eloriente.net\/home\/2013\/12\/23\/luz-de-vida-una-esperanza-para-ninos-con-cancer\/\" rel=\"bookmark\">Luz de Vida, una esperanza para ni\u00f1os con c\u00e1ncer<\/a><\/p>\n<p><a href=\"http:\/\/www.eloriente.net\/home\/2013\/12\/23\/luz-de-vida-una-esperanza-para-ninos-con-cancer\/\" rel=\"bookmark\"><img decoding=\"async\" title=\"Luz de Vida, una esperanza para ni\u00f1os con c\u00e1ncer\" src=\"http:\/\/www.eloriente.net\/home\/wp-content\/themes\/city-desk\/timthumb.php?src=http%3A%2F%2Fwww.eloriente.net%2Fhome%2Fwp-content%2Fuploads%2F2013%2F12%2FProayuda.jpg&amp;q=90&amp;w=160&amp;h=106&amp;zc=1\" alt=\"Luz de Vida, una esperanza para ni\u00f1os con c\u00e1ncer\" \/><\/a><\/p>\n<p>eloriente.net 23 de diciembre de 2013 Foto: Luz de Vida La organizaci\u00f3n \u2018Luz de Vida\u2019 es un proyecto de ciudadanos, quienes brindan apoyo y esperanza a ni\u00f1os y j\u00f3venes con c\u00e1ncer de escasos recursos y a sus familia, con la finalidad de que juntos logren una mejor calidad de vida y una visi\u00f3n diferente. Luz [&#8230;]<\/p>\n<p>December 23, 2013<\/p>\n<p><a title=\"Permalink to La lectura rescata lo mejor del ser humano: Azela Robinson\" href=\"http:\/\/www.eloriente.net\/home\/2013\/12\/19\/la-lectura-rescata-lo-mejor-del-ser-humano-azela-robinson\/\" rel=\"bookmark\">La lectura rescata lo mejor del ser humano: Azela Robinson<\/a><\/p>\n<p><a href=\"http:\/\/www.eloriente.net\/home\/2013\/12\/19\/la-lectura-rescata-lo-mejor-del-ser-humano-azela-robinson\/\" rel=\"bookmark\"><img decoding=\"async\" title=\"La lectura rescata lo mejor del ser humano: Azela Robinson\" src=\"http:\/\/www.eloriente.net\/home\/wp-content\/themes\/city-desk\/timthumb.php?src=http%3A%2F%2Fwww.eloriente.net%2Fhome%2Fwp-content%2Fuploads%2F2013%2F12%2Factriz.jpg&amp;q=90&amp;w=160&amp;h=106&amp;zc=1\" alt=\"La lectura rescata lo mejor del ser humano: Azela Robinson\" \/><\/a><\/p>\n<p>eloriente.net\/INBA 19 de diciembre de 2013 \u201cLa lectura une a la sociedad de una manera diferente y hay que mantener ese inter\u00e9s vivo entre todas las comunidades\u201d, asegur\u00f3 la actriz. Pretende crear una biblioteca en Puerto Escondido, Oaxaca. A la actriz Azela Robinson no solo le apasiona el programa \u201cLeo\u2026 Luego existo\u201d del Instituto Nacional [&#8230;]<\/p>\n<p>December 19, 2013<\/p>\n\n\t\t\t  <div \n\t\t\t  \tclass = \"fb-comments\" \n\t\t\t  \tdata-href = \"http:\/\/www.eloriente.net\/home\/2013\/12\/24\/concierto-y-proyeccion-en-maco\/\"\n\t\t\t  \tdata-numposts = \"10\"\n\t\t\t\tdata-colorscheme = \"dark\"\n\t\t\t\tdata-order-by = \"social\"\n\t\t\t\tdata-mobile=true>\n\t\t\t  <\/div>\n\t\t  <style>\n\t\t\t.fb_iframe_widget_fluid_desktop iframe {\n\t\t\t    width: 100% !important;\n\t\t\t}\n\t\t  <\/style>\n\t\t  ","protected":false},"excerpt":{"rendered":"<p>eloriente.net\/MACO 24 de diciembre de 2013 El Museo de Arte Contempor\u00e1neo de Oaxaca invita al p\u00fablico en general a asistir a sus actividades de fin de a\u00f1o. Primeramente, el 27 de diciembre a las 19:00 horas se llevar\u00e1 a cabo el concierta de La Maceta: Sembrando M\u00fasica; y el 28 de diciembre a las 19:00 [&hellip;]<\/p>\n","protected":false},"author":26,"featured_media":18915,"comment_status":"open","ping_status":"open","sticky":false,"template":"","format":"standard","meta":{"_jetpack_memberships_contains_paid_content":false,"footnotes":""},"categories":[8,32,10],"tags":[],"class_list":["post-18914","post","type-post","status-publish","format-standard","has-post-thumbnail","hentry","category-agenda","category-entradas","category-lo-mas-reciente"],"jetpack_featured_media_url":"http:\/\/www.eloriente.net\/home\/wp-content\/uploads\/2013\/12\/MACO-1.png","jetpack_sharing_enabled":true,"_links":{"self":[{"href":"http:\/\/www.eloriente.net\/home\/wp-json\/wp\/v2\/posts\/18914"}],"collection":[{"href":"http:\/\/www.eloriente.net\/home\/wp-json\/wp\/v2\/posts"}],"about":[{"href":"http:\/\/www.eloriente.net\/home\/wp-json\/wp\/v2\/types\/post"}],"author":[{"embeddable":true,"href":"http:\/\/www.eloriente.net\/home\/wp-json\/wp\/v2\/users\/26"}],"replies":[{"embeddable":true,"href":"http:\/\/www.eloriente.net\/home\/wp-json\/wp\/v2\/comments?post=18914"}],"version-history":[{"count":4,"href":"http:\/\/www.eloriente.net\/home\/wp-json\/wp\/v2\/posts\/18914\/revisions"}],"predecessor-version":[{"id":18918,"href":"http:\/\/www.eloriente.net\/home\/wp-json\/wp\/v2\/posts\/18914\/revisions\/18918"}],"wp:featuredmedia":[{"embeddable":true,"href":"http:\/\/www.eloriente.net\/home\/wp-json\/wp\/v2\/media\/18915"}],"wp:attachment":[{"href":"http:\/\/www.eloriente.net\/home\/wp-json\/wp\/v2\/media?parent=18914"}],"wp:term":[{"taxonomy":"category","embeddable":true,"href":"http:\/\/www.eloriente.net\/home\/wp-json\/wp\/v2\/categories?post=18914"},{"taxonomy":"post_tag","embeddable":true,"href":"http:\/\/www.eloriente.net\/home\/wp-json\/wp\/v2\/tags?post=18914"}],"curies":[{"name":"wp","href":"https:\/\/api.w.org\/{rel}","templated":true}]}}