{"id":19003,"date":"2013-12-28T11:31:11","date_gmt":"2013-12-28T17:31:11","guid":{"rendered":"http:\/\/www.eloriente.net\/home\/?p=19003"},"modified":"2013-12-30T11:37:30","modified_gmt":"2013-12-30T17:37:30","slug":"tragicos-sucesos-por-violencia-politica-en-oaxaca","status":"publish","type":"post","link":"http:\/\/www.eloriente.net\/home\/2013\/12\/28\/tragicos-sucesos-por-violencia-politica-en-oaxaca\/","title":{"rendered":"Tr\u00e1gicos sucesos por violencia pol\u00edtica en Oaxaca"},"content":{"rendered":"<p>eloriente.net<\/p>\n<p>27 de diciembre de 2013<\/p>\n<p>En el transcurso del a\u00f1o 2013 se suscit\u00f3 una ola de violencia en Oaxaca debido a disputas pol\u00edticas, desafortunadamente los hechos se recrudecieron en los \u00faltimos meses. En esta ocasi\u00f3n presentamos una remembranza de los hechos que lamentamos y condenamos. Convocamos a la prudencia y a redoblar los mecanismos de seguridad.<\/p>\n<p><strong>Atentados contra autoridades municipales<\/strong><\/p>\n<p>Antier, 26 de diciembre el tesorero del municipio de San Antonio Tepetlapa, regi\u00f3n de la costa, Samuel L\u00f3pez L\u00f3pez. Los hechos ocurrieron cuando el funcionario se encontraba acompa\u00f1ado del edil Macario L\u00f3pez Guzm\u00e1n en un veh\u00edculo oficial y fueron agredidos a balazos al transitar en una carretera en las inmediaciones del municipio. En este momento se encuentra hospitalizado en Ometepec, Guerrero.<\/p>\n<p>La tarde del viernes 20 de diciembre de 2013, el presidente municipal electo de Santa Catarina Juquila, Manuel L\u00e9on, result\u00f3 herido tras un disparo de una persona no identificada en la poblaci\u00f3n de San Jacinto Amilpas. Le\u00f3n se encontraba, seg\u00fan versiones, fuera de su domicilio guardando maletas en su veh\u00edculo cuando su agresor se acerc\u00f3 y le dispar\u00f3 un tiro por la espalda, huyendo en el acto; fue trasladado al hospital donde sali\u00f3 fuera de peligro.<\/p>\n<p>La noche del pasado 13 de diciembre de 2013, el presidente municipal electo de Santiago Tamazola, el pri\u00edsta Javier L\u00f3pez Rold\u00e1n, sufri\u00f3 un atentado al interior de un negocio de su propiedad, result\u00f3 herido de bala por dos proyectiles: uno en pierna y otro en la rodilla.<\/p>\n<p>El alcalde electo de San Pedro Totolapan,\u00a0Epigmenio Rafael Arag\u00f3n Luis, fue v\u00edctima de la violencia el 5 de diciembre de 2013 al ser asesinado a un costado del palacio municipal de dicha poblaci\u00f3n. Presuntamente dos hombres a bordo de una motocicleta le dispararon cuando caminaba por la parte posterior del ayuntamiento.<\/p>\n<p>En el centro de la poblaci\u00f3n de San Antonino Castillo Velasco, el regidor de Educaci\u00f3n de ese municipio, Arnulfo Antonio Mart\u00ednez P\u00e9rez, de 47 a\u00f1os de edad, fue asesinado a balazos. De acuerdo con un reporte policial, testigos de los hechos indicaron que al menos tres sujetos atacaron con armas de fuego y terminaron con su vida, alrededor de las 15:00 horas del lunes 5 de agosto de 2013 cuando caminaba hacia su domicilio. El cuerpo del regidor qued\u00f3 sobre la acera, donde la presidenta municipal del lugar lleg\u00f3 al auxilio de su funcionario municipal.<\/p>\n<p>En mayo de 2013, Pedro Luis Jim\u00e9nez Hern\u00e1ndez, presidente municipal de Amoltepec, sufri\u00f3 una herida de bala en la parte media de la espalda, el edil se encontraba en estado grave, por lo que fue trasladado a la capital para ser atendido.<\/p>\n<p><strong>Enfrentamientos en diversas escuelas de San Jacinto Amilpas<\/strong><\/p>\n<p>En la primaria \u201cHermanos Flores Mag\u00f3n\u201d, la Secundaria T\u00e9cnica n\u00famero 80 y el jard\u00edn de ni\u00f1os \u201cDonaj\u00ed\u201d en el municipio de San Jacinto Amilpas, el pasado 28 de noviembre la Secci\u00f3n 22 de la Coordinadora Nacional de Trabajadores de la Educaci\u00f3n logr\u00f3 ingresar, luego de estar en control de la Secci\u00f3n 59 del Sindicato (SNTE), esto gener\u00f3 ri\u00f1as que termin\u00f3 con personas heridas y estremecimiento en las colonias aleda\u00f1as a dichos planteles.<\/p>\n<p><strong>Diputado fallece tras balacera<\/strong><\/p>\n<p>Adicionalmente, en septiembre de este mismo a\u00f1o, el diputado local Everardo Hugo Hern\u00e1ndez Guzm\u00e1n, falleci\u00f3 tras ser v\u00edctima de un disparo, mientras cenaba en un local de la colonia Agust\u00edn Melgar en Santa Cruz Xoxocotl\u00e1n, municipio conurbado a la ciudad de Oaxaca.<\/p>\n<p><strong>Ejercicio period\u00edstico en Oaxaca, asunto de vida o muerte<\/strong><\/p>\n<p>Autoridades de Oaxaca confirmaron el\u00a0hallazgo del cuerpo sin vida del periodista Alberto L\u00f3pez Bello,<strong> <\/strong>reportero de la secci\u00f3n policiaca del diario el Imparcial, quien fue encontrado el mi\u00e9rcoles 17 de julio de 2013\u00a0en el paraje Las Humedades, ubicado en la Viguera, en la capital de Oaxaca. De acuerdo con la Procuradur\u00eda General de Justicia del estado,\u00a0el cuerpo presentaba \u201clesiones contundentes\u201d\u00a0y\u00a0hab\u00eda piedras alrededor de los mismos.<\/p>\n<p><strong>Secuestro y asesinato a defensor \u00edndigena<\/strong><\/p>\n<p>Los restos en estado de descomposici\u00f3n del defensor ind\u00edgena, Her\u00f3n Sixto L\u00f3pez, fueron localizados la tarde de ayer en el basurero de San Sebasti\u00e1n Tecomaxtlahuaca, tras ser secuestrado el pasado lunes 15 de julio de 2013. Sujetos desconocidos ingresaron en forma violenta a sus oficinas en el Centro de Orientaci\u00f3n y Asesor\u00eda a Pueblos Ind\u00edgenas, en Santiago Juxtlahuaca. La organizaci\u00f3n estim\u00f3 que la desaparici\u00f3n de su compa\u00f1ero es consecuencia del trabajo de asesor\u00eda y orientaci\u00f3n jur\u00eddica que realizaba en las comunidades de la Mixteca baja, ya que d\u00edas antes hab\u00eda sido amenazado v\u00eda telef\u00f3nica, a trav\u00e9s de mensajes que fueron enviados directamente a su celular.<\/p>\n<p>&nbsp;<\/p>\n<p>ELORIENTE.NET propone ondear la Bandera Blanca, por los bandos en conflicto, por los ciudadanos, pero sobre todo para que sea retomada por la Federaci\u00f3n y se proceda a impulsar la paz en el estado y en el pa\u00eds.<\/p>\n<p>&nbsp;<\/p>\n<p><a href=\"http:\/\/www.eloriente.net\/home\/wp-content\/uploads\/2013\/12\/bandera_blanca.jpg\"><img loading=\"lazy\" decoding=\"async\" class=\"alignnone size-medium wp-image-19019\" title=\"bandera_blanca\" src=\"http:\/\/www.eloriente.net\/home\/wp-content\/uploads\/2013\/12\/bandera_blanca-300x163.jpg\" alt=\"\" width=\"300\" height=\"163\" srcset=\"http:\/\/www.eloriente.net\/home\/wp-content\/uploads\/2013\/12\/bandera_blanca-300x163.jpg 300w, http:\/\/www.eloriente.net\/home\/wp-content\/uploads\/2013\/12\/bandera_blanca.jpg 550w\" sizes=\"(max-width: 300px) 100vw, 300px\" \/><\/a><\/p>\n<p>&nbsp;<\/p>\n<p><strong>Entradas relacionadas:\u00a0<\/strong><\/p>\n<p><a title=\"Permalink to Luz de Vida, una esperanza para ni\u00f1os con c\u00e1ncer\" href=\"http:\/\/www.eloriente.net\/home\/2013\/12\/23\/luz-de-vida-una-esperanza-para-ninos-con-cancer\/\" rel=\"bookmark\">Luz de Vida, una esperanza para ni\u00f1os con c\u00e1ncer<\/a><\/p>\n<p><a href=\"http:\/\/www.eloriente.net\/home\/2013\/12\/23\/luz-de-vida-una-esperanza-para-ninos-con-cancer\/\" rel=\"bookmark\"><img decoding=\"async\" title=\"Luz de Vida, una esperanza para ni\u00f1os con c\u00e1ncer\" src=\"http:\/\/www.eloriente.net\/home\/wp-content\/themes\/city-desk\/timthumb.php?src=http%3A%2F%2Fwww.eloriente.net%2Fhome%2Fwp-content%2Fuploads%2F2013%2F12%2FProayuda.jpg&amp;q=90&amp;w=160&amp;h=106&amp;zc=1\" alt=\"Luz de Vida, una esperanza para ni\u00f1os con c\u00e1ncer\" \/><\/a><\/p>\n<p>eloriente.net 23 de diciembre de 2013 Foto: Luz de Vida La organizaci\u00f3n \u2018Luz de Vida\u2019 es un proyecto de ciudadanos, quienes brindan apoyo y esperanza a ni\u00f1os y j\u00f3venes con c\u00e1ncer de escasos recursos y a sus familia, con la finalidad de que juntos logren una mejor calidad de vida y una visi\u00f3n diferente. Luz [&#8230;]<\/p>\n<p>December 23, 2013<\/p>\n<p><a title=\"Permalink to Observatorio Ciudadano publica Reporte Anual 2013\" href=\"http:\/\/www.eloriente.net\/home\/2013\/12\/20\/observatorio-ciudadano-publica-reporte-anual-2013\/\" rel=\"bookmark\">Observatorio Ciudadano publica Reporte Anual 2013<\/a><\/p>\n<p><a href=\"http:\/\/www.eloriente.net\/home\/2013\/12\/20\/observatorio-ciudadano-publica-reporte-anual-2013\/\" rel=\"bookmark\"><img decoding=\"async\" title=\"Observatorio Ciudadano publica Reporte Anual 2013\" src=\"http:\/\/www.eloriente.net\/home\/wp-content\/themes\/city-desk\/timthumb.php?src=http%3A%2F%2Fwww.eloriente.net%2Fhome%2Fwp-content%2Fuploads%2F2013%2F12%2FPUBLICACION-OBSERVATORIOdiciembre.jpg&amp;q=90&amp;w=160&amp;h=106&amp;zc=1\" alt=\"Observatorio Ciudadano publica Reporte Anual 2013\" \/><\/a><\/p>\n<p>eloriente.net 20 de diciembre de 2013 eloriente.net (Oaxaca, Oax.) 20 de diciembre de 2013.- El Observatorio Ciudadano para la Evaluaci\u00f3n de Pol\u00edticas de Prevenci\u00f3n contra la Violencia y la Delincuencia en el estado de Oaxaca present\u00f3 este mi\u00e9rcoles su Reporte Anual 2013, en el cu\u00e1l muestra una breve s\u00edntesis de todo el trabajo realizado en [&#8230;]<\/p>\n<p>December 20, 2013<\/p>\n<p><a title=\"Permalink to En D\u00eda de los Derechos Humanos, conoce organizaciones mexicanas que los protegen\" href=\"http:\/\/www.eloriente.net\/home\/2013\/12\/10\/organizaciones-mexicanas-a-favor-de-los-derechos-humanos\/\" rel=\"bookmark\">En D\u00eda de los Derechos Humanos, conoce organizaciones mexicanas que los protegen<\/a><\/p>\n<p><a href=\"http:\/\/www.eloriente.net\/home\/2013\/12\/10\/organizaciones-mexicanas-a-favor-de-los-derechos-humanos\/\" rel=\"bookmark\"><img decoding=\"async\" title=\"En D\u00eda de los Derechos Humanos, conoce organizaciones mexicanas que los protegen\" src=\"http:\/\/www.eloriente.net\/home\/wp-content\/themes\/city-desk\/timthumb.php?src=http%3A%2F%2Fwww.eloriente.net%2Fhome%2Fwp-content%2Fuploads%2F2013%2F12%2Fderechos.jpg&amp;q=90&amp;w=160&amp;h=106&amp;zc=1\" alt=\"En D\u00eda de los Derechos Humanos, conoce organizaciones mexicanas que los protegen\" \/><\/a><\/p>\n<p>eloriente.net 10 de diciembre de 2013 En 1950, la Asamblea General de la Organizaci\u00f3n de las Naciones Unidas (ONU) proclam\u00f3 el 10 de diciembre como D\u00eda de los Derechos Humanos, como un acto de conmemoraci\u00f3n por la aprobaci\u00f3n de la Declaraci\u00f3n Universal de Derechos Humanos, firmada dos a\u00f1os atr\u00e1s, como un ideal com\u00fan de todos [&#8230;]<\/p>\n<p>December 10, 2013<\/p>\n\n\t\t\t  <div \n\t\t\t  \tclass = \"fb-comments\" \n\t\t\t  \tdata-href = \"http:\/\/www.eloriente.net\/home\/2013\/12\/28\/tragicos-sucesos-por-violencia-politica-en-oaxaca\/\"\n\t\t\t  \tdata-numposts = \"10\"\n\t\t\t\tdata-colorscheme = \"dark\"\n\t\t\t\tdata-order-by = \"social\"\n\t\t\t\tdata-mobile=true>\n\t\t\t  <\/div>\n\t\t  <style>\n\t\t\t.fb_iframe_widget_fluid_desktop iframe {\n\t\t\t    width: 100% !important;\n\t\t\t}\n\t\t  <\/style>\n\t\t  ","protected":false},"excerpt":{"rendered":"<p>eloriente.net 27 de diciembre de 2013 En el transcurso del a\u00f1o 2013 se suscit\u00f3 una ola de violencia en Oaxaca debido a disputas pol\u00edticas, desafortunadamente los hechos se recrudecieron en los \u00faltimos meses. En esta ocasi\u00f3n presentamos una remembranza de los hechos que lamentamos y condenamos. Convocamos a la prudencia y a redoblar los mecanismos [&hellip;]<\/p>\n","protected":false},"author":26,"featured_media":19019,"comment_status":"open","ping_status":"open","sticky":false,"template":"","format":"standard","meta":{"_jetpack_memberships_contains_paid_content":false,"footnotes":""},"categories":[22,32,13,23,21],"tags":[],"class_list":["post-19003","post","type-post","status-publish","format-standard","has-post-thumbnail","hentry","category-derechos-humanos","category-entradas","category-especiales","category-municipios","category-politica-y-gobierno"],"jetpack_featured_media_url":"http:\/\/www.eloriente.net\/home\/wp-content\/uploads\/2013\/12\/bandera_blanca.jpg","jetpack_sharing_enabled":true,"_links":{"self":[{"href":"http:\/\/www.eloriente.net\/home\/wp-json\/wp\/v2\/posts\/19003"}],"collection":[{"href":"http:\/\/www.eloriente.net\/home\/wp-json\/wp\/v2\/posts"}],"about":[{"href":"http:\/\/www.eloriente.net\/home\/wp-json\/wp\/v2\/types\/post"}],"author":[{"embeddable":true,"href":"http:\/\/www.eloriente.net\/home\/wp-json\/wp\/v2\/users\/26"}],"replies":[{"embeddable":true,"href":"http:\/\/www.eloriente.net\/home\/wp-json\/wp\/v2\/comments?post=19003"}],"version-history":[{"count":9,"href":"http:\/\/www.eloriente.net\/home\/wp-json\/wp\/v2\/posts\/19003\/revisions"}],"predecessor-version":[{"id":19023,"href":"http:\/\/www.eloriente.net\/home\/wp-json\/wp\/v2\/posts\/19003\/revisions\/19023"}],"wp:featuredmedia":[{"embeddable":true,"href":"http:\/\/www.eloriente.net\/home\/wp-json\/wp\/v2\/media\/19019"}],"wp:attachment":[{"href":"http:\/\/www.eloriente.net\/home\/wp-json\/wp\/v2\/media?parent=19003"}],"wp:term":[{"taxonomy":"category","embeddable":true,"href":"http:\/\/www.eloriente.net\/home\/wp-json\/wp\/v2\/categories?post=19003"},{"taxonomy":"post_tag","embeddable":true,"href":"http:\/\/www.eloriente.net\/home\/wp-json\/wp\/v2\/tags?post=19003"}],"curies":[{"name":"wp","href":"https:\/\/api.w.org\/{rel}","templated":true}]}}