{"id":19138,"date":"2014-01-02T11:44:24","date_gmt":"2014-01-02T17:44:24","guid":{"rendered":"http:\/\/www.eloriente.net\/home\/?p=19138"},"modified":"2014-01-02T11:44:24","modified_gmt":"2014-01-02T17:44:24","slug":"todo-oaxaca-radio-2013-educacion","status":"publish","type":"post","link":"http:\/\/www.eloriente.net\/home\/2014\/01\/02\/todo-oaxaca-radio-2013-educacion\/","title":{"rendered":"Todo Oaxaca Radio 2013: Educaci\u00f3n"},"content":{"rendered":"<p>todooaxacaradio.com<\/p>\n<p>27 de diciembre de 2013<\/p>\n<p>Cada martes, en punto de las 17:00 horas se transmite el programa Todo Oaxaca Radio completamente en vivo desde la Ciudad de Oaxaca de Ju\u00e1rez, a trav\u00e9s de las frecuencias abiertas 570 AM y 94.9 FM, y para todo el mundo a trav\u00e9s de\u00a0<a href=\"http:\/\/www.todooaxacaradio.com\/\">www.todooaxacaradio.com<\/a>.<\/p>\n<p>El programa es conducido por Rub\u00e9n Vasconcelos Beltr\u00e1n, cronista de la Ciudad de Oaxaca, as\u00ed como Guadalupe Zarza Brise\u00f1o, reconocida empresaria y representante de la sociedad civil.<\/p>\n<p>Todo Oaxaca Radio agradece tu preferencia al escucharnos durante 50 semanas en este 2013.<\/p>\n<p><strong>Educaci\u00f3n<\/strong><\/p>\n<p>En estos \u00faltimos d\u00edas de 2013, en Todo Oaxaca Radio realizamos una recapitulaci\u00f3n de los mejores programas a lo largo de estos meses y en esta tercera ocasi\u00f3n te presentamos las emisiones en las que tuvimos la oportunidad de recibir a invitados que abordaron temas sobre sus proyectos educativos.<\/p>\n<p><em>23 de abril de 2013:<\/em>\u00a0Dr. Modesto Seara V\u00e1zquez, Rector del Sistema de Universidades Estatales de Oaxaca (SUNEO). Actividades y logros del SUNEO.<\/p>\n<p><iframe loading=\"lazy\" src=\"http:\/\/www.ivoox.com\/player_ek_1984112_1.html\" frameborder=\"0\" scrolling=\"no\" width=\"238\" height=\"48\"><\/iframe><\/p>\n<p><em>25 de junio de 2013:<\/em>\u00a0Carlos Sp\u00edndola P\u00e9rez-Guerrero, Rector de la Universidad Vasconcelos. Convocatoria del programa de posgrados: Maestr\u00eda en Gobierno y Pol\u00edticas P\u00fablicas Regionales, Maestr\u00eda en Comunicaci\u00f3n Pol\u00edtica y Organizacional y Maestr\u00eda en Proyectos Productivos.<\/p>\n<p><iframe loading=\"lazy\" src=\"http:\/\/www.ivoox.com\/player_ek_2166347_1.html\" frameborder=\"0\" scrolling=\"no\" width=\"238\" height=\"48\"><\/iframe><\/p>\n<p><em>9 de julio de 2013:<\/em>\u00a0Dra. Suhail Su\u00e1rez Alonso, Directora de la Universidad Santander. \u00a0Primer Encuentro Iberoamericano en Educaci\u00f3n UNISAN 2013 en Oaxaca.<\/p>\n<p><iframe loading=\"lazy\" src=\"http:\/\/www.ivoox.com\/player_ek_2202916_1.html\" frameborder=\"0\" scrolling=\"no\" width=\"238\" height=\"48\"><\/iframe><\/p>\n<p><em>23 de julio de 2013:<\/em>\u00a0Dra. Mar\u00eda de los \u00c1ngeles Clemente Olmos, Dr. William Michael Sughrua y Dr. Mario L\u00f3pez Gopar, miembros del Cuerpo Acad\u00e9mico en Ling\u00fc\u00edstica Aplicada Cr\u00edtica (CALAC) de la Facultad de Idiomas de la UABJO. Proyectos en ling\u00fc\u00edstica aplicada y la certificaci\u00f3n de alto nivel que obtuvo el CALAC.<\/p>\n<p><iframe loading=\"lazy\" style=\"font-size: 13px; line-height: 19px;\" src=\"http:\/\/www.ivoox.com\/player_ek_2241445_1.html\" frameborder=\"0\" scrolling=\"no\" width=\"238\" height=\"48\"><\/iframe><\/p>\n<p><em>13 de agosto de 2013:<\/em>\u00a0Yolanda Nevares, representante de la Fundaci\u00f3n Alfredo Harp Hel\u00fa Oaxaca. &#8216;Seguimos leyendo&#8217;, programa que busca difundir la lectura entre ni\u00f1os de 4 a 13 a\u00f1os por medio de voluntarios que llevan acabo lecturas a estudiantes durante una hora en sus escuelas.<\/p>\n<p><iframe loading=\"lazy\" src=\"http:\/\/www.ivoox.com\/player_ek_2284297_1.html\" frameborder=\"0\" scrolling=\"no\" width=\"238\" height=\"48\"><\/iframe><\/p>\n<p>&nbsp;<\/p>\n<p>Revisa <a href=\"http:\/\/www.todooaxacaradio.com\/category\/invitados\/\" target=\"_blank\">Nuestros Invitados<\/a>, para consultar las cinco entradas especiales de fin de a\u00f1o 2013 de Todo Oaxaca Radio: Cultura; Proyecto Social y Participaci\u00f3n Ciudadana; Educaci\u00f3n; Turismo; y Gobierno y Pol\u00edticas P\u00fablicas.<\/p>\n<p>&nbsp;<\/p>\n<p><a href=\"http:\/\/www.eloriente.net\/home\/wp-content\/uploads\/2014\/01\/Modesto-Seara-.jpg\"><img loading=\"lazy\" decoding=\"async\" class=\"alignnone size-medium wp-image-19139\" title=\"Modesto-Seara-\" src=\"http:\/\/www.eloriente.net\/home\/wp-content\/uploads\/2014\/01\/Modesto-Seara--300x200.jpg\" alt=\"\" width=\"300\" height=\"200\" srcset=\"http:\/\/www.eloriente.net\/home\/wp-content\/uploads\/2014\/01\/Modesto-Seara--300x200.jpg 300w, http:\/\/www.eloriente.net\/home\/wp-content\/uploads\/2014\/01\/Modesto-Seara-.jpg 1000w\" sizes=\"(max-width: 300px) 100vw, 300px\" \/><\/a><\/p>\n<p>&nbsp;<\/p>\n<p><strong>Entradas relacionadas:\u00a0<\/strong><\/p>\n<p><a title=\"Permalink to Todo Oaxaca Radio 2013: Cultura\" href=\"http:\/\/www.eloriente.net\/home\/2013\/12\/26\/todo-oaxaca-radio-2013-cultura\/\" rel=\"bookmark\">Todo Oaxaca Radio 2013: Cultura<\/a><\/p>\n<p><a href=\"http:\/\/www.eloriente.net\/home\/2013\/12\/26\/todo-oaxaca-radio-2013-cultura\/\" rel=\"bookmark\"><img decoding=\"async\" title=\"Todo Oaxaca Radio 2013: Cultura\" src=\"http:\/\/www.eloriente.net\/home\/wp-content\/themes\/city-desk\/timthumb.php?src=http%3A%2F%2Fwww.eloriente.net%2Fhome%2Fwp-content%2Fuploads%2F2013%2F12%2FConductores.jpg&amp;q=90&amp;w=160&amp;h=106&amp;zc=1\" alt=\"Todo Oaxaca Radio 2013: Cultura\" \/><\/a><\/p>\n<p>todooaxacaradio.com 26 de diciembre de 2013 Cada martes, en punto de las 17:00 horas se transmite el programa Todo Oaxaca Radio completamente en vivo desde la Ciudad de Oaxaca de Ju\u00e1rez, a trav\u00e9s de las frecuencias abiertas 570 AM y 94.9 FM, y para todo el mundo a trav\u00e9s de\u00a0www.todooaxacaradio.com. El programa es conducido por [&#8230;]<\/p>\n<p>December 26, 2013<\/p>\n<p><a title=\"Permalink to Escucha a los ni\u00f1os Emily, Alejandra y Javier; Ana Luz Ramos y Emilio Cordero en Todo Oaxaca Radio 17\/Dic\/13\" href=\"http:\/\/www.eloriente.net\/home\/2013\/12\/19\/escucha-a-los-ninos-emily-alejandra-y-javier-ana-luz-ramos-y-emilio-cordero-en-todo-oaxaca-radio-17dic13\/\" rel=\"bookmark\">Escucha a los ni\u00f1os Emily, Alejandra y Javier; Ana Luz Ramos y Emilio Cordero en Todo Oaxaca Radio 17\/Dic\/13<\/a><\/p>\n<p><a href=\"http:\/\/www.eloriente.net\/home\/2013\/12\/19\/escucha-a-los-ninos-emily-alejandra-y-javier-ana-luz-ramos-y-emilio-cordero-en-todo-oaxaca-radio-17dic13\/\" rel=\"bookmark\"><img decoding=\"async\" title=\"Escucha a los ni\u00f1os Emily, Alejandra y Javier; Ana Luz Ramos y Emilio Cordero en Todo Oaxaca Radio 17\/Dic\/13\" src=\"http:\/\/www.eloriente.net\/home\/wp-content\/themes\/city-desk\/timthumb.php?src=http%3A%2F%2Fwww.eloriente.net%2Fhome%2Fwp-content%2Fuploads%2F2013%2F12%2FNi%C3%B1os.jpg&amp;q=90&amp;w=160&amp;h=106&amp;zc=1\" alt=\"Escucha a los ni\u00f1os Emily, Alejandra y Javier; Ana Luz Ramos y Emilio Cordero en Todo Oaxaca Radio 17\/Dic\/13\" \/><\/a><\/p>\n<p>todooaxacaradio.com 19 de diciembre de 2013 Como cada martes, en punto de las 17:00 horas se transmiti\u00f3 el programa Todo Oaxaca Radio completamente en vivo desde la Ciudad de Oaxaca de Ju\u00e1rez, a trav\u00e9s de las frecuencias abiertas 570 AM y 94.9 FM, y para todo el mundo a trav\u00e9s de\u00a0www.todooaxacaradio.com. El programa es conducido [&#8230;]<\/p>\n<p>December 19, 2013<\/p>\n<p><a title=\"Permalink to Escucha a May\u00e9 Mart\u00ednez Arnaud y Adolfo Mart\u00ednez Barrag\u00e1n en Todo Oaxaca Radio 10\/Dic\/13\" href=\"http:\/\/www.eloriente.net\/home\/2013\/12\/12\/escucha-a-maye-martinez-arnaud-y-adolfo-martinez-barragan-en-todo-oaxaca-radio-10dic13\/\" rel=\"bookmark\">Escucha a May\u00e9 Mart\u00ednez Arnaud y Adolfo Mart\u00ednez Barrag\u00e1n en Todo Oaxaca Radio 10\/Dic\/13<\/a><\/p>\n<p><a href=\"http:\/\/www.eloriente.net\/home\/2013\/12\/12\/escucha-a-maye-martinez-arnaud-y-adolfo-martinez-barragan-en-todo-oaxaca-radio-10dic13\/\" rel=\"bookmark\"><img decoding=\"async\" title=\"Escucha a May\u00e9 Mart\u00ednez Arnaud y Adolfo Mart\u00ednez Barrag\u00e1n en Todo Oaxaca Radio 10\/Dic\/13\" src=\"http:\/\/www.eloriente.net\/home\/wp-content\/themes\/city-desk\/timthumb.php?src=http%3A%2F%2Fwww.eloriente.net%2Fhome%2Fwp-content%2Fuploads%2F2013%2F12%2FMay%C3%A9.jpg&amp;q=90&amp;w=160&amp;h=106&amp;zc=1\" alt=\"Escucha a May\u00e9 Mart\u00ednez Arnaud y Adolfo Mart\u00ednez Barrag\u00e1n en Todo Oaxaca Radio 10\/Dic\/13\" \/><\/a><\/p>\n<p>todooaxacaradio.com 11 de diciembre de 2013 Como cada martes, en punto de las 17:00 horas se transmiti\u00f3 el programa Todo Oaxaca Radio completamente en vivo desde la Ciudad de Oaxaca de Ju\u00e1rez, a trav\u00e9s de las frecuencias abiertas 570 AM y 94.9 FM, y para todo el mundo a trav\u00e9s de\u00a0www.todooaxacaradio.com. El programa es conducido [&#8230;]<\/p>\n<p>December 12, 2013<\/p>\n\n\t\t\t  <div \n\t\t\t  \tclass = \"fb-comments\" \n\t\t\t  \tdata-href = \"http:\/\/www.eloriente.net\/home\/2014\/01\/02\/todo-oaxaca-radio-2013-educacion\/\"\n\t\t\t  \tdata-numposts = \"10\"\n\t\t\t\tdata-colorscheme = \"dark\"\n\t\t\t\tdata-order-by = \"social\"\n\t\t\t\tdata-mobile=true>\n\t\t\t  <\/div>\n\t\t  <style>\n\t\t\t.fb_iframe_widget_fluid_desktop iframe {\n\t\t\t    width: 100% !important;\n\t\t\t}\n\t\t  <\/style>\n\t\t  ","protected":false},"excerpt":{"rendered":"<p>todooaxacaradio.com 27 de diciembre de 2013 Cada martes, en punto de las 17:00 horas se transmite el programa Todo Oaxaca Radio completamente en vivo desde la Ciudad de Oaxaca de Ju\u00e1rez, a trav\u00e9s de las frecuencias abiertas 570 AM y 94.9 FM, y para todo el mundo a trav\u00e9s de\u00a0www.todooaxacaradio.com. El programa es conducido por [&hellip;]<\/p>\n","protected":false},"author":26,"featured_media":19139,"comment_status":"open","ping_status":"open","sticky":false,"template":"","format":"standard","meta":{"_jetpack_memberships_contains_paid_content":false,"footnotes":""},"categories":[32,12],"tags":[],"class_list":["post-19138","post","type-post","status-publish","format-standard","has-post-thumbnail","hentry","category-entradas","category-todo-oaxaca-radio"],"jetpack_featured_media_url":"http:\/\/www.eloriente.net\/home\/wp-content\/uploads\/2014\/01\/Modesto-Seara-.jpg","jetpack_sharing_enabled":true,"_links":{"self":[{"href":"http:\/\/www.eloriente.net\/home\/wp-json\/wp\/v2\/posts\/19138"}],"collection":[{"href":"http:\/\/www.eloriente.net\/home\/wp-json\/wp\/v2\/posts"}],"about":[{"href":"http:\/\/www.eloriente.net\/home\/wp-json\/wp\/v2\/types\/post"}],"author":[{"embeddable":true,"href":"http:\/\/www.eloriente.net\/home\/wp-json\/wp\/v2\/users\/26"}],"replies":[{"embeddable":true,"href":"http:\/\/www.eloriente.net\/home\/wp-json\/wp\/v2\/comments?post=19138"}],"version-history":[{"count":2,"href":"http:\/\/www.eloriente.net\/home\/wp-json\/wp\/v2\/posts\/19138\/revisions"}],"predecessor-version":[{"id":19141,"href":"http:\/\/www.eloriente.net\/home\/wp-json\/wp\/v2\/posts\/19138\/revisions\/19141"}],"wp:featuredmedia":[{"embeddable":true,"href":"http:\/\/www.eloriente.net\/home\/wp-json\/wp\/v2\/media\/19139"}],"wp:attachment":[{"href":"http:\/\/www.eloriente.net\/home\/wp-json\/wp\/v2\/media?parent=19138"}],"wp:term":[{"taxonomy":"category","embeddable":true,"href":"http:\/\/www.eloriente.net\/home\/wp-json\/wp\/v2\/categories?post=19138"},{"taxonomy":"post_tag","embeddable":true,"href":"http:\/\/www.eloriente.net\/home\/wp-json\/wp\/v2\/tags?post=19138"}],"curies":[{"name":"wp","href":"https:\/\/api.w.org\/{rel}","templated":true}]}}