{"id":19143,"date":"2014-01-02T11:56:19","date_gmt":"2014-01-02T17:56:19","guid":{"rendered":"http:\/\/www.eloriente.net\/home\/?p=19143"},"modified":"2014-01-02T11:58:41","modified_gmt":"2014-01-02T17:58:41","slug":"oaxaca-villacana-tiene-gran-oportunidad","status":"publish","type":"post","link":"http:\/\/www.eloriente.net\/home\/2014\/01\/02\/oaxaca-villacana-tiene-gran-oportunidad\/","title":{"rendered":"Oaxaca: Villaca\u00f1a tiene gran oportunidad"},"content":{"rendered":"<p>eloriente.net<\/p>\n<p>2 de enero de 2014<\/p>\n<p style=\"text-align: right\">Por: <a href=\"http:\/\/almargenoaxaca.wordpress.com\/author\/almargenoaxaca\/\" target=\"_blank\">Adri\u00e1n Ortiz Romero<\/a><\/p>\n<p><strong>Oaxaca: Villaca\u00f1a tiene gran oportunidad<\/strong><\/p>\n<p><strong>Relevo municipal, gobernabilidad a prueba<\/strong><\/p>\n<p>Ayer se concret\u00f3 en Oaxaca la quinta alternancia de partidos en el gobierno municipal, y contrario a lo que pudiera creerse, Javier Villaca\u00f1a Jim\u00e9nez llega a la alcald\u00eda citadina con una renovada \u2013e inusitada- buena expectativa, que ahora debe matizarse con la madurez y la prudencia propia de quien debe gobernar con sensibilidad, y no con el arrojo de quienes, embriagados por las alternancias disfrazadas de transici\u00f3n, prometen lo que no pueden cumplir y terminan defraudando el buen aliento de la ciudadan\u00eda.<\/p>\n<p>En efecto, Oaxaca de Ju\u00e1rez es uno de esos extra\u00f1os escenarios de la entidad, que hoy en d\u00eda ha sido gobernada por la mayor\u00eda de las principales expresiones y fuerzas partidistas con presencia en el estado. Hasta 1996 el gobierno municipal estuvo en manos del PRI; en ese a\u00f1o, y hasta 2001 estuvo en manos del PAN, para luego pasar a manos del antiguo Partido Convergencia, quien en 2004 perdi\u00f3 los comicios a manos del PRI, que recuper\u00f3 la alcald\u00eda, hasta 2010 que nuevamente pas\u00f3 a manos del PAN, con Luis Ugartechea Begu\u00e9. Hoy, en la quinta alternancia, el poder regresa al PRI. Es momento en que la prudencia y la concreci\u00f3n, sean el buen fario de este gobierno frente a una ciudadan\u00eda que, sorprendentemente, no ha llegado a la desilusi\u00f3n, que parecer\u00eda natural ante los fracasos recurrentes de los sucesivos gobiernos.<\/p>\n<p>En ese escenario, Javier Villaca\u00f1a tiene una oportunidad inmejorable, que debe honrar con un buen gobierno. \u00bfPor qu\u00e9? Porque en \u00e9l se combinan una reputaci\u00f3n propia \u2013ganada a pulso en la brega social con los sectores populares de la capital oaxaque\u00f1a- con un escenario en el que Oaxaca de Ju\u00e1rez necesita un proceso de rescate urgente, que lo aleje de las disputas pol\u00edticas o por el poder, y ponga en el centro de atenci\u00f3n la necesidad de atender los problemas de la ciudad. Eso, que parece tan simple, es lo que ha faltado en los \u00faltimos lustros.<\/p>\n<p>Y es que Oaxaca de Ju\u00e1rez, como caja de resonancia de los problemas pol\u00edticos y sociales de la entidad, ha sido siempre uno de los espacios que ha pagado las consecuencias de las efervescencias partidistas y la lucha por el poder. Ha sido natural que los gobernantes municipales tengan aspiraciones pol\u00edticas, y que esas aspiraciones los terminen alejando del Gobernador en turno. Ese alejamiento ha derivado -en una recurrencia que casi parece cr\u00f3nica- en enfrentamiento; y en el enfrentamiento, quien paga los costos es la ciudad debido a la depresi\u00f3n en la calidad de los servicios y en el funcionamiento y eficacia del propio gobierno municipal.<\/p>\n<p>Villaca\u00f1a tiene un escenario distinto. \u00c9l mismo parece asumir que su posici\u00f3n no es la de llegar al enfrentamiento con el gobierno estatal en turno; tambi\u00e9n parece quedarle claro que su papel no debe ser el de un candidato anticipado en campa\u00f1a de tres a\u00f1os rumbo a un cargo de superior jerarqu\u00eda. Y tambi\u00e9n debe quedarle bien claro que su posici\u00f3n de aliado hist\u00f3rico de los sectores populares de la capital, le permite mucho, pero no ponerse a delirar en promesas y acciones que no podr\u00e1 concretar en los tres a\u00f1os que tiene como gobernante citadino.<\/p>\n<p>El \u00e1nimo citadino es inusitadamente alentador. En campa\u00f1a demostr\u00f3 que pudo ganarle a todo un aparato de gobierno que estaba volcado a trabajar a favor de su candidato. Con su triunfo demostr\u00f3 que ten\u00eda claridad respecto a la mayor\u00eda que lo respald\u00f3. Y con su unci\u00f3n como gobernante \u2013cuesti\u00f3n que transcurri\u00f3 con gran afluencia (pol\u00edtica, con la presencia de representantes de los Tres Poderes del Estado; y de ciudadan\u00eda, con un auditorio a reventar), y sin ning\u00fan incidente- demostr\u00f3 que tiene capacidad de aglutinar y dialogar con los de su partido, pero tambi\u00e9n con los adversarios de otras fuerzas pol\u00edticas.<\/p>\n<p><strong>El beneficio de la duda<\/strong><\/p>\n<p>Villaca\u00f1a afirm\u00f3, en el discurso de arranque de su gobierno, que buscar\u00e1 cambiar a Oaxaca con acciones concretas que busquen responder a las demandas de la ciudadan\u00eda. Queda claro que la capital oaxaque\u00f1a ya no necesita aspirantes eternos ni pol\u00edticos profesionales, sino personas con capacidad de hacer lo necesario por atender problemas concretos que preocupan a todos. Villaca\u00f1a anunci\u00f3 un plan en cinco ejes para atender diversos temas sensibles; y un plan de 100 d\u00edas con el que pretende dar una primera demostraci\u00f3n de eficacia a una ciudadan\u00eda que est\u00e1 \u00e1vida de respuestas.<\/p>\n<p>Por eso, a partir de ahora el nuevo Edil citadino debe alejarse de las posiciones fr\u00edvolas, los excesos y las decisiones facciosas, y debe honrar la promesa de gobernar para todos, de hablar con todos, y de buscar atender las preocupaciones de todos los sectores de la ciudadan\u00eda, al margen de si est\u00e1n o no de acuerdo con sus posiciones pol\u00edticas. Villaca\u00f1a debe alejarse tambi\u00e9n de la tentaci\u00f3n de sentirse anticipadamente como un aspirante a otros cargos, y asumir que su compromiso debe centrarse en terminar su gobierno con el mismo respaldo ciudadano y madurez propia como pol\u00edtico que como arranc\u00f3, y que cometer\u00e1 un error grav\u00edsimo si asume antes de tiempo que la ciudad puede ser su trampol\u00edn para las aspiraciones que naturalmente debe tener para los tiempos siguientes.<\/p>\n<p>Oaxaca necesita respuestas concretas a problemas espec\u00edficos. Debe asumir que recibe una ciudad con problemas y deficiencias graves, que van desde el mal manejo de los residuos, pasando por la inseguridad, los bloqueos, la informalidad y el ambulantaje, y hasta los recelos naturales de otros \u2013tambi\u00e9n con poder- que desde ayer lo ven como rival. Si logra encontrar el punto de equilibrio para ir respondiendo a esas necesidades sin romper los equilibrios que debe guardar, entonces habr\u00e1 superado con creces una de las pruebas que, sin ninguna duda, han reprobado las m\u00e1s recientes autoridades municipales en Oaxaca.<\/p>\n<p>Este parece un comienzo distinto, que Villaca\u00f1a debe aprovechar. Debe tomar a su favor la quinta alternancia, en la que propios y extra\u00f1os han demostrado no haber estado a la altura del reto de Oaxaca; debe valerse tambi\u00e9n de que la ciudadan\u00eda exige resultados antes que pol\u00edtica; y debe establecer un escenario en el que \u00e9l no sea \u00e9l la v\u00edctima de sus propias aspiraciones y retos como gobernante. Hoy tiene el beneficio de la duda. \u00bfPodr\u00e1 conseguirlo?<\/p>\n<p><strong>Relevos municipales<\/strong><\/p>\n<p>Informaba ayer la Secretar\u00eda de Gobierno que, salvo efervescencias naturales aisladas del cambio de autoridades en 570 municipios, el relevo en los Ayuntamientos transit\u00f3 en calma. Ojal\u00e1 que en municipios emblem\u00e1ticamente problem\u00e1ticos, como Santa Luc\u00eda del Camino, haya claridad para seguir caminando en el marco de la civilidad.<\/p>\n<p>&nbsp;<\/p>\n<p><a href=\"http:\/\/www.eloriente.net\/home\/wp-content\/uploads\/2014\/01\/0031.jpg\"><img loading=\"lazy\" decoding=\"async\" class=\"alignnone size-medium wp-image-19144\" src=\"http:\/\/www.eloriente.net\/home\/wp-content\/uploads\/2014\/01\/0031-300x200.jpg\" alt=\"\" width=\"300\" height=\"200\" srcset=\"http:\/\/www.eloriente.net\/home\/wp-content\/uploads\/2014\/01\/0031-300x200.jpg 300w, http:\/\/www.eloriente.net\/home\/wp-content\/uploads\/2014\/01\/0031-1024x682.jpg 1024w, http:\/\/www.eloriente.net\/home\/wp-content\/uploads\/2014\/01\/0031.jpg 1920w\" sizes=\"(max-width: 300px) 100vw, 300px\" \/><\/a><\/p>\n<p>Foto: H. Ayuntamiento de Oaxaca de Ju\u00e1rez<\/p>\n<p>&nbsp;<\/p>\n<p><strong>Entradas relacionadas:\u00a0<\/strong><\/p>\n<p><a title=\"Permalink to PRI va en serio por la \u2018rescentralizaci\u00f3n\u2019 del poder\" href=\"http:\/\/www.eloriente.net\/home\/2013\/12\/21\/pri-va-en-serio-por-la-rescentralizacion-del-poder\/\" rel=\"bookmark\">PRI va en serio por la \u2018rescentralizaci\u00f3n\u2019 del poder<\/a><\/p>\n<p><a href=\"http:\/\/www.eloriente.net\/home\/2013\/12\/21\/pri-va-en-serio-por-la-rescentralizacion-del-poder\/\" rel=\"bookmark\"><img decoding=\"async\" src=\"http:\/\/www.eloriente.net\/home\/wp-content\/themes\/city-desk\/timthumb.php?src=http%3A%2F%2Fwww.eloriente.net%2Fhome%2Fwp-content%2Fuploads%2F2013%2F08%2F%40EPN-Enrique-Pe%C3%B1a-captura-spots-primer-informe.jpg&amp;q=90&amp;w=160&amp;h=106&amp;zc=1\" alt=\"PRI va en serio por la \u2018rescentralizaci\u00f3n\u2019 del poder\" \/><\/a><\/p>\n<p>eloriente.net 21 de diciembre de 2013 Por: Adri\u00e1n Ortiz Romero + El PRI va en serio por la rescentralizaci\u00f3n del poder + Las opciones son pocas, si oposici\u00f3n sigue perdida Ayer fue promulgado el contenido constitucional de la Reforma Energ\u00e9tica. Con eso, el gobierno federal, y el PRI, terminan el a\u00f1o demostrando que a pesar [&#8230;]<\/p>\n<p>December 21, 2013<\/p>\n<div>\n<p><a title=\"Permalink to Con Reforma Energ\u00e9tica, liquidemos la Federaci\u00f3n\" href=\"http:\/\/www.eloriente.net\/home\/2013\/12\/16\/con-reforma-energetica-liquidemos-la-federacion-2\/\" rel=\"bookmark\">Con Reforma Energ\u00e9tica, liquidemos la Federaci\u00f3n<\/a><\/p>\n<p><a href=\"http:\/\/www.eloriente.net\/home\/2013\/12\/16\/con-reforma-energetica-liquidemos-la-federacion-2\/\" rel=\"bookmark\"><img decoding=\"async\" src=\"http:\/\/www.eloriente.net\/home\/wp-content\/themes\/city-desk\/timthumb.php?src=http%3A%2F%2Fwww.eloriente.net%2Fhome%2Fwp-content%2Fuploads%2F2013%2F07%2FPemex-Algunos-derechos-reservados-por-rutlo-flickr.jpg&amp;q=90&amp;w=160&amp;h=106&amp;zc=1\" alt=\"Con Reforma Energ\u00e9tica, liquidemos la Federaci\u00f3n\" \/><\/a><\/p>\n<p>eloriente.net\/Adri\u00e1n Ortiz Romero 16 de diciembre de 2013 Por:\u00a0Adri\u00e1n Ortiz Romero + Con Reforma Energ\u00e9tica, liquidemos la Federaci\u00f3n + Las entidades federativas, como ap\u00e9ndices de EPN Casi al finalizar la semana pasada la C\u00e1mara de Diputados aprob\u00f3, v\u00eda fast track, el proyecto de reformas a la Constituci\u00f3n en materia de energ\u00e9ticos. Y en menos de [&#8230;]<\/p>\n<p>December 16, 2013<\/p>\n<\/div>\n<div>\n<p><a title=\"Permalink to Comparencias, lamentable que no sirvan\" href=\"http:\/\/www.eloriente.net\/home\/2013\/12\/11\/comparencias-lamentable-que-no-sirvan\/\" rel=\"bookmark\">Comparencias, lamentable que no sirvan<\/a><\/p>\n<p><a href=\"http:\/\/www.eloriente.net\/home\/2013\/12\/11\/comparencias-lamentable-que-no-sirvan\/\" rel=\"bookmark\"><img decoding=\"async\" src=\"http:\/\/www.eloriente.net\/home\/wp-content\/themes\/city-desk\/timthumb.php?src=http%3A%2F%2Fwww.eloriente.net%2Fhome%2Fwp-content%2Fuploads%2F2013%2F09%2FPleno-congresooaxaca.gob_.mx_.jpg&amp;q=90&amp;w=160&amp;h=106&amp;zc=1\" alt=\"Comparencias, lamentable que no sirvan\" \/><\/a><\/p>\n<p>eloriente.net 11 de diciembre de 2013 + Comparecencias: lamentable, que no sirvan + No hay consecuencias, ni reproches morales Nuevamente comenzaron las comparecencias, y m\u00e1s all\u00e1 del circo medi\u00e1tico y la faramalla que implica el enfrentar cara a cara con los secretarios del gobierno estatal con los diputados, lo que queda claro es que ese [&#8230;]<\/p>\n<p>December 11, 2013<\/p>\n<\/div>\n\n\t\t\t  <div \n\t\t\t  \tclass = \"fb-comments\" \n\t\t\t  \tdata-href = \"http:\/\/www.eloriente.net\/home\/2014\/01\/02\/oaxaca-villacana-tiene-gran-oportunidad\/\"\n\t\t\t  \tdata-numposts = \"10\"\n\t\t\t\tdata-colorscheme = \"dark\"\n\t\t\t\tdata-order-by = \"social\"\n\t\t\t\tdata-mobile=true>\n\t\t\t  <\/div>\n\t\t  <style>\n\t\t\t.fb_iframe_widget_fluid_desktop iframe {\n\t\t\t    width: 100% !important;\n\t\t\t}\n\t\t  <\/style>\n\t\t  ","protected":false},"excerpt":{"rendered":"<p>eloriente.net 2 de enero de 2014 Por: Adri\u00e1n Ortiz Romero Oaxaca: Villaca\u00f1a tiene gran oportunidad Relevo municipal, gobernabilidad a prueba Ayer se concret\u00f3 en Oaxaca la quinta alternancia de partidos en el gobierno municipal, y contrario a lo que pudiera creerse, Javier Villaca\u00f1a Jim\u00e9nez llega a la alcald\u00eda citadina con una renovada \u2013e inusitada- buena [&hellip;]<\/p>\n","protected":false},"author":2,"featured_media":19144,"comment_status":"open","ping_status":"open","sticky":false,"template":"","format":"standard","meta":{"_jetpack_memberships_contains_paid_content":false,"footnotes":""},"categories":[38,29,11,32,10,23,21],"tags":[],"class_list":["post-19143","post","type-post","status-publish","format-standard","has-post-thumbnail","hentry","category-adrian-ortiz-romero","category-capital","category-colaboradores","category-entradas","category-lo-mas-reciente","category-municipios","category-politica-y-gobierno"],"jetpack_featured_media_url":"http:\/\/www.eloriente.net\/home\/wp-content\/uploads\/2014\/01\/0031.jpg","jetpack_sharing_enabled":true,"_links":{"self":[{"href":"http:\/\/www.eloriente.net\/home\/wp-json\/wp\/v2\/posts\/19143"}],"collection":[{"href":"http:\/\/www.eloriente.net\/home\/wp-json\/wp\/v2\/posts"}],"about":[{"href":"http:\/\/www.eloriente.net\/home\/wp-json\/wp\/v2\/types\/post"}],"author":[{"embeddable":true,"href":"http:\/\/www.eloriente.net\/home\/wp-json\/wp\/v2\/users\/2"}],"replies":[{"embeddable":true,"href":"http:\/\/www.eloriente.net\/home\/wp-json\/wp\/v2\/comments?post=19143"}],"version-history":[{"count":3,"href":"http:\/\/www.eloriente.net\/home\/wp-json\/wp\/v2\/posts\/19143\/revisions"}],"predecessor-version":[{"id":19146,"href":"http:\/\/www.eloriente.net\/home\/wp-json\/wp\/v2\/posts\/19143\/revisions\/19146"}],"wp:featuredmedia":[{"embeddable":true,"href":"http:\/\/www.eloriente.net\/home\/wp-json\/wp\/v2\/media\/19144"}],"wp:attachment":[{"href":"http:\/\/www.eloriente.net\/home\/wp-json\/wp\/v2\/media?parent=19143"}],"wp:term":[{"taxonomy":"category","embeddable":true,"href":"http:\/\/www.eloriente.net\/home\/wp-json\/wp\/v2\/categories?post=19143"},{"taxonomy":"post_tag","embeddable":true,"href":"http:\/\/www.eloriente.net\/home\/wp-json\/wp\/v2\/tags?post=19143"}],"curies":[{"name":"wp","href":"https:\/\/api.w.org\/{rel}","templated":true}]}}